{"id":120008,"date":"2024-06-20T06:04:30","date_gmt":"2024-06-20T09:04:30","guid":{"rendered":"https:\/\/www.blogdopaulonunes.com\/v5\/?p=120008"},"modified":"2024-06-20T06:04:30","modified_gmt":"2024-06-20T09:04:30","slug":"menina-de-sp-e-estuprada-pelo-namorado-da-avo-e-vai-para-ba-interromper-gestacao","status":"publish","type":"post","link":"https:\/\/www.blogdopaulonunes.com\/v5\/index.php\/2024\/06\/20\/menina-de-sp-e-estuprada-pelo-namorado-da-avo-e-vai-para-ba-interromper-gestacao\/","title":{"rendered":"Menina de SP \u00e9 estuprada pelo namorado da av\u00f3 e vai para BA interromper gesta\u00e7\u00e3o"},"content":{"rendered":"<p style=\"text-align: justify;\">Uma mulher de 30 anos, identificada como V\u00e2nia (nome fict\u00edcio), de Guarulhos (Grande SP), compartilhou a dif\u00edcil jornada de sua filha Karen (nome fict\u00edcio), que aos 14 anos foi v\u00edtima de abuso pelo marido de sua av\u00f3. A descoberta veio quando Karen, na 29\u00aa semana de gesta\u00e7\u00e3o, mencionou sentir algo se movendo em sua barriga. \u201cMinha filha sempre pergunta: \u2018e a\u00ed, m\u00e3e, n\u00e3o vai acontecer nada com ele? Por que ele n\u00e3o foi preso se ele cometeu um crime?&#8217;\u201d, lamentou V\u00e2nia, revelando a dor e a impunidade que cercam o caso.<\/p>\n<p style=\"text-align: justify;\">Ap\u00f3s o registro do boletim de ocorr\u00eancia, m\u00e3e e filha enfrentaram obst\u00e1culos para interromper a gravidez legalmente em S\u00e3o Paulo, devido a restri\u00e7\u00f5es nos hospitais locais. A solu\u00e7\u00e3o veio com uma viagem de \u00f4nibus at\u00e9 Salvador (BA), onde finalmente puderam realizar o procedimento de aborto, quando Karen j\u00e1 estava com 31 semanas de gesta\u00e7\u00e3o.<\/p>\n<p style=\"text-align: justify;\">O caso levanta debates sobre legisla\u00e7\u00f5es e a prote\u00e7\u00e3o \u00e0s v\u00edtimas de estupro. Enquanto o PL 1904, conhecido como \u201dPL do estupro\u201d, avan\u00e7a na C\u00e2mara dos Deputados, muitas vozes se levantam contra, argumentando que tais medidas colocam mais peso sobre as v\u00edtimas, em vez de punir os agressores.<\/p>\n<div id=\"dmp-v-cont1\" class=\"jba filled\" data-google-query-id=\"CN67_tvo6YYDFdy7lQIdiGYNow\">\n<div id=\"google_ads_iframe_\/21622511100,54925924\/diariodocentrodomundo_multisize_1__container__\"><\/div>\n<\/div>\n<div class=\"twitter-tweet twitter-tweet-rendered\"><iframe id=\"twitter-widget-0\" class=\"\" title=\"X Post\" src=\"https:\/\/platform.twitter.com\/embed\/Tweet.html?dnt=true&amp;embedId=twitter-widget-0&amp;features=eyJ0ZndfdGltZWxpbmVfbGlzdCI6eyJidWNrZXQiOltdLCJ2ZXJzaW9uIjpudWxsfSwidGZ3X2ZvbGxvd2VyX2NvdW50X3N1bnNldCI6eyJidWNrZXQiOnRydWUsInZlcnNpb24iOm51bGx9LCJ0ZndfdHdlZXRfZWRpdF9iYWNrZW5kIjp7ImJ1Y2tldCI6Im9uIiwidmVyc2lvbiI6bnVsbH0sInRmd19yZWZzcmNfc2Vzc2lvbiI6eyJidWNrZXQiOiJvbiIsInZlcnNpb24iOm51bGx9LCJ0ZndfZm9zbnJfc29mdF9pbnRlcnZlbnRpb25zX2VuYWJsZWQiOnsiYnVja2V0Ijoib24iLCJ2ZXJzaW9uIjpudWxsfSwidGZ3X21peGVkX21lZGlhXzE1ODk3Ijp7ImJ1Y2tldCI6InRyZWF0bWVudCIsInZlcnNpb24iOm51bGx9LCJ0ZndfZXhwZXJpbWVudHNfY29va2llX2V4cGlyYXRpb24iOnsiYnVja2V0IjoxMjA5NjAwLCJ2ZXJzaW9uIjpudWxsfSwidGZ3X3Nob3dfYmlyZHdhdGNoX3Bpdm90c19lbmFibGVkIjp7ImJ1Y2tldCI6Im9uIiwidmVyc2lvbiI6bnVsbH0sInRmd19kdXBsaWNhdGVfc2NyaWJlc190b19zZXR0aW5ncyI6eyJidWNrZXQiOiJvbiIsInZlcnNpb24iOm51bGx9LCJ0ZndfdXNlX3Byb2ZpbGVfaW1hZ2Vfc2hhcGVfZW5hYmxlZCI6eyJidWNrZXQiOiJvbiIsInZlcnNpb24iOm51bGx9LCJ0ZndfdmlkZW9faGxzX2R5bmFtaWNfbWFuaWZlc3RzXzE1MDgyIjp7ImJ1Y2tldCI6InRydWVfYml0cmF0ZSIsInZlcnNpb24iOm51bGx9LCJ0ZndfbGVnYWN5X3RpbWVsaW5lX3N1bnNldCI6eyJidWNrZXQiOnRydWUsInZlcnNpb24iOm51bGx9LCJ0ZndfdHdlZXRfZWRpdF9mcm9udGVuZCI6eyJidWNrZXQiOiJvbiIsInZlcnNpb24iOm51bGx9fQ%3D%3D&amp;frame=false&amp;hideCard=false&amp;hideThread=false&amp;id=1801387832394592498&amp;lang=pt&amp;origin=https%3A%2F%2Fwww.diariodocentrodomundo.com.br%2Fessencial%2Fmenina-de-sp-e-estuprada-pelo-namorado-da-avo-e-vai-para-ba-interromper-gestacao%2F&amp;sessionId=119dfe6fd5ecc99b25413a1867066c3768771e58&amp;siteScreenName=libdemvoice&amp;theme=light&amp;widgetsVersion=2615f7e52b7e0%3A1702314776716&amp;width=550px\" frameborder=\"0\" scrolling=\"no\" allowfullscreen=\"allowfullscreen\" data-tweet-id=\"1801387832394592498\" data-mce-fragment=\"1\"><\/iframe><\/div>\n<p>&nbsp;<\/p>\n","protected":false},"excerpt":{"rendered":"<p>Uma mulher de 30 anos, identificada como V\u00e2nia (nome fict\u00edcio), de Guarulhos (Grande SP), compartilhou a dif\u00edcil jornada de sua filha Karen (nome fict\u00edcio), que aos 14 anos foi v\u00edtima de abuso pelo marido de sua av\u00f3. A descoberta veio quando Karen, na 29\u00aa semana de gesta\u00e7\u00e3o, mencionou sentir algo se movendo em sua barriga. [&hellip;]<\/p>\n","protected":false},"author":2,"featured_media":120009,"comment_status":"open","ping_status":"open","sticky":false,"template":"","format":"standard","meta":[],"categories":[128,71],"tags":[4283,1428,4311,4312],"_links":{"self":[{"href":"https:\/\/www.blogdopaulonunes.com\/v5\/index.php\/wp-json\/wp\/v2\/posts\/120008"}],"collection":[{"href":"https:\/\/www.blogdopaulonunes.com\/v5\/index.php\/wp-json\/wp\/v2\/posts"}],"about":[{"href":"https:\/\/www.blogdopaulonunes.com\/v5\/index.php\/wp-json\/wp\/v2\/types\/post"}],"author":[{"embeddable":true,"href":"https:\/\/www.blogdopaulonunes.com\/v5\/index.php\/wp-json\/wp\/v2\/users\/2"}],"replies":[{"embeddable":true,"href":"https:\/\/www.blogdopaulonunes.com\/v5\/index.php\/wp-json\/wp\/v2\/comments?post=120008"}],"version-history":[{"count":1,"href":"https:\/\/www.blogdopaulonunes.com\/v5\/index.php\/wp-json\/wp\/v2\/posts\/120008\/revisions"}],"predecessor-version":[{"id":120010,"href":"https:\/\/www.blogdopaulonunes.com\/v5\/index.php\/wp-json\/wp\/v2\/posts\/120008\/revisions\/120010"}],"wp:featuredmedia":[{"embeddable":true,"href":"https:\/\/www.blogdopaulonunes.com\/v5\/index.php\/wp-json\/wp\/v2\/media\/120009"}],"wp:attachment":[{"href":"https:\/\/www.blogdopaulonunes.com\/v5\/index.php\/wp-json\/wp\/v2\/media?parent=120008"}],"wp:term":[{"taxonomy":"category","embeddable":true,"href":"https:\/\/www.blogdopaulonunes.com\/v5\/index.php\/wp-json\/wp\/v2\/categories?post=120008"},{"taxonomy":"post_tag","embeddable":true,"href":"https:\/\/www.blogdopaulonunes.com\/v5\/index.php\/wp-json\/wp\/v2\/tags?post=120008"}],"curies":[{"name":"wp","href":"https:\/\/api.w.org\/{rel}","templated":true}]}}