{"id":120005,"date":"2024-06-20T05:47:41","date_gmt":"2024-06-20T08:47:41","guid":{"rendered":"https:\/\/www.blogdopaulonunes.com\/v5\/?p=120005"},"modified":"2024-06-20T05:47:41","modified_gmt":"2024-06-20T08:47:41","slug":"deputada-bolsonarista-silvia-waiapi-tem-mandato-cassado-pelo-tre-ap","status":"publish","type":"post","link":"https:\/\/www.blogdopaulonunes.com\/v5\/index.php\/2024\/06\/20\/deputada-bolsonarista-silvia-waiapi-tem-mandato-cassado-pelo-tre-ap\/","title":{"rendered":"Deputada bolsonarista Silvia Wai\u00e3pi tem mandato cassado pelo TRE-AP"},"content":{"rendered":"<p style=\"text-align: justify;\">O Tribunal Regional Eleitoral do Amap\u00e1 (TRE-AP) decidiu, nesta quarta-feira (19), pela cassa\u00e7\u00e3o do mandato da deputada federal Silvia Wai\u00e3pi (PL-AP). A decis\u00e3o foi tomada ap\u00f3s os desembargadores rejeitarem a presta\u00e7\u00e3o de contas da parlamentar, que teria utilizado verba p\u00fablica de campanha para realizar um procedimento de harmoniza\u00e7\u00e3o facial durante as elei\u00e7\u00f5es de 2022.<\/p>\n<p style=\"text-align: justify;\">A decis\u00e3o ainda cabe recurso ao Tribunal Superior Eleitoral (TSE). O Minist\u00e9rio P\u00fablico Eleitoral (MPE) denunciou a pol\u00edtica bolsonarista por gastar R$ 9 mil dos recursos destinados \u00e0 campanha em procedimentos est\u00e9ticos em um consult\u00f3rio odontol\u00f3gico em Macap\u00e1, capital do Amap\u00e1.<\/p>\n<p style=\"text-align: justify;\">A den\u00fancia aponta que o procedimento foi realizado em 29 de agosto de 2022, em pleno per\u00edodo de campanha eleitoral. Nesse mesmo dia, a deputada federal recebeu recursos do Fundo Especial de Financiamento de Campanha (FEFC).<\/p>\n<figure id=\"attachment_1184785\" class=\"wp-caption aligncenter\" aria-describedby=\"caption-attachment-1184785\"><img loading=\"lazy\" class=\"size-full wp-image-1184785\" src=\"https:\/\/controle.diariodocentrodomundo.com.br\/wp-content\/uploads\/2024\/06\/h2-deputada-bolsonarista-cassada.png\" sizes=\"(max-width: 1000px) 100vw, 1000px\" srcset=\"https:\/\/www.diariodocentrodomundo.com.br\/wp-content\/uploads\/2024\/06\/h2-deputada-bolsonarista-cassada.png 1000w, https:\/\/www.diariodocentrodomundo.com.br\/wp-content\/uploads\/2024\/06\/h2-deputada-bolsonarista-cassada-300x200.png 300w, https:\/\/www.diariodocentrodomundo.com.br\/wp-content\/uploads\/2024\/06\/h2-deputada-bolsonarista-cassada-600x400.png 600w, https:\/\/www.diariodocentrodomundo.com.br\/wp-content\/uploads\/2024\/06\/h2-deputada-bolsonarista-cassada-768x512.png 768w, https:\/\/www.diariodocentrodomundo.com.br\/wp-content\/uploads\/2024\/06\/h2-deputada-bolsonarista-cassada-630x420.png 630w, https:\/\/www.diariodocentrodomundo.com.br\/wp-content\/uploads\/2024\/06\/h2-deputada-bolsonarista-cassada-640x427.png 640w, https:\/\/www.diariodocentrodomundo.com.br\/wp-content\/uploads\/2024\/06\/h2-deputada-bolsonarista-cassada-681x454.png 681w, https:\/\/www.diariodocentrodomundo.com.br\/wp-content\/uploads\/2024\/06\/h2-deputada-bolsonarista-cassada-150x100.png 150w\" alt=\"Deputada federal Silvia Wai\u00e3pi falando em microfone com express\u00e3o s\u00e9ria, de \u00f3culos e cabelo solto, sentada\" width=\"1000\" height=\"667\" \/><figcaption id=\"caption-attachment-1184785\" class=\"wp-caption-text\">Deputada federal Silvia Wai\u00e3pi (PL-AP) \u2013 Reprodu\u00e7\u00e3o<\/figcaption><\/figure>\n<p>Silvia Wai\u00e3pi, ind\u00edgena e apoiadora do ex-presidente Jair Bolsonaro (PL), obteve 5.435 votos (1,28%) nas elei\u00e7\u00f5es, sendo eleita por m\u00e9dia. A cassa\u00e7\u00e3o de seu mandato representa um impacto significativo no cen\u00e1rio pol\u00edtico local, dado seu apoio expressivo ao ex-mandat\u00e1rio.<\/p>\n<p>De acordo com a den\u00fancia, al\u00e9m dos R$ 9 mil destinados \u00e0 harmoniza\u00e7\u00e3o facial, a parlamentar apresentou \u00e0 Corte Eleitoral um total de R$ 39.454,70 em gastos de campanha. Desse montante, apenas R$ 20 mil foram destinados a servi\u00e7os de marketing digital, cerimonial e produ\u00e7\u00e3o de v\u00eddeos. Os R$ 19.454,70 restantes foram gastos com outras despesas, incluindo o procedimento est\u00e9tico.<\/p>\n<p>A defesa da deputada Silvia Wai\u00e3pi ainda pode recorrer ao Tribunal Superior Eleitoral (TSE) para tentar reverter a decis\u00e3o do TRE-AP.<\/p>\n","protected":false},"excerpt":{"rendered":"<p>O Tribunal Regional Eleitoral do Amap\u00e1 (TRE-AP) decidiu, nesta quarta-feira (19), pela cassa\u00e7\u00e3o do mandato da deputada federal Silvia Wai\u00e3pi (PL-AP). A decis\u00e3o foi tomada ap\u00f3s os desembargadores rejeitarem a presta\u00e7\u00e3o de contas da parlamentar, que teria utilizado verba p\u00fablica de campanha para realizar um procedimento de harmoniza\u00e7\u00e3o facial durante as elei\u00e7\u00f5es de 2022. A [&hellip;]<\/p>\n","protected":false},"author":2,"featured_media":120006,"comment_status":"open","ping_status":"open","sticky":false,"template":"","format":"standard","meta":[],"categories":[23,105],"tags":[4309,4308,4307,4310],"_links":{"self":[{"href":"https:\/\/www.blogdopaulonunes.com\/v5\/index.php\/wp-json\/wp\/v2\/posts\/120005"}],"collection":[{"href":"https:\/\/www.blogdopaulonunes.com\/v5\/index.php\/wp-json\/wp\/v2\/posts"}],"about":[{"href":"https:\/\/www.blogdopaulonunes.com\/v5\/index.php\/wp-json\/wp\/v2\/types\/post"}],"author":[{"embeddable":true,"href":"https:\/\/www.blogdopaulonunes.com\/v5\/index.php\/wp-json\/wp\/v2\/users\/2"}],"replies":[{"embeddable":true,"href":"https:\/\/www.blogdopaulonunes.com\/v5\/index.php\/wp-json\/wp\/v2\/comments?post=120005"}],"version-history":[{"count":1,"href":"https:\/\/www.blogdopaulonunes.com\/v5\/index.php\/wp-json\/wp\/v2\/posts\/120005\/revisions"}],"predecessor-version":[{"id":120007,"href":"https:\/\/www.blogdopaulonunes.com\/v5\/index.php\/wp-json\/wp\/v2\/posts\/120005\/revisions\/120007"}],"wp:featuredmedia":[{"embeddable":true,"href":"https:\/\/www.blogdopaulonunes.com\/v5\/index.php\/wp-json\/wp\/v2\/media\/120006"}],"wp:attachment":[{"href":"https:\/\/www.blogdopaulonunes.com\/v5\/index.php\/wp-json\/wp\/v2\/media?parent=120005"}],"wp:term":[{"taxonomy":"category","embeddable":true,"href":"https:\/\/www.blogdopaulonunes.com\/v5\/index.php\/wp-json\/wp\/v2\/categories?post=120005"},{"taxonomy":"post_tag","embeddable":true,"href":"https:\/\/www.blogdopaulonunes.com\/v5\/index.php\/wp-json\/wp\/v2\/tags?post=120005"}],"curies":[{"name":"wp","href":"https:\/\/api.w.org\/{rel}","templated":true}]}}