{"id":119833,"date":"2024-06-06T19:48:59","date_gmt":"2024-06-06T22:48:59","guid":{"rendered":"https:\/\/www.blogdopaulonunes.com\/v5\/?p=119833"},"modified":"2024-06-06T19:57:36","modified_gmt":"2024-06-06T22:57:36","slug":"abate-de-bovinos-avanca-246-no-primeiro-trimestre-no-brasil-e-marca-novo-recorde-diz-ibge","status":"publish","type":"post","link":"https:\/\/www.blogdopaulonunes.com\/v5\/index.php\/2024\/06\/06\/abate-de-bovinos-avanca-246-no-primeiro-trimestre-no-brasil-e-marca-novo-recorde-diz-ibge\/","title":{"rendered":"Abate de bovinos avan\u00e7a 24,6% no primeiro trimestre no Brasil e marca novo recorde, diz IBGE"},"content":{"rendered":"<p style=\"text-align: justify;\"><span style=\"color: #ff0000;\">Com os pre\u00e7os da arroba bovina encerrando o primeiro trimestre cerca de 20% abaixo do mesmo per\u00edodo do ano passado, produtores elevaram o abate de f\u00eameas<\/span><\/p>\n<p style=\"text-align: justify;\"><b>S\u00c3O PAULO (Reuters)<\/b>\u00a0&#8211; O abate de bovinos no Brasil avan\u00e7ou 24,6% no primeiro trimestre em rela\u00e7\u00e3o ao mesmo per\u00edodo do ano passado, marcando um novo recorde trimestral da s\u00e9rie hist\u00f3rica iniciada em 1997, enquanto os volumes da exporta\u00e7\u00e3o seguem firmes e a pecu\u00e1ria vive um ciclo de maior oferta, de acordo com dados do Instituto Brasileiro de Geografia e Estat\u00edstica (IBGE).<\/p>\n<p style=\"text-align: justify;\">O Brasil registrou nos primeiros tr\u00eas meses do ano abates de 9,30 milh\u00f5es de cabe\u00e7as bovinas, de acordo com dados que consideram algum tipo de servi\u00e7o de inspe\u00e7\u00e3o sanit\u00e1ria. Na compara\u00e7\u00e3o com o quatro trimestre de 2023, o crescimento foi de 1,6%.<\/p>\n<p style=\"text-align: justify;\">Com os pre\u00e7os da arroba bovina encerrando o primeiro trimestre cerca de 20% abaixo do mesmo per\u00edodo do ano passado, produtores elevaram o abate de f\u00eameas, que aumentou 28,2% em rela\u00e7\u00e3o ao primeiro trimestre de 2023, apresentando o resultado mais elevado de toda a s\u00e9rie hist\u00f3rica para a categoria.<\/p>\n<p style=\"text-align: justify;\">&#8220;Estamos num per\u00edodo de ampla oferta de animais para o abate, esses animais s\u00e3o provenientes de um ciclo de maior reten\u00e7\u00e3o de f\u00eameas observado entre 2019 e 2022, quando o pre\u00e7o dos bezerros estava em alta e a atividade reprodutiva das f\u00eameas tornou-se atrativa para os pecuaristas&#8221;, destacou o supervisor da pesquisa, Bernardo Viscardi, em nota.<\/p>\n<p style=\"text-align: justify;\">&#8220;A partir de meados de 2022&#8221;, acrescentou ele, &#8220;observamos o ciclo inverso, o pre\u00e7o dos bezerros caiu e as f\u00eameas passaram a ser destinadas ao abate com maior intensidade, al\u00e9m dos animais criados no ciclo anterior de alta que chegaram \u00e0 idade de abate neste ano.&#8221;<\/p>\n<p style=\"text-align: justify;\">A conjuntura tem beneficiado empresas como a JBS, Marfrig e Minerva.<\/p>\n<p style=\"text-align: justify;\">Na mesma compara\u00e7\u00e3o, o abate de machos subiu 21,7% e atingiu o maior resultado para um primeiro trimestre, notou o IBGE.<\/p>\n<p style=\"text-align: justify;\">Conforme dados do centro de estudos Cepea, da Esalq\/USP, os pre\u00e7os nominais da arroba terminaram o trimestre na faixa de 230 reais, bem abaixo dos quase 300 reais registrados ao final do mesmo per\u00edodo do ano passado.<\/p>\n<p style=\"text-align: justify;\">Os pre\u00e7os atuais, em torno de 216 reais\/arroba, est\u00e3o nos menores n\u00edveis desde setembro do ano passado, segundo n\u00fameros do Cepea para o Estado de S\u00e3o Paulo.<\/p>\n<p style=\"text-align: justify;\">As desvaloriza\u00e7\u00f5es recentes na arroba est\u00e3o ligadas ainda \u00e0s condi\u00e7\u00f5es das pastagens, ao final da chamada safra e ao &#8220;tradicional efeito manada&#8221; de produtores, que entregam seus animais temendo maiores quedas de pre\u00e7os, avaliou o Cepea recentemente.<\/p>\n<p style=\"text-align: justify;\">O centro da Esalq notou tamb\u00e9m que as exporta\u00e7\u00f5es seguem em ritmo crescente, impedindo quedas ainda maiores nos pre\u00e7os da carne no mercado interno.<\/p>\n<p style=\"text-align: justify;\">Segundo o IBGE, janeiro foi o m\u00eas de maior atividade do trimestre, com um abate total de 3,15 milh\u00f5es de cabe\u00e7as, varia\u00e7\u00e3o positiva de 23,7% em rela\u00e7\u00e3o ao mesmo m\u00eas do ano anterior.<\/p>\n<p style=\"text-align: justify;\">O abate de 1,84 milh\u00e3o de cabe\u00e7as de bovinos a mais no 1\u00ba trimestre de 2024, em rela\u00e7\u00e3o ao mesmo per\u00edodo do ano anterior, foi impulsionado por aumentos em 23 das 27 unidades da federa\u00e7\u00e3o (UFs).<\/p>\n<p style=\"text-align: justify;\">Foram registrados incrementos mais significativos em Mato Grosso (+420,07 mil cabe\u00e7as), Goi\u00e1s (+263,41 mil cabe\u00e7as), S\u00e3o Paulo (+219,41 mil cabe\u00e7as), Minas Gerais (+206,49 mil cabe\u00e7as), Par\u00e1 (+180,04 mil cabe\u00e7as), Rond\u00f4nia (+155,75 mil cabe\u00e7as), Mato Grosso do Sul (+110,36 mil cabe\u00e7as), Bahia (+58,08 mil cabe\u00e7as) e Paran\u00e1 (+46,73 mil cabe\u00e7as). Em contrapartida, a varia\u00e7\u00e3o negativa mais expressiva ocorreu no Rio Grande do Sul (-34,41 mil cabe\u00e7as).<\/p>\n<p style=\"text-align: justify;\">Mato Grosso continua liderando o abate de bovinos, com 18,3% da participa\u00e7\u00e3o nacional, seguido por Goi\u00e1s (10,8%) e S\u00e3o Paulo (10,0%).<\/p>\n<p style=\"text-align: justify;\">NO FRANGO, SEGUNDO MELHOR<\/p>\n<p style=\"text-align: justify;\">No segmento de frangos, o IBGE apontou 1,59 bilh\u00e3o de cabe\u00e7as, representando queda de 1,2% em rela\u00e7\u00e3o ao mesmo per\u00edodo de 2023 e aumento de 4,0% na compara\u00e7\u00e3o com o quarto trimestre de 2023.<\/p>\n<p style=\"text-align: justify;\">Este resultado \u00e9 o segundo maior na s\u00e9rie hist\u00f3rica da pesquisa, superado apenas pelo resultado alcan\u00e7ado no primeiro trimestre de 2023 (1,61 bilh\u00e3o de cabe\u00e7as), disse o IBGE em relat\u00f3rio.<\/p>\n<p style=\"text-align: justify;\">&#8220;A queda no abate de frangos \u00e9 provavelmente ocasionada por uma regula\u00e7\u00e3o na oferta de carne pelo setor. A carne bovina, prote\u00edna substituta ao frango, desvalorizou bastante nos \u00faltimos meses, o que dificulta o repasse de custos da cadeia produtiva da avicultura de corte ao consumidor final&#8221;, disse Viscardi.<\/p>\n<p style=\"text-align: justify;\">O Paran\u00e1 lidera amplamente o abate de frangos, com 34,6% da participa\u00e7\u00e3o nacional, seguido por Santa Catarina (13,6%) e Rio Grande do Sul (11,9%).<\/p>\n<p style=\"text-align: justify;\">O Brasil registrou no primeiro trimestre abates de 13,95 milh\u00f5es de cabe\u00e7as de su\u00ednos, representando quedas de 1,6% em rela\u00e7\u00e3o ao mesmo per\u00edodo de 2023 e de 1,4% na compara\u00e7\u00e3o com o quarto trimestre de 2023, com o aumento da oferta de carne bovina influenciando.<\/p>\n<p style=\"text-align: justify;\">&#8220;A desvaloriza\u00e7\u00e3o da carne bovina tamb\u00e9m afeta o escoamento da carne su\u00edna no mercado interno&#8221;, concluiu Viscardi.<\/p>\n<p style=\"text-align: justify;\">Santa Catarina continua liderando o abate de su\u00ednos, com 29,8% da participa\u00e7\u00e3o nacional, seguido por Paran\u00e1 (22,3%) e Rio Grande do Sul (17,1%).<\/p>\n","protected":false},"excerpt":{"rendered":"<p>Com os pre\u00e7os da arroba bovina encerrando o primeiro trimestre cerca de 20% abaixo do mesmo per\u00edodo do ano passado, produtores elevaram o abate de f\u00eameas S\u00c3O PAULO (Reuters)\u00a0&#8211; O abate de bovinos no Brasil avan\u00e7ou 24,6% no primeiro trimestre em rela\u00e7\u00e3o ao mesmo per\u00edodo do ano passado, marcando um novo recorde trimestral da s\u00e9rie [&hellip;]<\/p>\n","protected":false},"author":2,"featured_media":119834,"comment_status":"open","ping_status":"open","sticky":false,"template":"","format":"standard","meta":[],"categories":[79,105],"tags":[4234,1550],"_links":{"self":[{"href":"https:\/\/www.blogdopaulonunes.com\/v5\/index.php\/wp-json\/wp\/v2\/posts\/119833"}],"collection":[{"href":"https:\/\/www.blogdopaulonunes.com\/v5\/index.php\/wp-json\/wp\/v2\/posts"}],"about":[{"href":"https:\/\/www.blogdopaulonunes.com\/v5\/index.php\/wp-json\/wp\/v2\/types\/post"}],"author":[{"embeddable":true,"href":"https:\/\/www.blogdopaulonunes.com\/v5\/index.php\/wp-json\/wp\/v2\/users\/2"}],"replies":[{"embeddable":true,"href":"https:\/\/www.blogdopaulonunes.com\/v5\/index.php\/wp-json\/wp\/v2\/comments?post=119833"}],"version-history":[{"count":2,"href":"https:\/\/www.blogdopaulonunes.com\/v5\/index.php\/wp-json\/wp\/v2\/posts\/119833\/revisions"}],"predecessor-version":[{"id":119836,"href":"https:\/\/www.blogdopaulonunes.com\/v5\/index.php\/wp-json\/wp\/v2\/posts\/119833\/revisions\/119836"}],"wp:featuredmedia":[{"embeddable":true,"href":"https:\/\/www.blogdopaulonunes.com\/v5\/index.php\/wp-json\/wp\/v2\/media\/119834"}],"wp:attachment":[{"href":"https:\/\/www.blogdopaulonunes.com\/v5\/index.php\/wp-json\/wp\/v2\/media?parent=119833"}],"wp:term":[{"taxonomy":"category","embeddable":true,"href":"https:\/\/www.blogdopaulonunes.com\/v5\/index.php\/wp-json\/wp\/v2\/categories?post=119833"},{"taxonomy":"post_tag","embeddable":true,"href":"https:\/\/www.blogdopaulonunes.com\/v5\/index.php\/wp-json\/wp\/v2\/tags?post=119833"}],"curies":[{"name":"wp","href":"https:\/\/api.w.org\/{rel}","templated":true}]}}