{"id":119499,"date":"2024-05-14T07:59:24","date_gmt":"2024-05-14T10:59:24","guid":{"rendered":"https:\/\/www.blogdopaulonunes.com\/v5\/?p=119499"},"modified":"2024-05-14T08:03:27","modified_gmt":"2024-05-14T11:03:27","slug":"vitoria-da-conquista-mulheres-da-congregacao-batista-biblica-no-vila-elisa-recebem-treinamento-de-krav-maga","status":"publish","type":"post","link":"https:\/\/www.blogdopaulonunes.com\/v5\/index.php\/2024\/05\/14\/vitoria-da-conquista-mulheres-da-congregacao-batista-biblica-no-vila-elisa-recebem-treinamento-de-krav-maga\/","title":{"rendered":"Vit\u00f3ria da Conquista: mulheres da Congrega\u00e7\u00e3o Batista B\u00edblica no Vila Elisa recebem treinamento de Krav Maga"},"content":{"rendered":"<p style=\"text-align: justify;\"><strong>O evento, em homenagem ao Dia das M\u00e3es, foi realizado pela maior organiza\u00e7\u00e3o de Krav Maga no mundo, a Federa\u00e7\u00e3o Sul Americana de Krav Maga<\/strong><\/p>\n<p style=\"font-weight: 400; text-align: justify;\">No s\u00e1bado, dia 11 de maio, as mulheres da Congrega\u00e7\u00e3o Batista B\u00edblica no Vila Elisa recebem treinamento de Krav Maga em comemora\u00e7\u00e3o ao Dia das M\u00e3es. O treino foi ministrado pelo Professor Paulo Almeida, habilitado pela maior organiza\u00e7\u00e3o de Krav Maga no mundo, a Federa\u00e7\u00e3o Sul Americana de Krav Maga (FSAKM).<\/p>\n<p style=\"font-weight: 400; text-align: justify;\">NO evento, as mulheres conheceram a filosofia do Krav Maga\u00a0\u2013 a \u00fanica modalidade reconhecida como t\u00e9cnica 100% de defesa pessoal \u2013\u00a0e os seus benef\u00edcios para as mulheres.<\/p>\n<p style=\"font-weight: 400; text-align: justify;\">As participantes vivenciaram situa\u00e7\u00f5es do dia a dia, como roubo de bolsa, pux\u00e3o de cabelo, enforcamento, tentativa de estupro e outras. \u201cA ideia foi mostrar que, quando a mulher adquire autoconfian\u00e7a, ela fica mais atenta aos sinais, se sente mais preparada para evitar a viol\u00eancia e deixa de ser um alvo f\u00e1cil\u201d, disse o Professor.<\/p>\n<p style=\"font-weight: 400; text-align: justify;\">A partir de treinamentos orientados por profissionais habilitados e respons\u00e1veis, o praticante de Krav Maga apreende t\u00e9cnicas simples, r\u00e1pidas e objetivas, que d\u00e3o a ele a condi\u00e7\u00e3o de responder a qualquer tipo de agress\u00e3o, independentemente se o agressor \u00e9 maior ou mais forte, ou mesmo se est\u00e1 armado.<\/p>\n<p style=\"font-weight: 400; text-align: justify;\">O treinamento adequado de Krav Maga trabalha, tanto a parte f\u00edsica, quanto a parte mental\/emocional do praticante, simulando situa\u00e7\u00f5es pr\u00f3ximas \u00e0 realidade, para que ele tenha total controle de suas emo\u00e7\u00f5es e rea\u00e7\u00f5es e saiba como agir, na propor\u00e7\u00e3o do ataque ou da amea\u00e7a sofridos.<\/p>\n<p style=\"font-weight: 400; text-align: justify;\"><strong>Os benef\u00edcios do Krav Maga para as mulheres<\/strong><\/p>\n<p style=\"font-weight: 400; text-align: justify;\">O Krav Maga foi criado por Imi Lichtenfeld, na d\u00e9cada de 40, para que qualquer pessoa, independentemente de seu sexo, idade ou for\u00e7a f\u00edsica, pudesse se defender e hoje, 30% dos alunos da Federa\u00e7\u00e3o Sul Americana de Krav Maga s\u00e3o mulheres.<\/p>\n<p style=\"font-weight: 400; text-align: justify;\">Os benef\u00edcios para elas s\u00e3o diversos. Al\u00e9m de melhorar a condi\u00e7\u00e3o f\u00edsica, o Krav Maga confere aumento da autoestima e da autoconfian\u00e7a. A mudan\u00e7a na rela\u00e7\u00e3o com o medo torna essas mulheres mais alertas e menos acovardadas.<\/p>\n<p style=\"font-weight: 400; text-align: justify;\">\u201cMas vale ressaltar que \u00e9 necess\u00e1rio treinar com um instrutor habilitado para que o resultado seja efetivo, porque o Krav Maga n\u00e3o \u00e9 um esporte e sim uma modalidade de defesa pessoal, sem campeonatos ou competi\u00e7\u00f5es, no qual o maior pr\u00eamio \u00e9 a vida\u201d, completa Paulo Almeida.<\/p>\n<p style=\"font-weight: 400; text-align: justify;\"><strong><em>Sobre o Krav Maga Mestre Kobi \u2013<\/em><\/strong><em>\u00a0a maior organiza\u00e7\u00e3o de Krav Maga no mundo, a Federa\u00e7\u00e3o Sul Americana de Krav Maga \u00e9 refer\u00eancia mundial em qualidade e a precursora do Krav Maga na Am\u00e9rica Latina. Conta com representa\u00e7\u00e3o no Brasil, M\u00e9xico, Argentina, Portugal, Estados Unidos e Canad\u00e1, onde trabalha pela preserva\u00e7\u00e3o da filosofia, did\u00e1tica e t\u00e9cnica do Krav Maga, tal como foi criado e ainda \u00e9 aplicado em Israel.<\/em><\/p>\n<p style=\"font-weight: 400; text-align: justify;\"><em>\u00c9 presidida pelo israelense, Gr\u00e3o Mestre Kobi Lichtenstein (faixa-vermelha \u2013 8\u00ba Dan), aluno direto do criador do Krav Maga, Imi Lichtenfeld e seu primeiro aluno a sair de Israel para difundir a modalidade. Vivendo no Brasil desde 1990, Gr\u00e3o Mestre Kobi forma e atualiza pessoalmente seus instrutores, garantindo a qualidade e a \u00e9tica do Krav Maga praticado na Federa\u00e7\u00e3o Sul Americana de Krav Maga.\u00a0\u00a0<\/em><\/p>\n<p style=\"font-weight: 400;\"><strong>\u00a0<\/strong><\/p>\n<p style=\"font-weight: 400;\"><strong>Para saber mais, acesse:\u00a0<\/strong><a href=\"http:\/\/www.kravmaga.com.br\/\" data-saferedirecturl=\"https:\/\/www.google.com\/url?q=http:\/\/www.kravmaga.com.br\/&amp;source=gmail&amp;ust=1715693311922000&amp;usg=AOvVaw2_vXbD2etHJ3H1ZKkSeWfQ\"><strong>www.kravmaga.com.br<\/strong><\/a><\/p>\n<p style=\"font-weight: 400;\"><strong>Facebook: @mestrekobikravmaga<\/strong><\/p>\n<p style=\"font-weight: 400;\"><strong>Instagram: @kravmaga_mestrekobi<\/strong><\/p>\n<p style=\"font-weight: 400;\"><strong>ThreadsApp: @kravmaga_mestrekobi<\/strong><\/p>\n<p style=\"font-weight: 400;\"><strong>Twitter: @KravMagaKobi<\/strong><\/p>\n<p style=\"font-weight: 400;\"><strong>Youtube: Krav Maga Mestre Kobi<\/strong><\/p>\n<p style=\"font-weight: 400;\">\n","protected":false},"excerpt":{"rendered":"<p>O evento, em homenagem ao Dia das M\u00e3es, foi realizado pela maior organiza\u00e7\u00e3o de Krav Maga no mundo, a Federa\u00e7\u00e3o Sul Americana de Krav Maga No s\u00e1bado, dia 11 de maio, as mulheres da Congrega\u00e7\u00e3o Batista B\u00edblica no Vila Elisa recebem treinamento de Krav Maga em comemora\u00e7\u00e3o ao Dia das M\u00e3es. O treino foi ministrado [&hellip;]<\/p>\n","protected":false},"author":2,"featured_media":119500,"comment_status":"open","ping_status":"open","sticky":false,"template":"","format":"standard","meta":[],"categories":[71,4108],"tags":[4109,4110,4111,4112,150],"_links":{"self":[{"href":"https:\/\/www.blogdopaulonunes.com\/v5\/index.php\/wp-json\/wp\/v2\/posts\/119499"}],"collection":[{"href":"https:\/\/www.blogdopaulonunes.com\/v5\/index.php\/wp-json\/wp\/v2\/posts"}],"about":[{"href":"https:\/\/www.blogdopaulonunes.com\/v5\/index.php\/wp-json\/wp\/v2\/types\/post"}],"author":[{"embeddable":true,"href":"https:\/\/www.blogdopaulonunes.com\/v5\/index.php\/wp-json\/wp\/v2\/users\/2"}],"replies":[{"embeddable":true,"href":"https:\/\/www.blogdopaulonunes.com\/v5\/index.php\/wp-json\/wp\/v2\/comments?post=119499"}],"version-history":[{"count":2,"href":"https:\/\/www.blogdopaulonunes.com\/v5\/index.php\/wp-json\/wp\/v2\/posts\/119499\/revisions"}],"predecessor-version":[{"id":119502,"href":"https:\/\/www.blogdopaulonunes.com\/v5\/index.php\/wp-json\/wp\/v2\/posts\/119499\/revisions\/119502"}],"wp:featuredmedia":[{"embeddable":true,"href":"https:\/\/www.blogdopaulonunes.com\/v5\/index.php\/wp-json\/wp\/v2\/media\/119500"}],"wp:attachment":[{"href":"https:\/\/www.blogdopaulonunes.com\/v5\/index.php\/wp-json\/wp\/v2\/media?parent=119499"}],"wp:term":[{"taxonomy":"category","embeddable":true,"href":"https:\/\/www.blogdopaulonunes.com\/v5\/index.php\/wp-json\/wp\/v2\/categories?post=119499"},{"taxonomy":"post_tag","embeddable":true,"href":"https:\/\/www.blogdopaulonunes.com\/v5\/index.php\/wp-json\/wp\/v2\/tags?post=119499"}],"curies":[{"name":"wp","href":"https:\/\/api.w.org\/{rel}","templated":true}]}}