{"id":119298,"date":"2024-04-26T09:55:34","date_gmt":"2024-04-26T12:55:34","guid":{"rendered":"https:\/\/www.blogdopaulonunes.com\/v5\/?p=119298"},"modified":"2024-04-26T09:56:02","modified_gmt":"2024-04-26T12:56:02","slug":"governador-lanca-a-53a-exposicao-nacional-de-agropecuaria","status":"publish","type":"post","link":"https:\/\/www.blogdopaulonunes.com\/v5\/index.php\/2024\/04\/26\/governador-lanca-a-53a-exposicao-nacional-de-agropecuaria\/","title":{"rendered":"Governador lan\u00e7a a 53\u00aa Exposi\u00e7\u00e3o Nacional de Agropecu\u00e1ria"},"content":{"rendered":"<p>Para estimular o desenvolvimento do setor agr\u00edcola e agropecu\u00e1rio da regi\u00e3o, o Governo da Bahia vai apoiar a 53\u00aa Exposi\u00e7\u00e3o Nacional de Agropecu\u00e1ria de Vit\u00f3ria da Conquista, organizada pela Cooperativa Mista Agropecu\u00e1ria Conquistense (Coopmac). O evento, que acontecer\u00e1 entre 5 e 9 de junho, vai reunir pequenos produtores, empres\u00e1rios do setor e cooperativas agr\u00edcolas.<\/p>\n<p style=\"text-align: justify;\">As secretarias de Desenvolvimento Rural (SDR) e da Agricultura (Seagri) dever\u00e3o investir quase R$ 1 milh\u00e3o no projeto de apoio \u00e0 exposi\u00e7\u00e3o e na constru\u00e7\u00e3o de espa\u00e7os que impulsionem a divulga\u00e7\u00e3o e amplia\u00e7\u00e3o das possibilidades de comercializa\u00e7\u00e3o dos produtos da agricultura familiar. S\u00e3o eles: a Vila da Agricultura Familiar, com 32 expositores da regi\u00e3o; a Pra\u00e7a das Cervejas Artesanais, com seis quiosques; a Pra\u00e7a Gastron\u00f4mica, com 10 estandes para a comercializa\u00e7\u00e3o da rica culin\u00e1ria regional, e o Restaurante do Emp\u00f3rio, no mesmo modelo daquele que funciona na Ceasa do Rio Vermelho, em Salvador.<\/p>\n<p style=\"text-align: justify;\">O governador Jer\u00f4nimo Rodrigues garantiu a participa\u00e7\u00e3o no evento. \u201cEsta edi\u00e7\u00e3o da exposi\u00e7\u00e3o nacional vai resgatar a for\u00e7a que a agropecu\u00e1ria tem na produ\u00e7\u00e3o do leite, do caf\u00e9, das principais culturas. Ser\u00e1 uma oportunidade de projetar a regi\u00e3o na esfera nacional\u201d, disse.<\/p>\n<p style=\"text-align: justify;\">A 53\u00aa Exposi\u00e7\u00e3o Nacional de Agropecu\u00e1ria de Vit\u00f3ria da Conquista ser\u00e1 aberto ao p\u00fablico. Para a seguran\u00e7a do evento, que dever\u00e1 reunir mais de 50 mil pessoas, est\u00e3o garantidos 535 policiais militares.<\/p>\n<p><b><i>Rep\u00f3rter: Sim\u00f4nica Capistrano\/GOVBA<\/i><\/b><\/p>\n<div id=\"m_-7537851884961016749x_Signature\">\n<div><\/div>\n<\/div>\n","protected":false},"excerpt":{"rendered":"<p>Para estimular o desenvolvimento do setor agr\u00edcola e agropecu\u00e1rio da regi\u00e3o, o Governo da Bahia vai apoiar a 53\u00aa Exposi\u00e7\u00e3o Nacional de Agropecu\u00e1ria de Vit\u00f3ria da Conquista, organizada pela Cooperativa Mista Agropecu\u00e1ria Conquistense (Coopmac). O evento, que acontecer\u00e1 entre 5 e 9 de junho, vai reunir pequenos produtores, empres\u00e1rios do setor e cooperativas agr\u00edcolas. As [&hellip;]<\/p>\n","protected":false},"author":2,"featured_media":119299,"comment_status":"open","ping_status":"open","sticky":false,"template":"","format":"standard","meta":[],"categories":[104,72],"tags":[4034,986,987,721,166],"_links":{"self":[{"href":"https:\/\/www.blogdopaulonunes.com\/v5\/index.php\/wp-json\/wp\/v2\/posts\/119298"}],"collection":[{"href":"https:\/\/www.blogdopaulonunes.com\/v5\/index.php\/wp-json\/wp\/v2\/posts"}],"about":[{"href":"https:\/\/www.blogdopaulonunes.com\/v5\/index.php\/wp-json\/wp\/v2\/types\/post"}],"author":[{"embeddable":true,"href":"https:\/\/www.blogdopaulonunes.com\/v5\/index.php\/wp-json\/wp\/v2\/users\/2"}],"replies":[{"embeddable":true,"href":"https:\/\/www.blogdopaulonunes.com\/v5\/index.php\/wp-json\/wp\/v2\/comments?post=119298"}],"version-history":[{"count":2,"href":"https:\/\/www.blogdopaulonunes.com\/v5\/index.php\/wp-json\/wp\/v2\/posts\/119298\/revisions"}],"predecessor-version":[{"id":119301,"href":"https:\/\/www.blogdopaulonunes.com\/v5\/index.php\/wp-json\/wp\/v2\/posts\/119298\/revisions\/119301"}],"wp:featuredmedia":[{"embeddable":true,"href":"https:\/\/www.blogdopaulonunes.com\/v5\/index.php\/wp-json\/wp\/v2\/media\/119299"}],"wp:attachment":[{"href":"https:\/\/www.blogdopaulonunes.com\/v5\/index.php\/wp-json\/wp\/v2\/media?parent=119298"}],"wp:term":[{"taxonomy":"category","embeddable":true,"href":"https:\/\/www.blogdopaulonunes.com\/v5\/index.php\/wp-json\/wp\/v2\/categories?post=119298"},{"taxonomy":"post_tag","embeddable":true,"href":"https:\/\/www.blogdopaulonunes.com\/v5\/index.php\/wp-json\/wp\/v2\/tags?post=119298"}],"curies":[{"name":"wp","href":"https:\/\/api.w.org\/{rel}","templated":true}]}}