{"id":119276,"date":"2024-04-24T21:43:33","date_gmt":"2024-04-25T00:43:33","guid":{"rendered":"https:\/\/www.blogdopaulonunes.com\/v5\/?p=119276"},"modified":"2024-04-24T21:43:33","modified_gmt":"2024-04-25T00:43:33","slug":"em-vitoria-da-conquista-governador-autoriza-inicio-da-licitacao-para-construcao-do-centro-de-convencoes-e-teatro-do-municipio","status":"publish","type":"post","link":"https:\/\/www.blogdopaulonunes.com\/v5\/index.php\/2024\/04\/24\/em-vitoria-da-conquista-governador-autoriza-inicio-da-licitacao-para-construcao-do-centro-de-convencoes-e-teatro-do-municipio\/","title":{"rendered":"Em Vit\u00f3ria da Conquista, governador autoriza in\u00edcio da licita\u00e7\u00e3o para constru\u00e7\u00e3o do Centro de Conven\u00e7\u00f5es e Teatro do munic\u00edpio"},"content":{"rendered":"<p style=\"text-align: justify;\">Em Vit\u00f3ria da Conquista, o governador Jer\u00f4nimo Rodrigues vai autorizar, \u00e0s 17h desta quinta-feira (25), a restaura\u00e7\u00e3o do trecho da BA-415 que vai do Anel Vi\u00e1rio Leste ao entroncamento com a BR-412. Tamb\u00e9m ser\u00e1 autorizado o in\u00edcio do processo licitat\u00f3rio para a constru\u00e7\u00e3o do Centro de Conven\u00e7\u00f5es e Teatro do munic\u00edpio.<\/p>\n<p style=\"text-align: justify;\">As assinaturas ser\u00e3o realizadas na \u00e1rea de shows do Parque de Exposi\u00e7\u00f5es, durante o coquetel de lan\u00e7amento da 53\u00aa Exposi\u00e7\u00e3o Nacional Agropecu\u00e1ria de Vit\u00f3ria da Conquista, que acontecer\u00e1 entre 5 e 9 de junho, com apoio do Governo do Estado.<\/p>\n","protected":false},"excerpt":{"rendered":"<p>Em Vit\u00f3ria da Conquista, o governador Jer\u00f4nimo Rodrigues vai autorizar, \u00e0s 17h desta quinta-feira (25), a restaura\u00e7\u00e3o do trecho da BA-415 que vai do Anel Vi\u00e1rio Leste ao entroncamento com a BR-412. Tamb\u00e9m ser\u00e1 autorizado o in\u00edcio do processo licitat\u00f3rio para a constru\u00e7\u00e3o do Centro de Conven\u00e7\u00f5es e Teatro do munic\u00edpio. As assinaturas ser\u00e3o realizadas [&hellip;]<\/p>\n","protected":false},"author":2,"featured_media":114045,"comment_status":"open","ping_status":"open","sticky":false,"template":"","format":"standard","meta":[],"categories":[81,105],"tags":[1042,65,4023],"_links":{"self":[{"href":"https:\/\/www.blogdopaulonunes.com\/v5\/index.php\/wp-json\/wp\/v2\/posts\/119276"}],"collection":[{"href":"https:\/\/www.blogdopaulonunes.com\/v5\/index.php\/wp-json\/wp\/v2\/posts"}],"about":[{"href":"https:\/\/www.blogdopaulonunes.com\/v5\/index.php\/wp-json\/wp\/v2\/types\/post"}],"author":[{"embeddable":true,"href":"https:\/\/www.blogdopaulonunes.com\/v5\/index.php\/wp-json\/wp\/v2\/users\/2"}],"replies":[{"embeddable":true,"href":"https:\/\/www.blogdopaulonunes.com\/v5\/index.php\/wp-json\/wp\/v2\/comments?post=119276"}],"version-history":[{"count":1,"href":"https:\/\/www.blogdopaulonunes.com\/v5\/index.php\/wp-json\/wp\/v2\/posts\/119276\/revisions"}],"predecessor-version":[{"id":119277,"href":"https:\/\/www.blogdopaulonunes.com\/v5\/index.php\/wp-json\/wp\/v2\/posts\/119276\/revisions\/119277"}],"wp:featuredmedia":[{"embeddable":true,"href":"https:\/\/www.blogdopaulonunes.com\/v5\/index.php\/wp-json\/wp\/v2\/media\/114045"}],"wp:attachment":[{"href":"https:\/\/www.blogdopaulonunes.com\/v5\/index.php\/wp-json\/wp\/v2\/media?parent=119276"}],"wp:term":[{"taxonomy":"category","embeddable":true,"href":"https:\/\/www.blogdopaulonunes.com\/v5\/index.php\/wp-json\/wp\/v2\/categories?post=119276"},{"taxonomy":"post_tag","embeddable":true,"href":"https:\/\/www.blogdopaulonunes.com\/v5\/index.php\/wp-json\/wp\/v2\/tags?post=119276"}],"curies":[{"name":"wp","href":"https:\/\/api.w.org\/{rel}","templated":true}]}}