{"id":119269,"date":"2024-04-24T20:38:04","date_gmt":"2024-04-24T23:38:04","guid":{"rendered":"https:\/\/www.blogdopaulonunes.com\/v5\/?p=119269"},"modified":"2024-04-24T20:38:04","modified_gmt":"2024-04-24T23:38:04","slug":"area-do-antigo-aeroporto-conquistense-sera-planejada-para-ocupacao","status":"publish","type":"post","link":"https:\/\/www.blogdopaulonunes.com\/v5\/index.php\/2024\/04\/24\/area-do-antigo-aeroporto-conquistense-sera-planejada-para-ocupacao\/","title":{"rendered":"\u00c1rea do antigo aeroporto conquistense ser\u00e1 planejada para ocupa\u00e7\u00e3o\u00a0"},"content":{"rendered":"<div dir=\"auto\" style=\"text-align: justify;\"><\/div>\n<div dir=\"auto\" style=\"text-align: justify;\"><\/div>\n<div dir=\"auto\" style=\"text-align: justify;\">Um masterplan para o antigo aeroporto de Vit\u00f3ria da Conquista ser\u00e1 elaborado pela FM Projetos -Urbanismo e Arquitetura, segundo informou, nesta ter\u00e7a-feira (23) a secret\u00e1ria estadual do Desenvolvimento Urbano (Sedur), Jusmari Oliveira, ao deputado federal Waldenor Pereira (PT), pr\u00e9-candidato a prefeito do munic\u00edpio. Trata-se de um plano de ocupa\u00e7\u00e3o para a \u00e1rea de 1 milh\u00e3o 300 mil metros quadrados, que ser\u00e1 realizado sob a responsabilidade dos renomados especialistas em engenharia, arquitetura e urbanismo, Luiz Baqueiro e Floro Freire.<\/div>\n<div dir=\"auto\"><\/div>\n<div dir=\"auto\" style=\"text-align: justify;\">A extensa \u00e1rea do antigo aeroporto poder\u00e1 sediar um centro de conven\u00e7\u00f5es e uma s\u00e9rie de equipamentos p\u00fablicos e im\u00f3veis que podem expandir a urbaniza\u00e7\u00e3o da cidade e provocar uma mudan\u00e7a reparadora na correla\u00e7\u00e3o de desenvolvimento da zona oeste com a \u00e1rea mais favorecida da cidade, na expectativa de Waldenor Pereira, que prop\u00f4s \u00e0 Sedur a elabora\u00e7\u00e3o do masterplan.<\/div>\n<div dir=\"auto\" style=\"text-align: justify;\"><a href=\"https:\/\/www.blogdopaulonunes.com\/v5\/wp-content\/uploads\/2024\/04\/Jusmari-Waldenor9.png\"><img loading=\"lazy\" class=\"aligncenter size-full wp-image-119272\" src=\"https:\/\/www.blogdopaulonunes.com\/v5\/wp-content\/uploads\/2024\/04\/Jusmari-Waldenor9.png\" alt=\"\" width=\"323\" height=\"242\" \/><\/a><\/div>\n<div dir=\"auto\" style=\"text-align: justify;\"><\/div>\n<div dir=\"auto\" style=\"text-align: justify;\">\u201cA ocupa\u00e7\u00e3o dessa \u00e1rea gigantesca abre a perspectiva de expans\u00e3o urbana, privilegiando a zona oeste. O meu empenho para a realiza\u00e7\u00e3o deste projeto se justifica porque, uma vez ocupada de forma ordenada, esta \u00e1rea pode representar muito para esta parte da cidade que h\u00e1 tempos vem exigindo maior aten\u00e7\u00e3o nas pol\u00edticas e investimentos p\u00fablicos para o seu desenvolvimento\u201d, explica <strong>Waldenor Pereira.<\/strong><\/div>\n<div dir=\"auto\" style=\"text-align: justify;\"><\/div>\n<div dir=\"auto\" style=\"text-align: justify;\"><strong>Destina\u00e7\u00e3o\u00a0<\/strong><\/div>\n<div dir=\"auto\" style=\"text-align: justify;\"><a href=\"https:\/\/www.blogdopaulonunes.com\/v5\/wp-content\/uploads\/2024\/04\/Waldenor-e-Rui9.png\"><img loading=\"lazy\" class=\"aligncenter size-full wp-image-119273\" src=\"https:\/\/www.blogdopaulonunes.com\/v5\/wp-content\/uploads\/2024\/04\/Waldenor-e-Rui9.png\" alt=\"\" width=\"190\" height=\"224\" \/><\/a><\/div>\n<div dir=\"auto\" style=\"text-align: justify;\">Desde a volta do presidente Lula ao governo, o deputado Waldenor vem se movimentando\u00a0 em busca da melhor utiliza\u00e7\u00e3o do espa\u00e7o que era de dom\u00ednio da Uni\u00e3o. Em suas articula\u00e7\u00f5es junto\u00a0 ao ministro-chefe da casa Civil, Rui Costa, conseguiu a inclus\u00e3o da \u00e1rea conquistense no programa federal \u201cIm\u00f3vel da Gente\u201d, que viabiliza o uso de propriedades ociosas do Governo do Federal.<\/div>\n<div dir=\"auto\"><\/div>\n<div dir=\"auto\" style=\"text-align: justify;\">Waldenor inclusive participou da cerim\u00f4nia de lan\u00e7amento, em Bras\u00edlia, junto com o presidente Lula, o ministro Rui Costa e o governador da Bahia. Assim, a Uni\u00e3o repassou ao estado baiano a responsabilidade pelo enorme espa\u00e7o, cuja futura utiliza\u00e7\u00e3o poder\u00e1 beneficiar bastante o munic\u00edpio conquistense. Por recomenda\u00e7\u00e3o de Jer\u00f4nimo Rodrigues, Waldenor acompanha a proposta junto \u00e0 Sedur, onde j\u00e1 teve duas reuni\u00f5es.<\/div>\n<div dir=\"auto\" style=\"text-align: justify;\"><\/div>\n<div dir=\"auto\" style=\"text-align: justify;\">\u201cO masterplan pode incluir uma s\u00e9rie de equipamentos e espa\u00e7os p\u00fablicos, como um centro de conven\u00e7\u00f5es, parque, espa\u00e7os de lazer, conjunto habitacional, um centro administrativo municipal e sedes de \u00f3rg\u00e3os federais e estaduais que atuam no munic\u00edpio, espa\u00e7os para explora\u00e7\u00e3o do setor privado, como cl\u00ednicas e shopping center, al\u00e9m de vias e pra\u00e7as que facilitem a mobilidade urbana\u201d, elenca o deputado sobre poss\u00edveis utiliza\u00e7\u00f5es futuras da gigantesca \u00e1rea.<\/div>\n<div dir=\"auto\" style=\"text-align: justify;\"><\/div>\n<div dir=\"auto\"><strong>Informa\u00e7\u00f5es t\u00e9cnicas\u00a0<\/strong><\/div>\n<div dir=\"auto\"><\/div>\n<div dir=\"auto\" style=\"text-align: justify;\">Masterplan -Desenvolvido a partir da an\u00e1lise de uma s\u00e9rie de crit\u00e9rios que v\u00e3o desde a ocupa\u00e7\u00e3o e uso do solo e viabilidade econ\u00f4mica at\u00e9 a conex\u00e3o com o entorno e o entendimento das voca\u00e7\u00f5es e desejos atuais e futuros para os locais, o masterplan d\u00e1 as orienta\u00e7\u00f5es para a realiza\u00e7\u00e3o de projetos que podem ser uma cidade, um bairro ou um grande complexo imobili\u00e1rio.<\/div>\n<div dir=\"auto\" style=\"text-align: justify;\"><\/div>\n<div dir=\"auto\" style=\"text-align: justify;\"><strong>T\u00e9cnicos respons\u00e1veis\u00a0<\/strong><\/div>\n<div dir=\"auto\" style=\"text-align: justify;\"><a href=\"https:\/\/www.blogdopaulonunes.com\/v5\/wp-content\/uploads\/2024\/04\/Tecnicos10.png\"><img loading=\"lazy\" class=\"aligncenter size-full wp-image-119274\" src=\"https:\/\/www.blogdopaulonunes.com\/v5\/wp-content\/uploads\/2024\/04\/Tecnicos10.png\" alt=\"\" width=\"299\" height=\"220\" \/><\/a><\/div>\n<div dir=\"auto\" style=\"text-align: justify;\">Luiz Baqueiro- \u00c9 o superintendente de Projetos da CONDER &#8211; Compahia de Desenvolvimento Urbano do Estado da Bahia, \u00f3rg\u00e3o ligado \u00e0 Sedur. Arquiteto e urbanista graduado pela UFBa, possui larga experi\u00eancia na \u00e1rea de Arquitetura e Urbanismo, com \u00eanfase em Planejamento Urbano e Regional, tendo coordenado e ou participado de 19 Planos Diretores de Desenvolvimento Urbano (antes e depois do Estatuto da Cidade).<\/div>\n<div dir=\"auto\" style=\"text-align: justify;\"><\/div>\n<div dir=\"auto\" style=\"text-align: justify;\">Floro Edmundo Freire Neto- \u00c9 engenheiro eletricista de forma\u00e7\u00e3o, arquiteto de alma e artista pl\u00e1stico autodidata. Idealizou o projeto Retratos de um Tempo, que resultou em um filme\/document\u00e1rio, do mesmo nome do projeto, desenvolvido em parceria com o soci\u00f3logo e antrop\u00f3logo Ant\u00f4nio Ris\u00e9rio. Atualmente \u00e9 engenheiro da Bahiainveste, \u00f3rg\u00e3o do Governo do Estado da Bahia.<\/div>\n<div class=\"yj6qo\" style=\"text-align: justify;\"><\/div>\n<div class=\"adL\" dir=\"auto\"><\/div>\n","protected":false},"excerpt":{"rendered":"<p>Um masterplan para o antigo aeroporto de Vit\u00f3ria da Conquista ser\u00e1 elaborado pela FM Projetos -Urbanismo e Arquitetura, segundo informou, nesta ter\u00e7a-feira (23) a secret\u00e1ria estadual do Desenvolvimento Urbano (Sedur), Jusmari Oliveira, ao deputado federal Waldenor Pereira (PT), pr\u00e9-candidato a prefeito do munic\u00edpio. Trata-se de um plano de ocupa\u00e7\u00e3o para a \u00e1rea de 1 milh\u00e3o [&hellip;]<\/p>\n","protected":false},"author":2,"featured_media":119271,"comment_status":"open","ping_status":"open","sticky":false,"template":"","format":"standard","meta":[],"categories":[81,105],"tags":[4021,211,4022,1041,721],"_links":{"self":[{"href":"https:\/\/www.blogdopaulonunes.com\/v5\/index.php\/wp-json\/wp\/v2\/posts\/119269"}],"collection":[{"href":"https:\/\/www.blogdopaulonunes.com\/v5\/index.php\/wp-json\/wp\/v2\/posts"}],"about":[{"href":"https:\/\/www.blogdopaulonunes.com\/v5\/index.php\/wp-json\/wp\/v2\/types\/post"}],"author":[{"embeddable":true,"href":"https:\/\/www.blogdopaulonunes.com\/v5\/index.php\/wp-json\/wp\/v2\/users\/2"}],"replies":[{"embeddable":true,"href":"https:\/\/www.blogdopaulonunes.com\/v5\/index.php\/wp-json\/wp\/v2\/comments?post=119269"}],"version-history":[{"count":1,"href":"https:\/\/www.blogdopaulonunes.com\/v5\/index.php\/wp-json\/wp\/v2\/posts\/119269\/revisions"}],"predecessor-version":[{"id":119275,"href":"https:\/\/www.blogdopaulonunes.com\/v5\/index.php\/wp-json\/wp\/v2\/posts\/119269\/revisions\/119275"}],"wp:featuredmedia":[{"embeddable":true,"href":"https:\/\/www.blogdopaulonunes.com\/v5\/index.php\/wp-json\/wp\/v2\/media\/119271"}],"wp:attachment":[{"href":"https:\/\/www.blogdopaulonunes.com\/v5\/index.php\/wp-json\/wp\/v2\/media?parent=119269"}],"wp:term":[{"taxonomy":"category","embeddable":true,"href":"https:\/\/www.blogdopaulonunes.com\/v5\/index.php\/wp-json\/wp\/v2\/categories?post=119269"},{"taxonomy":"post_tag","embeddable":true,"href":"https:\/\/www.blogdopaulonunes.com\/v5\/index.php\/wp-json\/wp\/v2\/tags?post=119269"}],"curies":[{"name":"wp","href":"https:\/\/api.w.org\/{rel}","templated":true}]}}