{"id":118905,"date":"2024-03-25T20:32:13","date_gmt":"2024-03-25T23:32:13","guid":{"rendered":"https:\/\/www.blogdopaulonunes.com\/v5\/?p=118905"},"modified":"2024-03-25T20:32:13","modified_gmt":"2024-03-25T23:32:13","slug":"embaixador-hungaro-fica-em-silencio-e-itamaraty-suspeita-de-plano-com-defesa-de-bolsonaro","status":"publish","type":"post","link":"https:\/\/www.blogdopaulonunes.com\/v5\/index.php\/2024\/03\/25\/embaixador-hungaro-fica-em-silencio-e-itamaraty-suspeita-de-plano-com-defesa-de-bolsonaro\/","title":{"rendered":"Embaixador h\u00fangaro fica em sil\u00eancio e Itamaraty suspeita de plano com defesa de Bolsonaro"},"content":{"rendered":"<p style=\"text-align: justify;\"><strong>Reuni\u00e3o entre Miklos Halmai e Maria Luisa Escorel, chefe do departamento da Europa no Minist\u00e9rio das Rela\u00e7\u00f5es Exteriores brasileiro, durou apenas 20 minutos<\/strong><\/p>\n<p style=\"text-align: justify;\">\u00a0O embaixador da Hungria em Bras\u00edlia, Miklos Halmai,\u00a0<a href=\"https:\/\/www.brasil247.com\/regionais\/brasilia\/itamaraty-convoca-e-cobra-esclarecimentos-de-embaixador-hungaro-que-abrigou-bolsonaro\">encontrou-se com representantes do governo brasileiro nesta segunda-feira (25)<\/a>\u00a0ap\u00f3s ter sido convocado para prestar esclarecimentos sobre o abrigo concedido ao ex-presidente Jair Bolsonaro na sede da embaixada em fevereiro. No entanto, Halmai permaneceu em sil\u00eancio durante a reuni\u00e3o no Itamaraty, mantendo um contato constante com Budapeste, informa o colunista Jamil Chade, do UOL.<\/p>\n<p style=\"text-align: justify;\">Segundo o jornalista, a reuni\u00e3o entre Halmai e Maria Luisa Escorel, chefe do departamento da Europa no Minist\u00e9rio das Rela\u00e7\u00f5es Exteriores brasileiro, durou apenas 20 minutos. A atitude reservada do embaixador h\u00fangaro gerou suspeitas no Itamaraty, levantando a possibilidade de que o sil\u00eancio tenha sido combinado em conluio com a defesa do ex-presidente Bolsonaro.<\/p>\n<p style=\"text-align: justify;\">A convoca\u00e7\u00e3o de Halmai pelo governo brasileiro evidencia a insatisfa\u00e7\u00e3o oficial com a conduta da Hungria em rela\u00e7\u00e3o ao epis\u00f3dio. Vale apontar que a convoca\u00e7\u00e3o de um embaixador tem como objetivo n\u00e3o apenas pedir esclarecimentos, mas tamb\u00e9m enviar uma mensagem clara de desaprova\u00e7\u00e3o em rela\u00e7\u00e3o a a\u00e7\u00f5es de um governo estrangeiro.<\/p>\n<p>Nos bastidores, a diplomacia brasileira expressa crescente impaci\u00eancia com o comportamento do embaixador h\u00fangaro, especialmente diante da\u00a0<a href=\"https:\/\/www.brasil247.com\/poder\/bolsonaro-admite-que-pediu-abrigo-na-embaixada-da-hungria-apos-apreensao-do-passaporte\">revela\u00e7\u00e3o de que Bolsonaro buscou ref\u00fagio na embaixada da Hungria em Bras\u00edlia poucos dias ap\u00f3s ter seu passaporte retido pela Pol\u00edcia Federal<\/a>.<\/p>\n<div class=\"contentAd contentAd--noBackground marginBottom30\">\n<div class=\"marginTop10 adBackground\"><\/div>\n<\/div>\n","protected":false},"excerpt":{"rendered":"<p>Reuni\u00e3o entre Miklos Halmai e Maria Luisa Escorel, chefe do departamento da Europa no Minist\u00e9rio das Rela\u00e7\u00f5es Exteriores brasileiro, durou apenas 20 minutos \u00a0O embaixador da Hungria em Bras\u00edlia, Miklos Halmai,\u00a0encontrou-se com representantes do governo brasileiro nesta segunda-feira (25)\u00a0ap\u00f3s ter sido convocado para prestar esclarecimentos sobre o abrigo concedido ao ex-presidente Jair Bolsonaro na sede [&hellip;]<\/p>\n","protected":false},"author":2,"featured_media":118906,"comment_status":"open","ping_status":"open","sticky":false,"template":"","format":"standard","meta":[],"categories":[127,105],"tags":[151,3867,3866,3865],"_links":{"self":[{"href":"https:\/\/www.blogdopaulonunes.com\/v5\/index.php\/wp-json\/wp\/v2\/posts\/118905"}],"collection":[{"href":"https:\/\/www.blogdopaulonunes.com\/v5\/index.php\/wp-json\/wp\/v2\/posts"}],"about":[{"href":"https:\/\/www.blogdopaulonunes.com\/v5\/index.php\/wp-json\/wp\/v2\/types\/post"}],"author":[{"embeddable":true,"href":"https:\/\/www.blogdopaulonunes.com\/v5\/index.php\/wp-json\/wp\/v2\/users\/2"}],"replies":[{"embeddable":true,"href":"https:\/\/www.blogdopaulonunes.com\/v5\/index.php\/wp-json\/wp\/v2\/comments?post=118905"}],"version-history":[{"count":1,"href":"https:\/\/www.blogdopaulonunes.com\/v5\/index.php\/wp-json\/wp\/v2\/posts\/118905\/revisions"}],"predecessor-version":[{"id":118907,"href":"https:\/\/www.blogdopaulonunes.com\/v5\/index.php\/wp-json\/wp\/v2\/posts\/118905\/revisions\/118907"}],"wp:featuredmedia":[{"embeddable":true,"href":"https:\/\/www.blogdopaulonunes.com\/v5\/index.php\/wp-json\/wp\/v2\/media\/118906"}],"wp:attachment":[{"href":"https:\/\/www.blogdopaulonunes.com\/v5\/index.php\/wp-json\/wp\/v2\/media?parent=118905"}],"wp:term":[{"taxonomy":"category","embeddable":true,"href":"https:\/\/www.blogdopaulonunes.com\/v5\/index.php\/wp-json\/wp\/v2\/categories?post=118905"},{"taxonomy":"post_tag","embeddable":true,"href":"https:\/\/www.blogdopaulonunes.com\/v5\/index.php\/wp-json\/wp\/v2\/tags?post=118905"}],"curies":[{"name":"wp","href":"https:\/\/api.w.org\/{rel}","templated":true}]}}