{"id":118899,"date":"2024-03-25T04:35:22","date_gmt":"2024-03-25T07:35:22","guid":{"rendered":"https:\/\/www.blogdopaulonunes.com\/v5\/?p=118899"},"modified":"2024-03-25T04:35:22","modified_gmt":"2024-03-25T07:35:22","slug":"aegea-contribui-com-a-universalizacao-do-saneamento-basico-no-brasil","status":"publish","type":"post","link":"https:\/\/www.blogdopaulonunes.com\/v5\/index.php\/2024\/03\/25\/aegea-contribui-com-a-universalizacao-do-saneamento-basico-no-brasil\/","title":{"rendered":"Aegea contribui com a universaliza\u00e7\u00e3o do saneamento b\u00e1sico no Brasil"},"content":{"rendered":"<p style=\"text-align: justify;\"><strong>31 milh\u00f5es de brasileiros j\u00e1 foram beneficiados com os servi\u00e7os da companhia, que leva dignidade, sa\u00fade e prosperidade para quem mais precisa, por meio da \u00e1gua de qualidade e coleta e tratamento de esgoto.<\/strong><\/p>\n<p>Abrir a torneira e sair \u00e1gua limpa, tomar um banho de chuveiro e contar com coleta e tratamento de esgoto podem parecer a\u00e7\u00f5es corriqueiras, por\u00e9m, para milh\u00f5es de brasileiros n\u00e3o \u00e9.<\/p>\n<p style=\"text-align: justify;\">Em pleno 2024, quase metade da popula\u00e7\u00e3o do Pa\u00eds ainda n\u00e3o tem acesso \u00e0 coleta e tratamento de esgoto e mais de 30 milh\u00f5es est\u00e3o sem acesso \u00e0 \u00e1gua tratada. O saneamento b\u00e1sico, como o pr\u00f3prio nome diz, deveria ser a prioridade na infraestrutura no Brasil, mas, infelizmente, temos uma dist\u00e2ncia enorme comparada aos pa\u00edses desenvolvidos, que j\u00e1 resolveram isso h\u00e1 uns 50 anos atr\u00e1s. \u201c<em>Temos uma lacuna medieval desse servi\u00e7o em nosso Pa\u00eds. O dilema da infraestrutura est\u00e1 na ess\u00eancia da nossa evolu\u00e7\u00e3o como sociedade\u201d<\/em>, ressalta Radam\u00e9s Casseb, CEO da Aegea.<\/p>\n<p style=\"text-align: justify;\">Por\u00e9m, mesmo dentro desse cen\u00e1rio preocupante, as coisas est\u00e3o mudando. Setores p\u00fablicos e privados est\u00e3o trabalhando efetivamente na solu\u00e7\u00e3o deste problema, focados nas metas estabelecidas no\u00a0<a href=\"https:\/\/www.gov.br\/economia\/pt-br\/assuntos\/noticias\/2022\/setembro\/novo-marco-legal-do-saneamento-basico#:~:text=Para%20assegurar%20o%20cumprimento%20dos,tratamento%20de%20esgotos%20at%C3%A9%202033.\" target=\"_blank\" rel=\"noopener\">Novo Marco Legal do Saneamento<\/a>, atualizado em 2020, que prev\u00ea a universaliza\u00e7\u00e3o desses servi\u00e7os at\u00e9 2033, onde 99% da popula\u00e7\u00e3o dever\u00e1 ter acesso \u00e0 \u00e1gua pot\u00e1vel e 90% \u00e0 coleta e tratamento de esgoto.<\/p>\n<p>&nbsp;<\/p>\n<div>\n<dl id=\"attachment_6718549\">\n<dt><img loading=\"lazy\" src=\"https:\/\/www.cnnbrasil.com.br\/wp-content\/uploads\/sites\/12\/2024\/03\/CALOR-AMZONICO-6.jpg?w=1024\" alt=\"\" width=\"1024\" height=\"768\" \/><\/dt>\n<\/dl>\n<\/div>\n<p>&nbsp;<\/p>\n<p style=\"text-align: justify;\">Segundo Radam\u00e9s, \u00e9 de suma import\u00e2ncia estabelecer parcerias para alcan\u00e7ar a universaliza\u00e7\u00e3o do saneamento, \u201c<em>nessa jornada, precisamos, juntos, amadurecer o processo de regula\u00e7\u00e3o, reduzindo o risco regulat\u00f3rio para atrair capital na ordem de 900 bilh\u00f5es de reais rumo \u00e0 implanta\u00e7\u00e3o, a amplia\u00e7\u00e3o dos servi\u00e7os de coleta e tratamento de esgoto, junto aos servi\u00e7os de distribui\u00e7\u00e3o de \u00e1gua pot\u00e1vel, causando toda essa transforma\u00e7\u00e3o de externalidade e de recupera\u00e7\u00e3o ambiental, e de acessibilidade para as pessoas que tanto precisam disso.<\/em>\u201d<\/p>\n<p style=\"text-align: justify;\">A\u00a0<a href=\"https:\/\/www.aegea.com.br\/\" target=\"_blank\" rel=\"noopener\">Aegea<\/a>, maior empresa privada de saneamento b\u00e1sico do Brasil e do mundo em n\u00famero de pessoas atendidas, tem grande responsabilidade na solu\u00e7\u00e3o deste problema. Sempre priorizando o atendimento \u00e0 popula\u00e7\u00e3o mais vulner\u00e1vel, a companhia est\u00e1 presente em 505 munic\u00edpios, de 14 estados, em todas as regi\u00f5es do Brasil, por meio de suas concession\u00e1rias, beneficiando mais de 31 milh\u00f5es de pessoas.<\/p>\n<p style=\"text-align: justify;\">\u201c<em>Para a Aegea, uma concess\u00e3o n\u00e3o \u00e9 apenas um contrato, mas um compromisso com a gera\u00e7\u00e3o de prosperidade compartilhada em cada territ\u00f3rio onde atua, promovendo vidas mais dignas e saud\u00e1veis, e reduzindo as diferen\u00e7as<\/em>\u201d, explica Radam\u00e9s. Um bom exemplo disso \u00e9 a\u00a0<strong>Tarifa Social<\/strong>\u00a0\u2013 instrumento financeiro que permite com que o valor da conta caiba na renda das fam\u00edlias vulner\u00e1veis, trazendo-as para a base de clientes e reduzindo a inadimpl\u00eancia e perdas de \u00e1gua, o que se traduz em menos custos. Para as fam\u00edlias, t\u00e3o importante quanto a sa\u00fade e a melhora nas condi\u00e7\u00f5es sanit\u00e1rias, \u00e9 passar a ter um comprovante de resid\u00eancia, t\u00e3o necess\u00e1rio para a inclus\u00e3o social.<\/p>\n<p style=\"text-align: justify;\">\u201c<em>A tarifa social \u00e9 um conceito regulat\u00f3rio que a Aegea est\u00e1 buscando ampliar nos seus contratos. Hoje, mais de 1.7 milh\u00e3o de pessoas s\u00e3o beneficiadas com esse incentivo tarif\u00e1rio pagando menos que a metade de uma tarifa b\u00e1sica. Isso faz com que as pessoas em situa\u00e7\u00e3o de vulnerabilidade possam ter a condi\u00e7\u00e3o para ter o servi\u00e7o, com a dignidade de ter uma tarifa adequada \u00e0 sua renda familiar<\/em>\u201d, complementa Radam\u00e9s.<\/p>\n<div>\n<dl id=\"attachment_6718563\">\n<dt><img loading=\"lazy\" src=\"https:\/\/www.cnnbrasil.com.br\/wp-content\/uploads\/sites\/12\/2024\/03\/ETE-Penha.jpeg?w=1024\" alt=\"\" width=\"1024\" height=\"594\" \/><\/dt>\n<\/dl>\n<\/div>\n<p>&nbsp;<\/p>\n<p style=\"text-align: justify;\">Seja nas \u00e1reas mais remotas ou em grandes metr\u00f3poles, a Aegea sempre vai al\u00e9m do que est\u00e1 previsto no contrato de concess\u00e3o e refor\u00e7a a sua vis\u00e3o de atua\u00e7\u00e3o sustent\u00e1vel, eficiente e com iniciativas que valorizem a diversidade, como a contrata\u00e7\u00e3o de talentos engajados na presta\u00e7\u00e3o de servi\u00e7o, adequados a cada localidade. \u201c<em>Dentro da companhia chamamos de \u201cbrasicidades\u201d, que \u00e9 a maneira da gente entender cada pequeno lugar, e \u00e9 o que faz a diferen\u00e7a na presta\u00e7\u00e3o de servi\u00e7os, ter pessoas adequadas, com prop\u00f3sitos e valores alinhados a criar legado social<\/em>\u201d, afirma o CEO da empresa.<\/p>\n<p style=\"text-align: justify;\">Mesmo com uma enorme trajet\u00f3ria a percorrer, a Aegea se orgulha em contribuir constantemente para alcan\u00e7ar o Objetivo de Desenvolvimento Sustent\u00e1vel 6 (ODS) \u2013 \u00c1gua Limpa e Saneamento \u2013 da Organiza\u00e7\u00e3o das Na\u00e7\u00f5es Unidas (ONU), que visa assegurar a disponibilidade e a gest\u00e3o sustent\u00e1vel da \u00e1gua e do saneamento para todos.<\/p>\n<p style=\"text-align: justify;\">\u201c<em>Avan\u00e7ar com a rede de cobertura de esgoto, gerar empregos, recuperar mananciais ambientais, fazendo com que o turismo e as externalidades econ\u00f4micas retomem para aquela cidade, \u00e9 um pouco do nosso exerc\u00edcio nas mais de 500 cidades e 14 estados em que a Aegea atua hoje<\/em>\u201d, finaliza Radam\u00e9s Casseb.<\/p>\n","protected":false},"excerpt":{"rendered":"<p>31 milh\u00f5es de brasileiros j\u00e1 foram beneficiados com os servi\u00e7os da companhia, que leva dignidade, sa\u00fade e prosperidade para quem mais precisa, por meio da \u00e1gua de qualidade e coleta e tratamento de esgoto. Abrir a torneira e sair \u00e1gua limpa, tomar um banho de chuveiro e contar com coleta e tratamento de esgoto podem [&hellip;]<\/p>\n","protected":false},"author":2,"featured_media":118900,"comment_status":"open","ping_status":"open","sticky":false,"template":"","format":"standard","meta":[],"categories":[99,71],"tags":[674,3864,2335,580],"_links":{"self":[{"href":"https:\/\/www.blogdopaulonunes.com\/v5\/index.php\/wp-json\/wp\/v2\/posts\/118899"}],"collection":[{"href":"https:\/\/www.blogdopaulonunes.com\/v5\/index.php\/wp-json\/wp\/v2\/posts"}],"about":[{"href":"https:\/\/www.blogdopaulonunes.com\/v5\/index.php\/wp-json\/wp\/v2\/types\/post"}],"author":[{"embeddable":true,"href":"https:\/\/www.blogdopaulonunes.com\/v5\/index.php\/wp-json\/wp\/v2\/users\/2"}],"replies":[{"embeddable":true,"href":"https:\/\/www.blogdopaulonunes.com\/v5\/index.php\/wp-json\/wp\/v2\/comments?post=118899"}],"version-history":[{"count":1,"href":"https:\/\/www.blogdopaulonunes.com\/v5\/index.php\/wp-json\/wp\/v2\/posts\/118899\/revisions"}],"predecessor-version":[{"id":118901,"href":"https:\/\/www.blogdopaulonunes.com\/v5\/index.php\/wp-json\/wp\/v2\/posts\/118899\/revisions\/118901"}],"wp:featuredmedia":[{"embeddable":true,"href":"https:\/\/www.blogdopaulonunes.com\/v5\/index.php\/wp-json\/wp\/v2\/media\/118900"}],"wp:attachment":[{"href":"https:\/\/www.blogdopaulonunes.com\/v5\/index.php\/wp-json\/wp\/v2\/media?parent=118899"}],"wp:term":[{"taxonomy":"category","embeddable":true,"href":"https:\/\/www.blogdopaulonunes.com\/v5\/index.php\/wp-json\/wp\/v2\/categories?post=118899"},{"taxonomy":"post_tag","embeddable":true,"href":"https:\/\/www.blogdopaulonunes.com\/v5\/index.php\/wp-json\/wp\/v2\/tags?post=118899"}],"curies":[{"name":"wp","href":"https:\/\/api.w.org\/{rel}","templated":true}]}}