{"id":118896,"date":"2024-03-25T04:10:32","date_gmt":"2024-03-25T07:10:32","guid":{"rendered":"https:\/\/www.blogdopaulonunes.com\/v5\/?p=118896"},"modified":"2024-03-25T04:10:32","modified_gmt":"2024-03-25T07:10:32","slug":"com-vistas-a-formacao-de-novos-talentos-governador-entrega-centro-de-educacao-profissional","status":"publish","type":"post","link":"https:\/\/www.blogdopaulonunes.com\/v5\/index.php\/2024\/03\/25\/com-vistas-a-formacao-de-novos-talentos-governador-entrega-centro-de-educacao-profissional\/","title":{"rendered":"Com vistas \u00e0 forma\u00e7\u00e3o de novos talentos, governador entrega Centro de Educa\u00e7\u00e3o Profissional"},"content":{"rendered":"<h4 style=\"text-align: justify;\">Unidade vai oferecer estrutura completa para forma\u00e7\u00e3o de jovens do bairro mais populoso da cidade<\/h4>\n<p style=\"text-align: justify;\">Conhecida por seus atrativos tur\u00edsticos hist\u00f3ricos e culturais, al\u00e9m de ter a segunda maior popula\u00e7\u00e3o ind\u00edgena do pa\u00eds, a cidade de Porto Seguro, localizada na Costa do Descobrimento, ganhou mais um investimento do Governo do Estado na \u00e1rea de educa\u00e7\u00e3o. Neste s\u00e1bado (23), o governador Jer\u00f4nimo Rodrigues, entregou uma escola no bairro mais populoso do munic\u00edpio, Jardim Novo Brasil, onde foi recebido com apresenta\u00e7\u00e3o musical do grupo ind\u00edgena, Aw\u00ea Patax\u00f3.<\/p>\n<p style=\"text-align: justify;\">Para o governador, \u201ca entrega de uma escola em tempo integral \u00e9 especialmente relevante, pois oferece n\u00e3o apenas educa\u00e7\u00e3o, mas tamb\u00e9m alimenta\u00e7\u00e3o adequada e atividades esportivas, criando um ambiente prop\u00edcio para os jovens sonharem com um futuro promissor e contribuir para um ambiente saud\u00e1vel e seguro em Porto Seguro\u201d, disse.<\/p>\n<p style=\"text-align: justify;\">O Centro Estadual de Educa\u00e7\u00e3o Profissional 2 de Julho, situado no bairro conhecido como Baian\u00e3o, conta com uma mega estrutura composta por 12 salas de aula, cinco laborat\u00f3rios (meio ambiente, inform\u00e1tica, qu\u00edmica\/biologia, linguagens, gest\u00e3o e neg\u00f3cios), uma sala multifuncional, al\u00e9m de biblioteca, teatro, restaurante, quadra poliesportiva, 17 banheiros e espa\u00e7o de viv\u00eancias corporais. Foram investidos R$ 30 milh\u00f5es na constru\u00e7\u00e3o do equipamento.<\/p>\n<p style=\"text-align: justify;\">Em um contexto socioecon\u00f4mico, a unidade garante o futuro de 497 jovens da comunidade local, que agora passam a ter oportunidades e recursos importantes. O novo centro\u00a0de ensino integral oferece qualifica\u00e7\u00e3o profissional para estudantes do primeiro ano do ensino m\u00e9dio, um pontap\u00e9 inicial para acesso ao mercado de trabalho.<\/p>\n<p style=\"text-align: justify;\">Para a superintendente de Pol\u00edticas para os Povos Ind\u00edgenas da Bahia, Patr\u00edcia Patax\u00f3, esta entrega tem um significado especial tamb\u00e9m para as comunidades ind\u00edgenas. \u201cEla representa a chegada de mais pol\u00edticas p\u00fablicas para os territ\u00f3rios, especialmente para a Costa do Descobrimento, onde h\u00e1 o maior n\u00famero de ind\u00edgenas no estado da Bahia, incluindo a comunidade Patax\u00f3. Traz melhores condi\u00e7\u00f5es de educa\u00e7\u00e3o escolar para todos, sobretudo para os ind\u00edgenas que vivem em contexto urbano na regi\u00e3o\u201d, destacou.<\/p>\n<p style=\"text-align: justify;\">Durante a inaugura\u00e7\u00e3o, o governador aproveitou para visitar toda a estrutura escolar, conversar com os estudantes e tomar um caf\u00e9 da manh\u00e3 refor\u00e7ado. Ele pontuou que o centro amplia as oportunidades de forma\u00e7\u00e3o e qualifica\u00e7\u00e3o profissional para os jovens. Ainda este ano, est\u00e1 prevista na unidade, a implanta\u00e7\u00e3o de campo de futebol society, pista de atletismo e vesti\u00e1rio. O investimento estimado \u00e9 de 2,4 milh\u00f5es de reais.<\/p>\n","protected":false},"excerpt":{"rendered":"<p>Unidade vai oferecer estrutura completa para forma\u00e7\u00e3o de jovens do bairro mais populoso da cidade Conhecida por seus atrativos tur\u00edsticos hist\u00f3ricos e culturais, al\u00e9m de ter a segunda maior popula\u00e7\u00e3o ind\u00edgena do pa\u00eds, a cidade de Porto Seguro, localizada na Costa do Descobrimento, ganhou mais um investimento do Governo do Estado na \u00e1rea de educa\u00e7\u00e3o. [&hellip;]<\/p>\n","protected":false},"author":2,"featured_media":118897,"comment_status":"open","ping_status":"open","sticky":false,"template":"","format":"standard","meta":[],"categories":[74,71],"tags":[2512],"_links":{"self":[{"href":"https:\/\/www.blogdopaulonunes.com\/v5\/index.php\/wp-json\/wp\/v2\/posts\/118896"}],"collection":[{"href":"https:\/\/www.blogdopaulonunes.com\/v5\/index.php\/wp-json\/wp\/v2\/posts"}],"about":[{"href":"https:\/\/www.blogdopaulonunes.com\/v5\/index.php\/wp-json\/wp\/v2\/types\/post"}],"author":[{"embeddable":true,"href":"https:\/\/www.blogdopaulonunes.com\/v5\/index.php\/wp-json\/wp\/v2\/users\/2"}],"replies":[{"embeddable":true,"href":"https:\/\/www.blogdopaulonunes.com\/v5\/index.php\/wp-json\/wp\/v2\/comments?post=118896"}],"version-history":[{"count":1,"href":"https:\/\/www.blogdopaulonunes.com\/v5\/index.php\/wp-json\/wp\/v2\/posts\/118896\/revisions"}],"predecessor-version":[{"id":118898,"href":"https:\/\/www.blogdopaulonunes.com\/v5\/index.php\/wp-json\/wp\/v2\/posts\/118896\/revisions\/118898"}],"wp:featuredmedia":[{"embeddable":true,"href":"https:\/\/www.blogdopaulonunes.com\/v5\/index.php\/wp-json\/wp\/v2\/media\/118897"}],"wp:attachment":[{"href":"https:\/\/www.blogdopaulonunes.com\/v5\/index.php\/wp-json\/wp\/v2\/media?parent=118896"}],"wp:term":[{"taxonomy":"category","embeddable":true,"href":"https:\/\/www.blogdopaulonunes.com\/v5\/index.php\/wp-json\/wp\/v2\/categories?post=118896"},{"taxonomy":"post_tag","embeddable":true,"href":"https:\/\/www.blogdopaulonunes.com\/v5\/index.php\/wp-json\/wp\/v2\/tags?post=118896"}],"curies":[{"name":"wp","href":"https:\/\/api.w.org\/{rel}","templated":true}]}}