{"id":118232,"date":"2024-02-20T13:31:35","date_gmt":"2024-02-20T16:31:35","guid":{"rendered":"https:\/\/www.blogdopaulonunes.com\/v5\/?p=118232"},"modified":"2024-02-20T21:28:36","modified_gmt":"2024-02-21T00:28:36","slug":"senado-analisa-restricao-de-saida-temporaria-de-presos-nesta-terca-20","status":"publish","type":"post","link":"https:\/\/www.blogdopaulonunes.com\/v5\/index.php\/2024\/02\/20\/senado-analisa-restricao-de-saida-temporaria-de-presos-nesta-terca-20\/","title":{"rendered":"Senado analisa restri\u00e7\u00e3o de sa\u00edda tempor\u00e1ria de presos nesta ter\u00e7a, 20"},"content":{"rendered":"<p style=\"text-align: justify;\">O projeto de lei que restringe o benef\u00edcio da sa\u00edda tempor\u00e1ria para presos condenados \u00e9 um dos tr\u00eas itens da pauta deliberativa do Plen\u00e1rio do Senado desta ter\u00e7a-feira (20). A previs\u00e3o \u00e9 que a sess\u00e3o tenha in\u00edcio \u00e0s 14h.\u00a0O\u00a0PL 2.253\/2022\u00a0\u00a0entrou na ordem do dia ap\u00f3s aprova\u00e7\u00e3o de requerimento de urg\u00eancia quando parlamentares refor\u00e7aram a defesa pela aprova\u00e7\u00e3o do texto, especialmente ap\u00f3s a morte do policial militar Roger Dias da Cunha, de 29 anos, em janeiro. O autor do disparo estava nas ruas por causa da sa\u00edda tempor\u00e1ria de Natal.<\/p>\n<p style=\"text-align: justify;\">De autoria da C\u00e2mara dos Deputados, o texto tramitou naquela Casa por mais de 11 anos anos\u00a0e come\u00e7ou a ser analisado pelos senadores em 2022. J\u00e1 na retomada dos trabalhos legislativos, no in\u00edcio deste m\u00eas, o projeto passou pela aprova\u00e7\u00e3o da Comiss\u00e3o de Seguran\u00e7a P\u00fablica (CSP) com relat\u00f3rio favor\u00e1vel do senador Fl\u00e1vio Bolsonaro (PL-RJ).<\/p>\n<p style=\"text-align: justify;\">O texto revoga o artigo 122 da Lei de Execu\u00e7\u00e3o Penal (Lei 7.210, de 1984). Pela legisla\u00e7\u00e3o em vigor, o benef\u00edcio conhecido como said\u00e3o vale para condenados que cumprem pena em regime semiaberto. Eles podem sair at\u00e9 cinco vezes ao ano, sem vigil\u00e2ncia direta, para visitar a fam\u00edlia, estudar fora da cadeia ou participar de atividades que contribuam para a ressocializa\u00e7\u00e3o.<\/p>\n<p style=\"text-align: justify;\">Apesar da aprova\u00e7\u00e3o da urg\u00eancia, alguns senadores lamentaram o fato de a mat\u00e9ria n\u00e3o ter sido discutida na Comiss\u00e3o de Constitui\u00e7\u00e3o e Justi\u00e7a (CCJ), como estava previsto anteriormente. Os senadores Paulo Paim (PT-RS), Jorge Kajuru (PSB-GO), Zenaide Maia (PSD-RN) e Randolfe Rodrigues (sem partido-AP) chegaram a votar contra o requerimento de urg\u00eancia para que o colegiado pudesse se manifestar.<\/p>\n<p style=\"text-align: justify;\">Monitoramento<br \/>\nAl\u00e9m da sa\u00edda tempor\u00e1ria, o projeto trata de outros temas, como a realiza\u00e7\u00e3o de exame criminol\u00f3gico para a progress\u00e3o de regime de condenados. De acordo com o texto, um apenado s\u00f3 ter\u00e1 direito ao benef\u00edcio se \u201costentar boa conduta carcer\u00e1ria, comprovada pelo diretor do estabelecimento e pelos resultados do exame criminol\u00f3gico\u201d. O teste deve avaliar, por exemplo, se o preso \u00e9 capaz se ajustar ao novo regime \u201ccom autodisciplina, baixa periculosidade e senso de responsabilidade\u201d.<\/p>\n<p style=\"text-align: justify;\">O projeto tamb\u00e9m estabelece regras para a monitora\u00e7\u00e3o de presos. Segundo a proposi\u00e7\u00e3o, o juiz pode determinar a fiscaliza\u00e7\u00e3o eletr\u00f4nica para:<\/p>\n<ol style=\"text-align: justify;\">\n<li>aplicar pena privativa de liberdade a ser cumprida nos regimes aberto ou semiaberto ou conceder progress\u00e3o para tais regimes;<br \/>\naplicar pena restritiva de direitos que estabele\u00e7a limita\u00e7\u00e3o de frequ\u00eancia a lugares espec\u00edficos; e<br \/>\nconceder o livramento condicional.Ainda de acordo com o texto, o preso que violar ou danificar o dispositivo de monitora\u00e7\u00e3o eletr\u00f4nica fica sujeito puni\u00e7\u00f5es como:<\/li>\n<li>revoga\u00e7\u00e3o do livramento condicional.<\/li>\n<li>convers\u00e3o da pena restritiva de direitos em pena privativa de liberdade.<\/li>\n<\/ol>\n<p style=\"text-align: justify;\">Fonte: Ag\u00eancia Senado<\/p>\n","protected":false},"excerpt":{"rendered":"<p>O projeto de lei que restringe o benef\u00edcio da sa\u00edda tempor\u00e1ria para presos condenados \u00e9 um dos tr\u00eas itens da pauta deliberativa do Plen\u00e1rio do Senado desta ter\u00e7a-feira (20). A previs\u00e3o \u00e9 que a sess\u00e3o tenha in\u00edcio \u00e0s 14h.\u00a0O\u00a0PL 2.253\/2022\u00a0\u00a0entrou na ordem do dia ap\u00f3s aprova\u00e7\u00e3o de requerimento de urg\u00eancia quando parlamentares refor\u00e7aram a defesa [&hellip;]<\/p>\n","protected":false},"author":2,"featured_media":118233,"comment_status":"open","ping_status":"open","sticky":false,"template":"","format":"standard","meta":[],"categories":[36,105],"tags":[3599,3406],"_links":{"self":[{"href":"https:\/\/www.blogdopaulonunes.com\/v5\/index.php\/wp-json\/wp\/v2\/posts\/118232"}],"collection":[{"href":"https:\/\/www.blogdopaulonunes.com\/v5\/index.php\/wp-json\/wp\/v2\/posts"}],"about":[{"href":"https:\/\/www.blogdopaulonunes.com\/v5\/index.php\/wp-json\/wp\/v2\/types\/post"}],"author":[{"embeddable":true,"href":"https:\/\/www.blogdopaulonunes.com\/v5\/index.php\/wp-json\/wp\/v2\/users\/2"}],"replies":[{"embeddable":true,"href":"https:\/\/www.blogdopaulonunes.com\/v5\/index.php\/wp-json\/wp\/v2\/comments?post=118232"}],"version-history":[{"count":2,"href":"https:\/\/www.blogdopaulonunes.com\/v5\/index.php\/wp-json\/wp\/v2\/posts\/118232\/revisions"}],"predecessor-version":[{"id":118236,"href":"https:\/\/www.blogdopaulonunes.com\/v5\/index.php\/wp-json\/wp\/v2\/posts\/118232\/revisions\/118236"}],"wp:featuredmedia":[{"embeddable":true,"href":"https:\/\/www.blogdopaulonunes.com\/v5\/index.php\/wp-json\/wp\/v2\/media\/118233"}],"wp:attachment":[{"href":"https:\/\/www.blogdopaulonunes.com\/v5\/index.php\/wp-json\/wp\/v2\/media?parent=118232"}],"wp:term":[{"taxonomy":"category","embeddable":true,"href":"https:\/\/www.blogdopaulonunes.com\/v5\/index.php\/wp-json\/wp\/v2\/categories?post=118232"},{"taxonomy":"post_tag","embeddable":true,"href":"https:\/\/www.blogdopaulonunes.com\/v5\/index.php\/wp-json\/wp\/v2\/tags?post=118232"}],"curies":[{"name":"wp","href":"https:\/\/api.w.org\/{rel}","templated":true}]}}