{"id":118224,"date":"2024-02-20T11:26:20","date_gmt":"2024-02-20T14:26:20","guid":{"rendered":"https:\/\/www.blogdopaulonunes.com\/v5\/?p=118224"},"modified":"2024-02-20T21:33:54","modified_gmt":"2024-02-21T00:33:54","slug":"mesa-da-assembleia-deve-analisar-pedido-de-inscricao-de-fabricio-ao-tcm","status":"publish","type":"post","link":"https:\/\/www.blogdopaulonunes.com\/v5\/index.php\/2024\/02\/20\/mesa-da-assembleia-deve-analisar-pedido-de-inscricao-de-fabricio-ao-tcm\/","title":{"rendered":"Mesa da Assembleia deve analisar pedido de inscri\u00e7\u00e3o de Fabr\u00edcio ao TCM"},"content":{"rendered":"<p style=\"text-align: justify;\">A Mesa Diretora da Assembleia Legislativa marcou para a manh\u00e3 da pr\u00f3xima ter\u00e7a-feira (27) a reuni\u00e3o que deve analisar o pedido do deputado Fabr\u00edcio Falc\u00e3o (PCdoB) para se inscrever na disputa pela cadeira vaga no Tribunal de Contas dos Munic\u00edpios (TCM) com a aposentadoria do conselheiro Fernando Vita, em dezembro de 2023. O PT, que lan\u00e7ou a candidatura do deputado petista Paulo Rangel \u00e0 Corte, se movimenta nos bastidores para n\u00e3o haver qu\u00f3rum.<\/p>\n<p style=\"text-align: justify;\">Fabr\u00edcio n\u00e3o conseguiu se inscrever diretamente porque n\u00e3o obteve o n\u00famero m\u00ednimo de 13 assinaturas necess\u00e1rias entre os 63 parlamentares na Casa. Paulo Rangel, que \u00e9 o favorito, se inscreveu com o respaldo de 38 membros da base governista (do PT, PSD, PV, PSB, MDB, Patriota, Podemos, Avante, PP, e partes do PL e do Solidariedade), enquanto o ex-deputado Marcelo Nilo (Republicanos) o fez com 18, com o apoio da bancada de oposi\u00e7\u00e3o (do Uni\u00e3o, PSDB, Republicanos e partes do PL e do Solidariedade).<\/p>\n<p style=\"text-align: justify;\">Apenas sete deputados n\u00e3o assinaram nenhuma das duas listas: o pr\u00f3prio Fabr\u00edcio, Z\u00f3 (PCdoB), Ol\u00edvia Santana (PCdoB), Bob\u00f4 (PCdoB), Marcinho Oliveira (Uni\u00e3o), Hilton Coelho (Psol) e Diego Castro (PL). Z\u00f3, inclusive, \u00e9 um dos nove membros da Mesa Diretora (\u00e9 o quarto-secret\u00e1rio) e vai apoiar o pedido de inscri\u00e7\u00e3o do colega de partido no colegiado.<\/p>\n<p style=\"text-align: justify;\">Segundo apurou este\u00a0<strong>Pol\u00edtica Livre<\/strong>, Fabr\u00edcio teria tamb\u00e9m os apoios declarados de outros dois membros da Mesa Diretora: Samuel J\u00fanior (Republicanos), que \u00e9 segundo-secret\u00e1rio, e Marcelinho Veiga (Uni\u00e3o), o primeiro-secret\u00e1rio e genro de Marcelo Nilo, que tem interesse em dividir a base do governador Jer\u00f4nimo Rodrigues (PT) com dois candidatos governistas.<\/p>\n<p style=\"text-align: justify;\">A avalia\u00e7\u00e3o no PT \u00e9 que Fabr\u00edcio dever\u00e1 ser aprovado no colegiado, pois n\u00e3o teria dificuldades em obter o apoio de outros deputados, a exemplo de Marquinhos Viana (PV), que \u00e9 o segundo-vice da Assembleia, e do pr\u00f3prio presidente da Casa, Adolfo Menezes (PSD), que n\u00e3o se posicionaria contra o pleito do colega. Alguns consideram que seria, inclusive, constrangedor impedir que um parlamentar possa ser candidato ao TCM. Por isso, a estrat\u00e9gia petista \u00e9 garantir que a reuni\u00e3o n\u00e3o aconte\u00e7a por falta de qu\u00f3rum.<\/p>\n<p style=\"text-align: justify;\">A ter\u00e7a \u00e9 justamente o \u00faltimo dia em que os postulantes ao TCM devem se inscrever. Ou seja, \u00e9 o prazo limite para a Mesa Diretora tomar uma decis\u00e3o sobre o pedido de Fabr\u00edcio. Vale frisar que o eventual posicionamento dos parlamentares do colegiado em favor da inscri\u00e7\u00e3o n\u00e3o significa declara\u00e7\u00e3o de voto no comunista na elei\u00e7\u00e3o, que deve ocorrer em mar\u00e7o no plen\u00e1rio da Assembleia, mas sim permitir que ele possa ser candidato. Dos nove membros da Mesa, apenas Z\u00f3 declarou voto no correligion\u00e1rio de partido, que aposta no voto secreto para vencer, assim como Marcelo Nilo.<\/p>\n<p style=\"text-align: justify;\">Os outros membros da Mesa s\u00e3o: Z\u00e9 Raimundo (PT), primeiro-vice; Ant\u00f4nio Henrique J\u00fanior (PP), terceiro-vice; Laerte do Vando (Podemos), quarto-vice; e Vitor Azevedo (PL), terceiro-secret\u00e1rio.<\/p>\n<p style=\"text-align: justify;\">Nesta segunda (19), em entrevista publicada no site, o presidente do PCdoB, Geraldo Galindo, defendeu que Fabr\u00edcio Falc\u00e3o entre na disputa.\u00a0<a href=\"https:\/\/politicalivre.com.br\/2024\/02\/entrevista-geraldo-galindo-nao-achamos-prudente-que-quatro-dos-sete-conselheiros-do-tcm-sejam-do-pt\/#gsc.tab=0\" target=\"_blank\" rel=\"noopener\">Ele criticou o PT e o governador por terem desrespeitado um acordo firmado em 2023 com Fabr\u00edcio e com a sigla comunista<\/a>.<\/p>\n<p><strong>Por Raul Monteiro\/Pol\u00edtica Livre<\/strong><\/p>\n","protected":false},"excerpt":{"rendered":"<p>A Mesa Diretora da Assembleia Legislativa marcou para a manh\u00e3 da pr\u00f3xima ter\u00e7a-feira (27) a reuni\u00e3o que deve analisar o pedido do deputado Fabr\u00edcio Falc\u00e3o (PCdoB) para se inscrever na disputa pela cadeira vaga no Tribunal de Contas dos Munic\u00edpios (TCM) com a aposentadoria do conselheiro Fernando Vita, em dezembro de 2023. O PT, que [&hellip;]<\/p>\n","protected":false},"author":2,"featured_media":112733,"comment_status":"open","ping_status":"open","sticky":false,"template":"","format":"standard","meta":[],"categories":[112,105],"tags":[3601,986,3602,3600],"_links":{"self":[{"href":"https:\/\/www.blogdopaulonunes.com\/v5\/index.php\/wp-json\/wp\/v2\/posts\/118224"}],"collection":[{"href":"https:\/\/www.blogdopaulonunes.com\/v5\/index.php\/wp-json\/wp\/v2\/posts"}],"about":[{"href":"https:\/\/www.blogdopaulonunes.com\/v5\/index.php\/wp-json\/wp\/v2\/types\/post"}],"author":[{"embeddable":true,"href":"https:\/\/www.blogdopaulonunes.com\/v5\/index.php\/wp-json\/wp\/v2\/users\/2"}],"replies":[{"embeddable":true,"href":"https:\/\/www.blogdopaulonunes.com\/v5\/index.php\/wp-json\/wp\/v2\/comments?post=118224"}],"version-history":[{"count":2,"href":"https:\/\/www.blogdopaulonunes.com\/v5\/index.php\/wp-json\/wp\/v2\/posts\/118224\/revisions"}],"predecessor-version":[{"id":118237,"href":"https:\/\/www.blogdopaulonunes.com\/v5\/index.php\/wp-json\/wp\/v2\/posts\/118224\/revisions\/118237"}],"wp:featuredmedia":[{"embeddable":true,"href":"https:\/\/www.blogdopaulonunes.com\/v5\/index.php\/wp-json\/wp\/v2\/media\/112733"}],"wp:attachment":[{"href":"https:\/\/www.blogdopaulonunes.com\/v5\/index.php\/wp-json\/wp\/v2\/media?parent=118224"}],"wp:term":[{"taxonomy":"category","embeddable":true,"href":"https:\/\/www.blogdopaulonunes.com\/v5\/index.php\/wp-json\/wp\/v2\/categories?post=118224"},{"taxonomy":"post_tag","embeddable":true,"href":"https:\/\/www.blogdopaulonunes.com\/v5\/index.php\/wp-json\/wp\/v2\/tags?post=118224"}],"curies":[{"name":"wp","href":"https:\/\/api.w.org\/{rel}","templated":true}]}}