{"id":118216,"date":"2024-02-20T10:15:31","date_gmt":"2024-02-20T13:15:31","guid":{"rendered":"https:\/\/www.blogdopaulonunes.com\/v5\/?p=118216"},"modified":"2024-02-20T21:37:29","modified_gmt":"2024-02-21T00:37:29","slug":"carros-atolam-na-ladeira-do-jurema-e-alunos-ficam-sem-aula","status":"publish","type":"post","link":"https:\/\/www.blogdopaulonunes.com\/v5\/index.php\/2024\/02\/20\/carros-atolam-na-ladeira-do-jurema-e-alunos-ficam-sem-aula\/","title":{"rendered":"Carros atolam na Ladeira do Jurema e alunos ficam sem aula"},"content":{"rendered":"<p style=\"text-align: justify;\">A situa\u00e7\u00e3o est\u00e1 cr\u00edtica para moradores e estudantes que dependem da estrada que liga o Bate-P\u00e9 ao Pradoso. Segundo a lideran\u00e7a comunit\u00e1ria J\u00fanior Figueiredo, a Prefeitura cometeu o erro de realizar manuten\u00e7\u00e3o das vias em pleno per\u00edodo de chuva e o resultado \u00e9 o atolamento de carros e falta de aulas nas escolas.<\/p>\n<p style=\"text-align: justify;\">Em \u00e1udio encaminhado \u00e0 comunidade escolar por meio de aplicativo, uma gestora informou que o transporte dos professores n\u00e3o conseguia chegar \u00e0 escola e que as tarefas escolares seriam encaminhadas aos grupos para serem respondidas em casa. Segundo o \u00e1udio, havia carros atolados h\u00e1 dois dias, interditando a estrada.<\/p>\n<p style=\"text-align: justify;\">J\u00fanior Figueiredo afirma que a Prefeitura errou ao iniciar os trabalhos de reparo em per\u00edodo de chuva e diz que os preju\u00edzos para a comunidade s\u00e3o muitos. \u201cTemos o ano inteiro. Ser\u00e1 que o maquin\u00e1rio e quem comanda tudo, ser\u00e1 que n\u00e3o sabe que n\u00e3o coloca m\u00e1quinas e terra em per\u00edodos de chuvas? N\u00e3o sabem que as chuvas v\u00e3o at\u00e9 o final de mar\u00e7o? Ent\u00e3o, manuten\u00e7\u00e3o de estrada de ch\u00e3o \u00e9 a partir de maio. Inventaram de fazer manuten\u00e7\u00e3o sabendo que ia chover. Infelizmente, culpa da m\u00e1 administra\u00e7\u00e3o da Prefeitura de Vit\u00f3ria da Conquista. Fica aqui o meu rep\u00fadio. A nossa luta continua pela pavimenta\u00e7\u00e3o. N\u00e3o \u00e9 porque o governador veio aqui que vamos ficar calados\u201d, afirma Figueiredo.<\/p>\n<p><a href=\"https:\/\/www.blogdopaulonunes.com\/v5\/wp-content\/uploads\/2024\/02\/WhatsApp-Image-2024-02-20-at-09.21.07.jpeg\"><img loading=\"lazy\" class=\"aligncenter size-full wp-image-118217\" src=\"https:\/\/www.blogdopaulonunes.com\/v5\/wp-content\/uploads\/2024\/02\/WhatsApp-Image-2024-02-20-at-09.21.07.jpeg\" alt=\"\" width=\"600\" height=\"608\" \/><\/a> <a href=\"https:\/\/www.blogdopaulonunes.com\/v5\/wp-content\/uploads\/2024\/02\/WhatsApp-Image-2024-02-20-at-09.21.55.jpeg\"><img loading=\"lazy\" class=\"aligncenter size-full wp-image-118218\" src=\"https:\/\/www.blogdopaulonunes.com\/v5\/wp-content\/uploads\/2024\/02\/WhatsApp-Image-2024-02-20-at-09.21.55.jpeg\" alt=\"\" width=\"600\" height=\"610\" \/><\/a><\/p>\n","protected":false},"excerpt":{"rendered":"<p>A situa\u00e7\u00e3o est\u00e1 cr\u00edtica para moradores e estudantes que dependem da estrada que liga o Bate-P\u00e9 ao Pradoso. Segundo a lideran\u00e7a comunit\u00e1ria J\u00fanior Figueiredo, a Prefeitura cometeu o erro de realizar manuten\u00e7\u00e3o das vias em pleno per\u00edodo de chuva e o resultado \u00e9 o atolamento de carros e falta de aulas nas escolas. Em \u00e1udio [&hellip;]<\/p>\n","protected":false},"author":2,"featured_media":118217,"comment_status":"open","ping_status":"open","sticky":false,"template":"","format":"standard","meta":[],"categories":[104,72],"tags":[426,3337,3603,427],"_links":{"self":[{"href":"https:\/\/www.blogdopaulonunes.com\/v5\/index.php\/wp-json\/wp\/v2\/posts\/118216"}],"collection":[{"href":"https:\/\/www.blogdopaulonunes.com\/v5\/index.php\/wp-json\/wp\/v2\/posts"}],"about":[{"href":"https:\/\/www.blogdopaulonunes.com\/v5\/index.php\/wp-json\/wp\/v2\/types\/post"}],"author":[{"embeddable":true,"href":"https:\/\/www.blogdopaulonunes.com\/v5\/index.php\/wp-json\/wp\/v2\/users\/2"}],"replies":[{"embeddable":true,"href":"https:\/\/www.blogdopaulonunes.com\/v5\/index.php\/wp-json\/wp\/v2\/comments?post=118216"}],"version-history":[{"count":3,"href":"https:\/\/www.blogdopaulonunes.com\/v5\/index.php\/wp-json\/wp\/v2\/posts\/118216\/revisions"}],"predecessor-version":[{"id":118239,"href":"https:\/\/www.blogdopaulonunes.com\/v5\/index.php\/wp-json\/wp\/v2\/posts\/118216\/revisions\/118239"}],"wp:featuredmedia":[{"embeddable":true,"href":"https:\/\/www.blogdopaulonunes.com\/v5\/index.php\/wp-json\/wp\/v2\/media\/118217"}],"wp:attachment":[{"href":"https:\/\/www.blogdopaulonunes.com\/v5\/index.php\/wp-json\/wp\/v2\/media?parent=118216"}],"wp:term":[{"taxonomy":"category","embeddable":true,"href":"https:\/\/www.blogdopaulonunes.com\/v5\/index.php\/wp-json\/wp\/v2\/categories?post=118216"},{"taxonomy":"post_tag","embeddable":true,"href":"https:\/\/www.blogdopaulonunes.com\/v5\/index.php\/wp-json\/wp\/v2\/tags?post=118216"}],"curies":[{"name":"wp","href":"https:\/\/api.w.org\/{rel}","templated":true}]}}