{"id":118150,"date":"2024-02-18T02:37:15","date_gmt":"2024-02-18T05:37:15","guid":{"rendered":"https:\/\/www.blogdopaulonunes.com\/v5\/?p=118150"},"modified":"2024-02-18T02:37:15","modified_gmt":"2024-02-18T05:37:15","slug":"quem-e-o-homem-negro-preso-pela-pm-do-rs-apos-ser-esfaqueado-por-idoso-branco","status":"publish","type":"post","link":"https:\/\/www.blogdopaulonunes.com\/v5\/index.php\/2024\/02\/18\/quem-e-o-homem-negro-preso-pela-pm-do-rs-apos-ser-esfaqueado-por-idoso-branco\/","title":{"rendered":"Quem \u00e9 o homem negro preso pela PM do RS ap\u00f3s ser esfaqueado por idoso branco"},"content":{"rendered":"<p style=\"text-align: justify;\">Nesse s\u00e1bado (17), um homem negro foi preso pela Brigada Militar de Porto Alegre, <a href=\"https:\/\/www.diariodocentrodomundo.com.br\/essencial\/video-vitima-de-tentativa-de-homicidio-homem-negro-e-preso-pela-brigada-militar-do-rs\/\">ap\u00f3s sofrer uma tentativa de homic\u00eddio de um idoso branco<\/a>\u00a0no Rio Branco, bairro nobre da capital ga\u00facha.<\/p>\n<p style=\"text-align: justify;\">A v\u00edtima \u00e9 o motoboy Everton Henrique Goandete da Silva, de 40 anos. Ele foi atingido por uma faca pelo idoso, que reclamava constantemente da aglomera\u00e7\u00e3o de motoboys na rua. No momento da chegada dos agentes, o motoboy argumentou com policiais e foi algemado pela Brigada.<\/p>\n<p style=\"text-align: justify;\">Everton relatou o racismo e contou que o tumulto teve in\u00edcio quando um conjunto de motoboys estava reunido em um banco localizado na Rua Miguel Tostes, onde residia o agressor, aguardando solicita\u00e7\u00f5es de entrega.<\/p>\n<p style=\"text-align: justify;\">\u201cA\u00ed chegou um senhor que mora na rua, que reclamou. Ele n\u00e3o gosta desse volume de motoboys concentrado na frente do pr\u00e9dio. E tentou me matar. Ele me esfaqueou. Chamamos a pol\u00edcia e o brigadiano foi ignorante\u2026eu tamb\u00e9m fui um pouco exaltado. A\u00ed acabei preso, mas j\u00e1 fui solto\u201d, contou.<\/p>\n<figure id=\"attachment_1090460\" class=\"wp-caption aligncenter\" aria-describedby=\"caption-attachment-1090460\"><img loading=\"lazy\" class=\"size-full wp-image-1090460\" src=\"https:\/\/controle.diariodocentrodomundo.com.br\/wp-content\/uploads\/2024\/02\/homem-negro.jpg\" sizes=\"(max-width: 1280px) 100vw, 1280px\" srcset=\"https:\/\/www.diariodocentrodomundo.com.br\/wp-content\/uploads\/2024\/02\/homem-negro.jpg 1280w, https:\/\/www.diariodocentrodomundo.com.br\/wp-content\/uploads\/2024\/02\/homem-negro-300x169.jpg 300w, https:\/\/www.diariodocentrodomundo.com.br\/wp-content\/uploads\/2024\/02\/homem-negro-600x337.jpg 600w, https:\/\/www.diariodocentrodomundo.com.br\/wp-content\/uploads\/2024\/02\/homem-negro-768x431.jpg 768w, https:\/\/www.diariodocentrodomundo.com.br\/wp-content\/uploads\/2024\/02\/homem-negro-748x420.jpg 748w, https:\/\/www.diariodocentrodomundo.com.br\/wp-content\/uploads\/2024\/02\/homem-negro-640x360.jpg 640w, https:\/\/www.diariodocentrodomundo.com.br\/wp-content\/uploads\/2024\/02\/homem-negro-681x383.jpg 681w, https:\/\/www.diariodocentrodomundo.com.br\/wp-content\/uploads\/2024\/02\/homem-negro-150x84.jpg 150w\" alt=\"\" width=\"1280\" height=\"719\" \/><figcaption id=\"caption-attachment-1090460\" class=\"wp-caption-text\">Homem negro \u00e9 preso pela Brigada Militar. Foto: Reprodu\u00e7\u00e3o<\/figcaption><\/figure>\n<p style=\"text-align: justify;\">O entregador e seu agressor foram levados at\u00e9 a 2\u00aa Delegacia de Pol\u00edcia de Pronto Atendimento (da Pol\u00edcia Civil). Ambos foram mantidos em celas distintas, submeteram-se a exames m\u00e9dicos forenses (para avaliar les\u00f5es), prestaram depoimento e foram liberados.<\/p>\n<p style=\"text-align: justify;\">Reservistas das for\u00e7as armadas que lidaram com a situa\u00e7\u00e3o e que optam por n\u00e3o se identificar categorizaram o incidente como \u201cvias de fato\u201d (confronto f\u00edsico), enquanto os policiais militares desejam adicionar a isso o \u201cdesacato \u00e0 autoridade\u201d. Ambos os delitos s\u00e3o considerados de menor gravidade e n\u00e3o resultam em deten\u00e7\u00e3o.<\/p>\n<p style=\"text-align: justify;\">Nas redes sociais, o epis\u00f3dio gerou revolta e foi classificado como racismo, devido \u00e0 conduta agressiva que os militares tiveram com o motoboy, em detrimento \u00e0 postura passiva oferecida ao idoso, o qual ainda foi acompanhado pelos agentes at\u00e9 seu apartamento para vestir uma camisa antes de ser encaminhado ao DP.<\/p>\n<p style=\"text-align: justify;\">Eduardo Leite, governador do Rio Grande do Sul,<a href=\"https:\/\/www.diariodocentrodomundo.com.br\/essencial\/apos-caso-viralizar-eduardo-leite-se-pronuncia-sobre-racismo-explicito-da-brigada-militar\/\">\u00a0utilizou suas redes para se posicionar sobre o epis\u00f3dio<\/a>. Em seu perfil no X, ele contou que a viol\u00eancia da pol\u00edcia com a v\u00edtima foi absurda. Ele completou dizendo que a Corregedoria da Brigada Militar abriu sindic\u00e2ncia para ouvir testemunhas e apurar as circunst\u00e2ncias da ocorr\u00eancia.<\/p>\n","protected":false},"excerpt":{"rendered":"<p>Nesse s\u00e1bado (17), um homem negro foi preso pela Brigada Militar de Porto Alegre, ap\u00f3s sofrer uma tentativa de homic\u00eddio de um idoso branco\u00a0no Rio Branco, bairro nobre da capital ga\u00facha. A v\u00edtima \u00e9 o motoboy Everton Henrique Goandete da Silva, de 40 anos. Ele foi atingido por uma faca pelo idoso, que reclamava constantemente [&hellip;]<\/p>\n","protected":false},"author":2,"featured_media":118151,"comment_status":"open","ping_status":"open","sticky":false,"template":"","format":"standard","meta":[],"categories":[75,105],"tags":[3574,3578,3575,3576,3577,1697],"_links":{"self":[{"href":"https:\/\/www.blogdopaulonunes.com\/v5\/index.php\/wp-json\/wp\/v2\/posts\/118150"}],"collection":[{"href":"https:\/\/www.blogdopaulonunes.com\/v5\/index.php\/wp-json\/wp\/v2\/posts"}],"about":[{"href":"https:\/\/www.blogdopaulonunes.com\/v5\/index.php\/wp-json\/wp\/v2\/types\/post"}],"author":[{"embeddable":true,"href":"https:\/\/www.blogdopaulonunes.com\/v5\/index.php\/wp-json\/wp\/v2\/users\/2"}],"replies":[{"embeddable":true,"href":"https:\/\/www.blogdopaulonunes.com\/v5\/index.php\/wp-json\/wp\/v2\/comments?post=118150"}],"version-history":[{"count":1,"href":"https:\/\/www.blogdopaulonunes.com\/v5\/index.php\/wp-json\/wp\/v2\/posts\/118150\/revisions"}],"predecessor-version":[{"id":118152,"href":"https:\/\/www.blogdopaulonunes.com\/v5\/index.php\/wp-json\/wp\/v2\/posts\/118150\/revisions\/118152"}],"wp:featuredmedia":[{"embeddable":true,"href":"https:\/\/www.blogdopaulonunes.com\/v5\/index.php\/wp-json\/wp\/v2\/media\/118151"}],"wp:attachment":[{"href":"https:\/\/www.blogdopaulonunes.com\/v5\/index.php\/wp-json\/wp\/v2\/media?parent=118150"}],"wp:term":[{"taxonomy":"category","embeddable":true,"href":"https:\/\/www.blogdopaulonunes.com\/v5\/index.php\/wp-json\/wp\/v2\/categories?post=118150"},{"taxonomy":"post_tag","embeddable":true,"href":"https:\/\/www.blogdopaulonunes.com\/v5\/index.php\/wp-json\/wp\/v2\/tags?post=118150"}],"curies":[{"name":"wp","href":"https:\/\/api.w.org\/{rel}","templated":true}]}}