{"id":117995,"date":"2024-02-11T17:29:28","date_gmt":"2024-02-11T20:29:28","guid":{"rendered":"https:\/\/www.blogdopaulonunes.com\/v5\/?p=117995"},"modified":"2024-02-11T17:29:28","modified_gmt":"2024-02-11T20:29:28","slug":"bahia-recebe-as-primeiras-doses-da-vacina-contra-dengue","status":"publish","type":"post","link":"https:\/\/www.blogdopaulonunes.com\/v5\/index.php\/2024\/02\/11\/bahia-recebe-as-primeiras-doses-da-vacina-contra-dengue\/","title":{"rendered":"Bahia recebe as primeiras doses da vacina contra dengue"},"content":{"rendered":"<p style=\"text-align: justify;\">A Bahia recebeu, nesta sexta-feira (9), a primeira remessa da vacina contra a dengue. Nesse primeiro momento, as 70.368 mil doses ser\u00e3o destinadas aos munic\u00edpios de Salvador, Lauro de Freitas, Vera Cruz, Madre de Deus, S\u00e3o Francisco do Conde, Itaparica, Candeias, Santo Amaro, S\u00e3o Sebasti\u00e3o do Pass\u00e9 e Saubara.<\/p>\n<p style=\"text-align: justify;\">A previs\u00e3o \u00e9 de que a Bahia receba mais 49.740 doses na pr\u00f3xima segunda-feira (12). Dessas, 32.290 doses para os munic\u00edpios da regi\u00e3o de Feira de Santana e 17.450 para os munic\u00edpios da regi\u00e3o de Cama\u00e7ari.<\/p>\n<p style=\"text-align: justify;\">De acordo com o Minist\u00e9rio da Sa\u00fade, os munic\u00edpios atendem aos crit\u00e9rios definidos pelo Governo Federal em conjunto com o Conselho Nacional de Secret\u00e1rios de Sa\u00fade (Conass) e Conselho Nacional de Secretarias Municipais de Sa\u00fade (Conasems). A distribui\u00e7\u00e3o aos munic\u00edpios ser\u00e1 feita ainda nesta sexta.<\/p>\n<p style=\"text-align: justify;\">Secret\u00e1ria da Sa\u00fade, Roberta Santana comemorou a chegada dos imunizantes e ressaltou a necessidade de um trabalho conjunto com a sociedade. &#8220;\u00c9 preciso destacar que a vacina da dengue n\u00e3o \u00e9 solu\u00e7\u00e3o imediata. N\u00f3s temos que trabalhar na preven\u00e7\u00e3o lembrando que mais de 80% dos focos de dengue est\u00e3o nas resid\u00eancias. O enfrentamento \u00e0 dengue tamb\u00e9m est\u00e1 dentro de casa&#8221;, disse.<\/p>\n<p style=\"text-align: justify;\">Inicialmente, o p\u00fablico-alvo ser\u00e1 composto por crian\u00e7as e adolescentes de 10 a 14 anos. Essa \u00e9 a faixa et\u00e1ria que concentra o maior n\u00famero de hospitaliza\u00e7\u00f5es por dengue, ap\u00f3s os idosos, grupo para o qual a vacina n\u00e3o foi liberada pela Ag\u00eancia Nacional de Vigil\u00e2ncia Sanit\u00e1ria (Anvisa).<\/p>\n<p style=\"text-align: justify;\"><b>13 munic\u00edpios em epidemia<\/b><\/p>\n<p style=\"text-align: justify;\">A Bahia est\u00e1 com 13 munic\u00edpios em epidemia de dengue, conforme aponta o levantamento feito no Sistema de Notifica\u00e7\u00e3o de Agravos e Notifica\u00e7\u00f5es (Sinan). Outros oito est\u00e3o em alerta ou sob risco.<\/p>\n<p style=\"text-align: justify;\">Na \u00faltima quinta-feira (8), a secret\u00e1ria da Sa\u00fade do Estado se reuniu com prefeitos e gestores municipais de sa\u00fade de cerca de 70 munic\u00edpios de localidades que se encontram em aten\u00e7\u00e3o, seja por conta do hist\u00f3rico da doen\u00e7a, seja por ter sofrido com as fortes chuvas do in\u00edcio do ano. Em sua exposi\u00e7\u00e3o, Roberta Santana falou de temas como a mobiliza\u00e7\u00e3o da comunidade, a distribui\u00e7\u00e3o de materiais informativos e a intensifica\u00e7\u00e3o das campanhas de conscientiza\u00e7\u00e3o. De acordo com a titular da pasta, as a\u00e7\u00f5es de combate ao vetor da dengue iniciadas em 2023 contribu\u00edram para fazer com que a Bahia esteja, neste in\u00edcio de ano, com n\u00fameros menores que o mesmo per\u00edodo do ano passado.<\/p>\n","protected":false},"excerpt":{"rendered":"<p>A Bahia recebeu, nesta sexta-feira (9), a primeira remessa da vacina contra a dengue. Nesse primeiro momento, as 70.368 mil doses ser\u00e3o destinadas aos munic\u00edpios de Salvador, Lauro de Freitas, Vera Cruz, Madre de Deus, S\u00e3o Francisco do Conde, Itaparica, Candeias, Santo Amaro, S\u00e3o Sebasti\u00e3o do Pass\u00e9 e Saubara. A previs\u00e3o \u00e9 de que a [&hellip;]<\/p>\n","protected":false},"author":2,"featured_media":117996,"comment_status":"open","ping_status":"open","sticky":false,"template":"","format":"standard","meta":[],"categories":[74,105],"tags":[234,3514,373,640],"_links":{"self":[{"href":"https:\/\/www.blogdopaulonunes.com\/v5\/index.php\/wp-json\/wp\/v2\/posts\/117995"}],"collection":[{"href":"https:\/\/www.blogdopaulonunes.com\/v5\/index.php\/wp-json\/wp\/v2\/posts"}],"about":[{"href":"https:\/\/www.blogdopaulonunes.com\/v5\/index.php\/wp-json\/wp\/v2\/types\/post"}],"author":[{"embeddable":true,"href":"https:\/\/www.blogdopaulonunes.com\/v5\/index.php\/wp-json\/wp\/v2\/users\/2"}],"replies":[{"embeddable":true,"href":"https:\/\/www.blogdopaulonunes.com\/v5\/index.php\/wp-json\/wp\/v2\/comments?post=117995"}],"version-history":[{"count":1,"href":"https:\/\/www.blogdopaulonunes.com\/v5\/index.php\/wp-json\/wp\/v2\/posts\/117995\/revisions"}],"predecessor-version":[{"id":117997,"href":"https:\/\/www.blogdopaulonunes.com\/v5\/index.php\/wp-json\/wp\/v2\/posts\/117995\/revisions\/117997"}],"wp:featuredmedia":[{"embeddable":true,"href":"https:\/\/www.blogdopaulonunes.com\/v5\/index.php\/wp-json\/wp\/v2\/media\/117996"}],"wp:attachment":[{"href":"https:\/\/www.blogdopaulonunes.com\/v5\/index.php\/wp-json\/wp\/v2\/media?parent=117995"}],"wp:term":[{"taxonomy":"category","embeddable":true,"href":"https:\/\/www.blogdopaulonunes.com\/v5\/index.php\/wp-json\/wp\/v2\/categories?post=117995"},{"taxonomy":"post_tag","embeddable":true,"href":"https:\/\/www.blogdopaulonunes.com\/v5\/index.php\/wp-json\/wp\/v2\/tags?post=117995"}],"curies":[{"name":"wp","href":"https:\/\/api.w.org\/{rel}","templated":true}]}}