{"id":117754,"date":"2024-01-28T12:13:21","date_gmt":"2024-01-28T15:13:21","guid":{"rendered":"https:\/\/www.blogdopaulonunes.com\/v5\/?p=117754"},"modified":"2024-01-28T12:13:21","modified_gmt":"2024-01-28T15:13:21","slug":"lula-liberta-escravos-da-era-temer-bolsonaro","status":"publish","type":"post","link":"https:\/\/www.blogdopaulonunes.com\/v5\/index.php\/2024\/01\/28\/lula-liberta-escravos-da-era-temer-bolsonaro\/","title":{"rendered":"Lula liberta escravos da era Temer\/Bolsonaro"},"content":{"rendered":"<p style=\"text-align: justify;\"><strong>N\u00famero de resgatados da escravid\u00e3o dispara em 2023 e \u00e9 o maior em 14 anos<\/strong><\/p>\n<p>O Brasil encontrou 3.190 trabalhadores em condi\u00e7\u00f5es an\u00e1logas \u00e0s de escravo em 2023. O n\u00famero \u00e9 o maior desde os 3.765 resgatados em 2009, aponta reportagem do jornalista<b>\u00a0<\/b><a href=\"https:\/\/noticias.uol.com.br\/colunas\/leonardo-sakamoto\/2024\/01\/28\/numero-de-resgatados-da-escravidao-dispara-em-2023-e-e-o-maior-em-14-anos.htm\" target=\"_blank\" rel=\"noopener noreferrer nofollow\"><b>Leonardo Sakamoto<\/b><\/a><b>\u00a0<\/b>no UOL.<\/p>\n<p style=\"text-align: justify;\">Foram realizadas 598 opera\u00e7\u00f5es de fiscaliza\u00e7\u00e3o e R$ 12,8 milh\u00f5es de verbas trabalhistas pagas nos resgates, dois recordes no per\u00edodo de um ano, segundo dados da Coordena\u00e7\u00e3o-Geral de Fiscaliza\u00e7\u00e3o para Erradica\u00e7\u00e3o do Trabalho An\u00e1logo ao de Escravizado e Tr\u00e1fico de Pessoas (CGTRAE) do Minist\u00e9rio do Trabalho e Emprego (MTE).<\/p>\n<p style=\"text-align: justify;\">Celebra-se, neste domingo (28), o Dia Nacional de Combate ao Trabalho Escravo. A data foi escolhida por causa da Chacina de Una\u00ed, quando quatro servidores p\u00fablicos foram executados no noroeste de Minas Gerais, durante uma fiscaliza\u00e7\u00e3o trabalhista, a mando dos fazendeiros Ant\u00e9rio e Norberto Manica h\u00e1 exatos 20 anos.<\/p>\n<p style=\"text-align: justify;\">O setor que mais viu trabalhadores serem resgatados em 2023 foi o do cultivo de caf\u00e9, com soma de 300. A produ\u00e7\u00e3o de cana-de-a\u00e7\u00facar, com 258, ficou em segundo lugar. Esses dois ramos foram os principais motores da economia brasileira no per\u00edodo colonial, quando o trabalho escravo era legalizado.<\/p>\n<p>&nbsp;<\/p>\n","protected":false},"excerpt":{"rendered":"<p>N\u00famero de resgatados da escravid\u00e3o dispara em 2023 e \u00e9 o maior em 14 anos O Brasil encontrou 3.190 trabalhadores em condi\u00e7\u00f5es an\u00e1logas \u00e0s de escravo em 2023. O n\u00famero \u00e9 o maior desde os 3.765 resgatados em 2009, aponta reportagem do jornalista\u00a0Leonardo Sakamoto\u00a0no UOL. Foram realizadas 598 opera\u00e7\u00f5es de fiscaliza\u00e7\u00e3o e R$ 12,8 milh\u00f5es [&hellip;]<\/p>\n","protected":false},"author":2,"featured_media":117755,"comment_status":"open","ping_status":"open","sticky":false,"template":"","format":"standard","meta":[],"categories":[110,72],"tags":[151,138,3137,3101],"_links":{"self":[{"href":"https:\/\/www.blogdopaulonunes.com\/v5\/index.php\/wp-json\/wp\/v2\/posts\/117754"}],"collection":[{"href":"https:\/\/www.blogdopaulonunes.com\/v5\/index.php\/wp-json\/wp\/v2\/posts"}],"about":[{"href":"https:\/\/www.blogdopaulonunes.com\/v5\/index.php\/wp-json\/wp\/v2\/types\/post"}],"author":[{"embeddable":true,"href":"https:\/\/www.blogdopaulonunes.com\/v5\/index.php\/wp-json\/wp\/v2\/users\/2"}],"replies":[{"embeddable":true,"href":"https:\/\/www.blogdopaulonunes.com\/v5\/index.php\/wp-json\/wp\/v2\/comments?post=117754"}],"version-history":[{"count":1,"href":"https:\/\/www.blogdopaulonunes.com\/v5\/index.php\/wp-json\/wp\/v2\/posts\/117754\/revisions"}],"predecessor-version":[{"id":117756,"href":"https:\/\/www.blogdopaulonunes.com\/v5\/index.php\/wp-json\/wp\/v2\/posts\/117754\/revisions\/117756"}],"wp:featuredmedia":[{"embeddable":true,"href":"https:\/\/www.blogdopaulonunes.com\/v5\/index.php\/wp-json\/wp\/v2\/media\/117755"}],"wp:attachment":[{"href":"https:\/\/www.blogdopaulonunes.com\/v5\/index.php\/wp-json\/wp\/v2\/media?parent=117754"}],"wp:term":[{"taxonomy":"category","embeddable":true,"href":"https:\/\/www.blogdopaulonunes.com\/v5\/index.php\/wp-json\/wp\/v2\/categories?post=117754"},{"taxonomy":"post_tag","embeddable":true,"href":"https:\/\/www.blogdopaulonunes.com\/v5\/index.php\/wp-json\/wp\/v2\/tags?post=117754"}],"curies":[{"name":"wp","href":"https:\/\/api.w.org\/{rel}","templated":true}]}}