{"id":117676,"date":"2024-01-19T17:18:41","date_gmt":"2024-01-19T20:18:41","guid":{"rendered":"https:\/\/www.blogdopaulonunes.com\/v5\/?p=117676"},"modified":"2024-01-19T17:18:41","modified_gmt":"2024-01-19T20:18:41","slug":"desigualdade-renda-da-elite-brasileira-triplicou-no-governo-bolsonaro","status":"publish","type":"post","link":"https:\/\/www.blogdopaulonunes.com\/v5\/index.php\/2024\/01\/19\/desigualdade-renda-da-elite-brasileira-triplicou-no-governo-bolsonaro\/","title":{"rendered":"Desigualdade: renda da elite brasileira triplicou no governo Bolsonaro"},"content":{"rendered":"<p style=\"text-align: justify;\">A renda da elite no Brasil, composta por 15 mil pessoas que representam 0,01% da popula\u00e7\u00e3o, cresceu at\u00e9 o triplo do ritmo observado entre o restante da popula\u00e7\u00e3o nos \u00faltimos anos, aumentando a concentra\u00e7\u00e3o de riqueza ao final do governo do ex-presidente Jair Bolsonaro (PL).<\/p>\n<p style=\"text-align: justify;\">O crescimento m\u00e9dio da renda nesse grupo quase dobrou, atingindo 96% entre 2017 e 2022, enquanto os ganhos dos 95% mais pobres avan\u00e7aram apenas 33%, pouco acima da infla\u00e7\u00e3o do per\u00edodo.<\/p>\n<p style=\"text-align: justify;\">A an\u00e1lise foi conduzida pelo economista S\u00e9rgio Gobetti e divulgada pelo Observat\u00f3rio de Pol\u00edtica Fiscal do FGV Ibre \u2013 esse \u00e9 o primeiro c\u00e1lculo da concentra\u00e7\u00e3o no topo da pir\u00e2mide no Brasil ap\u00f3s a divulga\u00e7\u00e3o de dados detalhados das declara\u00e7\u00f5es do Imposto de Renda pela Receita Federal.<\/p>\n<p><strong>1% mais ricos<\/strong><\/p>\n<p style=\"text-align: justify;\">Ampliando a an\u00e1lise para a fatia 1% mais rica, o crescimento foi de 67%, e entre os 5% com maiores ganhos, de 51%. Segundo Gobetti, os c\u00e1lculos preliminares indicam que a concentra\u00e7\u00e3o atingiu n\u00edveis in\u00e9ditos, com a propor\u00e7\u00e3o da renda nacional apropriada pelo 1% mais rico crescendo de 20,4% para 23,7%.<\/p>\n<p style=\"text-align: justify;\">\u201cAo que tudo indica, o n\u00edvel de concentra\u00e7\u00e3o de renda no topo bateu um novo recorde hist\u00f3rico, depois de uma d\u00e9cada de relativa estabilidade da desigualdade\u201d, disse o economista.<\/p>\n<p style=\"text-align: justify;\">A concentra\u00e7\u00e3o de renda se destaca especialmente entre aqueles com ganhos acima de R$ 140 mil mensais l\u00edquidos, cuja fatia do bolo cresceu de 9,2% para 11,9% ao longo dos cinco anos.<\/p>\n<p><strong>Fatores que influenciam o fen\u00f4meno<\/strong><\/p>\n<p style=\"text-align: justify;\">Os fatores que contribuem para esse crescimento incluem os ganhos com atividade rural, parcialmente isentos, e o aumento do valor distribu\u00eddo em forma de lucros e dividendos, que passou de R$ 371 bilh\u00f5es em 2017 para R$ 830 bilh\u00f5es em 2022.<\/p>\n<p style=\"text-align: justify;\">Ainda sobre o tema, Gobetti destaca que a revoga\u00e7\u00e3o da isen\u00e7\u00e3o sobre dividendos \u00e9 um ponto central na proposta de reforma da tributa\u00e7\u00e3o da renda que o governo do presidente Luiz In\u00e1cio Lula da Silva (PT) pretende enviar ao Congresso at\u00e9 mar\u00e7o.<\/p>\n<figure id=\"attachment_1076260\" class=\"wp-caption aligncenter\" aria-describedby=\"caption-attachment-1076260\"><img loading=\"lazy\" class=\"wp-image-1076260 size-large\" src=\"https:\/\/controle.diariodocentrodomundo.com.br\/wp-content\/uploads\/2024\/01\/53454019945_e8980eca3c_3k-600x367.webp\" sizes=\"(max-width: 600px) 100vw, 600px\" srcset=\"https:\/\/www.diariodocentrodomundo.com.br\/wp-content\/uploads\/2024\/01\/53454019945_e8980eca3c_3k-600x367.webp 600w, https:\/\/www.diariodocentrodomundo.com.br\/wp-content\/uploads\/2024\/01\/53454019945_e8980eca3c_3k-300x183.webp 300w, https:\/\/www.diariodocentrodomundo.com.br\/wp-content\/uploads\/2024\/01\/53454019945_e8980eca3c_3k-687x420.webp 687w, https:\/\/www.diariodocentrodomundo.com.br\/wp-content\/uploads\/2024\/01\/53454019945_e8980eca3c_3k-640x391.webp 640w, https:\/\/www.diariodocentrodomundo.com.br\/wp-content\/uploads\/2024\/01\/53454019945_e8980eca3c_3k-681x416.webp 681w, https:\/\/www.diariodocentrodomundo.com.br\/wp-content\/uploads\/2024\/01\/53454019945_e8980eca3c_3k-150x92.webp 150w, https:\/\/www.diariodocentrodomundo.com.br\/wp-content\/uploads\/2024\/01\/53454019945_e8980eca3c_3k.webp 720w\" alt=\"\" width=\"600\" height=\"367\" \/><figcaption id=\"caption-attachment-1076260\" class=\"wp-caption-text\">Presidente Luiz In\u00e1cio Lula da Silva (PT) durante reuni\u00e3o no Pal\u00e1cio do Planalto. Foto: Ricardo Stuckert\/PR<\/figcaption><\/figure>\n<p style=\"text-align: justify;\">A reforma busca eliminar brechas de elis\u00e3o fiscal usadas pelos mais ricos e aumentar a arrecada\u00e7\u00e3o sobre a renda.<\/p>\n","protected":false},"excerpt":{"rendered":"<p>A renda da elite no Brasil, composta por 15 mil pessoas que representam 0,01% da popula\u00e7\u00e3o, cresceu at\u00e9 o triplo do ritmo observado entre o restante da popula\u00e7\u00e3o nos \u00faltimos anos, aumentando a concentra\u00e7\u00e3o de riqueza ao final do governo do ex-presidente Jair Bolsonaro (PL). O crescimento m\u00e9dio da renda nesse grupo quase dobrou, atingindo [&hellip;]<\/p>\n","protected":false},"author":2,"featured_media":117677,"comment_status":"open","ping_status":"open","sticky":false,"template":"","format":"standard","meta":[],"categories":[23,105],"tags":[1182,3380,3381],"_links":{"self":[{"href":"https:\/\/www.blogdopaulonunes.com\/v5\/index.php\/wp-json\/wp\/v2\/posts\/117676"}],"collection":[{"href":"https:\/\/www.blogdopaulonunes.com\/v5\/index.php\/wp-json\/wp\/v2\/posts"}],"about":[{"href":"https:\/\/www.blogdopaulonunes.com\/v5\/index.php\/wp-json\/wp\/v2\/types\/post"}],"author":[{"embeddable":true,"href":"https:\/\/www.blogdopaulonunes.com\/v5\/index.php\/wp-json\/wp\/v2\/users\/2"}],"replies":[{"embeddable":true,"href":"https:\/\/www.blogdopaulonunes.com\/v5\/index.php\/wp-json\/wp\/v2\/comments?post=117676"}],"version-history":[{"count":1,"href":"https:\/\/www.blogdopaulonunes.com\/v5\/index.php\/wp-json\/wp\/v2\/posts\/117676\/revisions"}],"predecessor-version":[{"id":117678,"href":"https:\/\/www.blogdopaulonunes.com\/v5\/index.php\/wp-json\/wp\/v2\/posts\/117676\/revisions\/117678"}],"wp:featuredmedia":[{"embeddable":true,"href":"https:\/\/www.blogdopaulonunes.com\/v5\/index.php\/wp-json\/wp\/v2\/media\/117677"}],"wp:attachment":[{"href":"https:\/\/www.blogdopaulonunes.com\/v5\/index.php\/wp-json\/wp\/v2\/media?parent=117676"}],"wp:term":[{"taxonomy":"category","embeddable":true,"href":"https:\/\/www.blogdopaulonunes.com\/v5\/index.php\/wp-json\/wp\/v2\/categories?post=117676"},{"taxonomy":"post_tag","embeddable":true,"href":"https:\/\/www.blogdopaulonunes.com\/v5\/index.php\/wp-json\/wp\/v2\/tags?post=117676"}],"curies":[{"name":"wp","href":"https:\/\/api.w.org\/{rel}","templated":true}]}}