{"id":117666,"date":"2024-01-19T11:55:37","date_gmt":"2024-01-19T14:55:37","guid":{"rendered":"https:\/\/www.blogdopaulonunes.com\/v5\/?p=117666"},"modified":"2024-01-19T11:55:37","modified_gmt":"2024-01-19T14:55:37","slug":"bancada-evangelica-vai-a-lira-contra-decisao-de-revogar-isencao-tributaria-sobre-os-salarios-de-pastores","status":"publish","type":"post","link":"https:\/\/www.blogdopaulonunes.com\/v5\/index.php\/2024\/01\/19\/bancada-evangelica-vai-a-lira-contra-decisao-de-revogar-isencao-tributaria-sobre-os-salarios-de-pastores\/","title":{"rendered":"Bancada evang\u00e9lica vai a Lira contra decis\u00e3o de revogar isen\u00e7\u00e3o tribut\u00e1ria sobre os sal\u00e1rios de pastores"},"content":{"rendered":"<p style=\"text-align: justify;\"><strong>Os pol\u00edticos querem saber das provid\u00eancias que a casa pode tomar para revogar a norma<\/strong><\/p>\n<p style=\"text-align: justify;\">De volta \u00e0 Bras\u00edlia, o presidente da C\u00e2mara, Arthur Lira (PP-AL), deve receber nos pr\u00f3ximos dias integrantes da bancada evang\u00e9lica descontentes com a decis\u00e3o do presidente Lula (PT), que reverteu a isen\u00e7\u00e3o tribut\u00e1ria sobre os sal\u00e1rios de pastores evang\u00e9licos. De acordo com o jornalista Ricardo Noblat,\u00a0<a href=\"https:\/\/www.metropoles.com\/blog-do-noblat\/bancada-evangelica-vai-a-lira-contra-decisao-do-fisco\" target=\"_blank\" rel=\"noopener noreferrer nofollow\">no Metr\u00f3poles<\/a>, os pol\u00edticos querem saber das provid\u00eancias que a casa pode tomar para revogar a norma.<\/p>\n<p style=\"text-align: justify;\">O presidente da Frente Parlamentar Evang\u00e9lica no Senado, Carlos Viana (Podemos-MG), anunciou que concordou com o ministro da Fazenda, Fernando Haddad, em criar um grupo especial para discutir a quest\u00e3o da isen\u00e7\u00e3o tribut\u00e1ria aos pastores evang\u00e9licos.<\/p>\n<p style=\"text-align: justify;\"><a href=\"https:\/\/www.brasil247.com\/brasil\/grupo-especial-deve-discutir-isencao-fiscal-a-pastores-evangelicos-diz-senador\" target=\"_blank\" rel=\"noopener noreferrer nofollow\">Na quarta-feira (17), a Receita Federal revogou uma decis\u00e3o\u00a0<\/a>do governo Jair Bolsonaro que havia institu\u00eddo a isen\u00e7\u00e3o tribut\u00e1ria sobre os sal\u00e1rios de pastores evang\u00e9licos. No entanto, o Tribunal de Contas da Uni\u00e3o (TCU) disse que o benef\u00edcio \u00e9 objeto de an\u00e1lise da Corte.<\/p>\n","protected":false},"excerpt":{"rendered":"<p>Os pol\u00edticos querem saber das provid\u00eancias que a casa pode tomar para revogar a norma De volta \u00e0 Bras\u00edlia, o presidente da C\u00e2mara, Arthur Lira (PP-AL), deve receber nos pr\u00f3ximos dias integrantes da bancada evang\u00e9lica descontentes com a decis\u00e3o do presidente Lula (PT), que reverteu a isen\u00e7\u00e3o tribut\u00e1ria sobre os sal\u00e1rios de pastores evang\u00e9licos. De [&hellip;]<\/p>\n","protected":false},"author":2,"featured_media":117667,"comment_status":"open","ping_status":"open","sticky":false,"template":"","format":"standard","meta":[],"categories":[75,105],"tags":[725,2907,3374,547],"_links":{"self":[{"href":"https:\/\/www.blogdopaulonunes.com\/v5\/index.php\/wp-json\/wp\/v2\/posts\/117666"}],"collection":[{"href":"https:\/\/www.blogdopaulonunes.com\/v5\/index.php\/wp-json\/wp\/v2\/posts"}],"about":[{"href":"https:\/\/www.blogdopaulonunes.com\/v5\/index.php\/wp-json\/wp\/v2\/types\/post"}],"author":[{"embeddable":true,"href":"https:\/\/www.blogdopaulonunes.com\/v5\/index.php\/wp-json\/wp\/v2\/users\/2"}],"replies":[{"embeddable":true,"href":"https:\/\/www.blogdopaulonunes.com\/v5\/index.php\/wp-json\/wp\/v2\/comments?post=117666"}],"version-history":[{"count":1,"href":"https:\/\/www.blogdopaulonunes.com\/v5\/index.php\/wp-json\/wp\/v2\/posts\/117666\/revisions"}],"predecessor-version":[{"id":117668,"href":"https:\/\/www.blogdopaulonunes.com\/v5\/index.php\/wp-json\/wp\/v2\/posts\/117666\/revisions\/117668"}],"wp:featuredmedia":[{"embeddable":true,"href":"https:\/\/www.blogdopaulonunes.com\/v5\/index.php\/wp-json\/wp\/v2\/media\/117667"}],"wp:attachment":[{"href":"https:\/\/www.blogdopaulonunes.com\/v5\/index.php\/wp-json\/wp\/v2\/media?parent=117666"}],"wp:term":[{"taxonomy":"category","embeddable":true,"href":"https:\/\/www.blogdopaulonunes.com\/v5\/index.php\/wp-json\/wp\/v2\/categories?post=117666"},{"taxonomy":"post_tag","embeddable":true,"href":"https:\/\/www.blogdopaulonunes.com\/v5\/index.php\/wp-json\/wp\/v2\/tags?post=117666"}],"curies":[{"name":"wp","href":"https:\/\/api.w.org\/{rel}","templated":true}]}}