{"id":117661,"date":"2024-01-19T10:42:38","date_gmt":"2024-01-19T13:42:38","guid":{"rendered":"https:\/\/www.blogdopaulonunes.com\/v5\/?p=117661"},"modified":"2024-01-19T17:00:28","modified_gmt":"2024-01-19T20:00:28","slug":"waldenor-aposta-na-consolidacao-do-seu-nome-no-sabado-20-e-no-apoio-de-lucia-rocha","status":"publish","type":"post","link":"https:\/\/www.blogdopaulonunes.com\/v5\/index.php\/2024\/01\/19\/waldenor-aposta-na-consolidacao-do-seu-nome-no-sabado-20-e-no-apoio-de-lucia-rocha\/","title":{"rendered":"Waldenor aposta na consolida\u00e7\u00e3o do seu nome no s\u00e1bado (20) e no apoio de L\u00facia Rocha"},"content":{"rendered":"<h5>Waldenor foi mais al\u00e9m e frisou que contar\u00e1 com a ades\u00e3o do presidente Lula em sua pr\u00e9-campanha<\/h5>\n<p style=\"text-align: justify;\">Com a reuni\u00e3o unificada do Partido dos Trabalhadores (PT) marcada para o pr\u00f3ximo s\u00e1bado (20), em Vit\u00f3ria da Conquista para organizar a legenda para as elei\u00e7\u00f5es municipais de 2024, a principal aposta da base governista, deputado federal petista Waldenor Pereira, al\u00e9m de externar a expectativa de ter o apoio da vereadora emedebista L\u00facia Rocha, vista como prioridade pelos caciques do MDB na Bahia, o ex-ministro Geddel Vieira Lima e seu irm\u00e3o, o ex-deputado federal L\u00facio Vieira Lima. A aposta \u00e9 que L\u00facia, inclusive, possa integrar a chapa majorit\u00e1ria como vice.<\/p>\n<p style=\"text-align: justify;\">Waldenor foi mais al\u00e9m e frisou que contar\u00e1 com a ades\u00e3o do presidente Lula em sua pr\u00e9-campanha.<\/p>\n<p style=\"text-align: justify;\">\u00a0A reuni\u00e3o do Diret\u00f3rio Estadual acontece\u00a0 neste s\u00e1bado, 20, \u00e0s 09 horas, em Vit\u00f3ria da Conquista, no Spa\u00e7o Roma Eventos, Avenida B, n\u00famero 6, Ch\u00e1cara Tereza, Boa Vista, com as presen\u00e7as do governador Jer\u00f4nimo Rodrigues, do ministro da Casa Civil Rui Costa, do senador Jaques Wagner, do presidente estadual do PT, \u00c9den Valadares, do deputado federal e pr\u00e9-candidato \u00e0 Prefeitura de Vit\u00f3ria, Waldenor Pereira, e demais parlamentares e prefeitos da legenda. Os profissionais de imprensa interessados podem acompanhar a reuni\u00e3o no per\u00edodo da manh\u00e3.<\/p>\n<p style=\"text-align: justify;\">\u201cEstamos trabalhando firmemente para fortalecer a nossa pr\u00e9-candidatura. J\u00e1 constitu\u00edmos uma Frente Partid\u00e1ria: \u201cUni\u00e3o e Reconstru\u00e7\u00e3o por Conquista\u201d, que j\u00e1 conta com sete partidos, outros tr\u00eas ir\u00e3o se incorporar, sendo formada de 10 a 11; constitu\u00edmos ainda um Conselho Pol\u00edtico e um Conselho T\u00e9cnico, que conta com cerca de 500 pessoas sobre diversas tem\u00e1ticas para dialogar com as lideran\u00e7as, com a popula\u00e7\u00e3o, elaborando estudos, diagn\u00f3sticos, enfim para conhecer melhor a realidade do munic\u00edpio. Portanto, esperamos que no s\u00e1bado, com a presen\u00e7a do governador Jer\u00f4nino [Rodrigues], do ministro Rui Costa e dos senadores Otto Alencar e Jaques Wagner, no encontro do diret\u00f3rio estadual seja um momento decisivo de consolidar de uma vez por todas a nossa candidatura\u201d, n\u00e3o deixou de enfatizar, arrematando a esperan\u00e7a de sa\u00edrem vitoriosos na pr\u00f3xima elei\u00e7\u00e3o. Disse Waldenor.<\/p>\n<p style=\"text-align: justify;\">\u201cO presidente Lula j\u00e1 tem o compromisso de dar um pulo em Vit\u00f3ria da Conquista, que \u00e9 a terceira cidade mais importante do estado da Bahia\u201d\u201d, concluiu.<\/p>\n<p>&nbsp;<\/p>\n<p>&nbsp;<\/p>\n","protected":false},"excerpt":{"rendered":"<p>Waldenor foi mais al\u00e9m e frisou que contar\u00e1 com a ades\u00e3o do presidente Lula em sua pr\u00e9-campanha Com a reuni\u00e3o unificada do Partido dos Trabalhadores (PT) marcada para o pr\u00f3ximo s\u00e1bado (20), em Vit\u00f3ria da Conquista para organizar a legenda para as elei\u00e7\u00f5es municipais de 2024, a principal aposta da base governista, deputado federal petista [&hellip;]<\/p>\n","protected":false},"author":2,"featured_media":113609,"comment_status":"open","ping_status":"open","sticky":false,"template":"","format":"standard","meta":[],"categories":[81,105],"tags":[3371,3370],"_links":{"self":[{"href":"https:\/\/www.blogdopaulonunes.com\/v5\/index.php\/wp-json\/wp\/v2\/posts\/117661"}],"collection":[{"href":"https:\/\/www.blogdopaulonunes.com\/v5\/index.php\/wp-json\/wp\/v2\/posts"}],"about":[{"href":"https:\/\/www.blogdopaulonunes.com\/v5\/index.php\/wp-json\/wp\/v2\/types\/post"}],"author":[{"embeddable":true,"href":"https:\/\/www.blogdopaulonunes.com\/v5\/index.php\/wp-json\/wp\/v2\/users\/2"}],"replies":[{"embeddable":true,"href":"https:\/\/www.blogdopaulonunes.com\/v5\/index.php\/wp-json\/wp\/v2\/comments?post=117661"}],"version-history":[{"count":1,"href":"https:\/\/www.blogdopaulonunes.com\/v5\/index.php\/wp-json\/wp\/v2\/posts\/117661\/revisions"}],"predecessor-version":[{"id":117662,"href":"https:\/\/www.blogdopaulonunes.com\/v5\/index.php\/wp-json\/wp\/v2\/posts\/117661\/revisions\/117662"}],"wp:featuredmedia":[{"embeddable":true,"href":"https:\/\/www.blogdopaulonunes.com\/v5\/index.php\/wp-json\/wp\/v2\/media\/113609"}],"wp:attachment":[{"href":"https:\/\/www.blogdopaulonunes.com\/v5\/index.php\/wp-json\/wp\/v2\/media?parent=117661"}],"wp:term":[{"taxonomy":"category","embeddable":true,"href":"https:\/\/www.blogdopaulonunes.com\/v5\/index.php\/wp-json\/wp\/v2\/categories?post=117661"},{"taxonomy":"post_tag","embeddable":true,"href":"https:\/\/www.blogdopaulonunes.com\/v5\/index.php\/wp-json\/wp\/v2\/tags?post=117661"}],"curies":[{"name":"wp","href":"https:\/\/api.w.org\/{rel}","templated":true}]}}