{"id":117625,"date":"2024-01-15T13:55:44","date_gmt":"2024-01-15T16:55:44","guid":{"rendered":"https:\/\/www.blogdopaulonunes.com\/v5\/?p=117625"},"modified":"2024-01-15T13:55:44","modified_gmt":"2024-01-15T16:55:44","slug":"no-pod13-dirceu-diz-que-vitorias-do-pt-na-bahia-sao-um-feito-historico","status":"publish","type":"post","link":"https:\/\/www.blogdopaulonunes.com\/v5\/index.php\/2024\/01\/15\/no-pod13-dirceu-diz-que-vitorias-do-pt-na-bahia-sao-um-feito-historico\/","title":{"rendered":"No Pod13, Dirceu diz que vit\u00f3rias do PT na Bahia s\u00e3o um feito hist\u00f3rico"},"content":{"rendered":"<p style=\"text-align: justify;\">Ex-deputado, ex-ministro e secret\u00e1rio-geral do Diret\u00f3rio Nacional do PT, Jos\u00e9 Dirceu foi o convidado da terceira edi\u00e7\u00e3o do Pod13, videocast do Partido dos Trabalhadores da Bahia, que \u00e9 apresentado pelo ex-deputado, jornalista e professor Emiliano Jos\u00e9 e nesta edi\u00e7\u00e3o foi capitaneado pelo presidente do PT Bahia, \u00c9den Valadares, devido \u00e0 impossibilidade de Emiliano. Em sua entrevista, Dirceu afirmou que \u00e9 preciso atuar firmemente contra o autoritarismo que vem atingindo a Am\u00e9rica Latina, com a recente elei\u00e7\u00e3o de Javier Milei (Argentina) e de outros pa\u00edses europeus de tradi\u00e7\u00e3o progressista, falou sobre os desafios do PT para se comunicar melhor com a sociedade brasileira e elogiou as gest\u00f5es petistas na Bahia.<\/p>\n<p style=\"text-align: justify;\">\u201cEu acho que foi um feito hist\u00f3rico a elei\u00e7\u00e3o de Jer\u00f4nimo, ganhar uma elei\u00e7\u00e3o pela quinta vez\u201d, disse se referindo ao ex-prefeito, que pontuava melhor e \u00e9 um representante da fam\u00edlia dos Magalh\u00e3es que dominou a Bahia por mais de 20 anos. \u201cE principalmente porque era o ACM Neto, e o Jo\u00e3o Le\u00e3o (ex-vice-governador) tinha ido para l\u00e1 e tinha o apoio, n\u00f3s sabemos, dos tr\u00eas grupos de m\u00eddia da Bahia. E ele realmente tinha uma vantagem em todas as pesquisas\u201d, ressaltou Dirceu.<\/p>\n<p style=\"text-align: justify;\">O secret\u00e1rio-geral acrescentou que a virada na campanha na Bahia, quando Jer\u00f4nimo contrariou os principais institutos e venceu as elei\u00e7\u00f5es, foi muito significativa pelas gest\u00f5es petistas no estado, de Jaques Wagner e Rui Costa, e atribuiu o resultado positivo \u00e0 uni\u00e3o do grupo, com as presen\u00e7as das principais lideran\u00e7as do PT no estado e do presidente Lula, ent\u00e3o pr\u00e9-candidato \u00e0 presid\u00eancia da Rep\u00fablica, al\u00e9m do senador Otto Alencar, da for\u00e7a da milit\u00e2ncia e do empenho das bancadas de parlamentares estaduais e federais.<\/p>\n<p style=\"text-align: justify;\">\u201cEnt\u00e3o acho que n\u00f3s ganhamos por isso tamb\u00e9m e porque t\u00ednhamos o que apresentar para a Bahia, sem evidentemente querer negar os avan\u00e7os que a Prefeitura de Salvador na gest\u00e3o de ACM Neto tamb\u00e9m alcan\u00e7ou para Salvador\u201d, disse Dirceu, ao informar que j\u00e1 visitou praticamente todas as cidades baianas e ficou entusiasmado com a situa\u00e7\u00e3o do estado. \u201cVi avan\u00e7os na \u00e1rea da sa\u00fade, na \u00e1rea da infraestrutura e na economia, porque o governo tem que ser capaz de criar solu\u00e7\u00f5es para a economia crescer\u201d, destacou.<\/p>\n<p style=\"text-align: justify;\">Jos\u00e9 Dirceu destacou tamb\u00e9m que a Bahia tem um potencial admir\u00e1vel, e o fato de o estado ter 700 e tantos mil pequenos agricultores familiares \u00e9 uma riqueza fant\u00e1stica para a regi\u00e3o. \u201cA Bahia ter essa condi\u00e7\u00e3o mineral que tem, por isso a urg\u00eancia da Fiol; o potencial tur\u00edstico a Bahia tem, e o industrial porque a Bahia j\u00e1 \u00e9 um estado industrial\u201d, concluiu.<\/p>\n","protected":false},"excerpt":{"rendered":"<p>Ex-deputado, ex-ministro e secret\u00e1rio-geral do Diret\u00f3rio Nacional do PT, Jos\u00e9 Dirceu foi o convidado da terceira edi\u00e7\u00e3o do Pod13, videocast do Partido dos Trabalhadores da Bahia, que \u00e9 apresentado pelo ex-deputado, jornalista e professor Emiliano Jos\u00e9 e nesta edi\u00e7\u00e3o foi capitaneado pelo presidente do PT Bahia, \u00c9den Valadares, devido \u00e0 impossibilidade de Emiliano. Em sua [&hellip;]<\/p>\n","protected":false},"author":2,"featured_media":117626,"comment_status":"open","ping_status":"open","sticky":false,"template":"","format":"standard","meta":[],"categories":[23,105],"tags":[169,138,137,3353,3352],"_links":{"self":[{"href":"https:\/\/www.blogdopaulonunes.com\/v5\/index.php\/wp-json\/wp\/v2\/posts\/117625"}],"collection":[{"href":"https:\/\/www.blogdopaulonunes.com\/v5\/index.php\/wp-json\/wp\/v2\/posts"}],"about":[{"href":"https:\/\/www.blogdopaulonunes.com\/v5\/index.php\/wp-json\/wp\/v2\/types\/post"}],"author":[{"embeddable":true,"href":"https:\/\/www.blogdopaulonunes.com\/v5\/index.php\/wp-json\/wp\/v2\/users\/2"}],"replies":[{"embeddable":true,"href":"https:\/\/www.blogdopaulonunes.com\/v5\/index.php\/wp-json\/wp\/v2\/comments?post=117625"}],"version-history":[{"count":1,"href":"https:\/\/www.blogdopaulonunes.com\/v5\/index.php\/wp-json\/wp\/v2\/posts\/117625\/revisions"}],"predecessor-version":[{"id":117627,"href":"https:\/\/www.blogdopaulonunes.com\/v5\/index.php\/wp-json\/wp\/v2\/posts\/117625\/revisions\/117627"}],"wp:featuredmedia":[{"embeddable":true,"href":"https:\/\/www.blogdopaulonunes.com\/v5\/index.php\/wp-json\/wp\/v2\/media\/117626"}],"wp:attachment":[{"href":"https:\/\/www.blogdopaulonunes.com\/v5\/index.php\/wp-json\/wp\/v2\/media?parent=117625"}],"wp:term":[{"taxonomy":"category","embeddable":true,"href":"https:\/\/www.blogdopaulonunes.com\/v5\/index.php\/wp-json\/wp\/v2\/categories?post=117625"},{"taxonomy":"post_tag","embeddable":true,"href":"https:\/\/www.blogdopaulonunes.com\/v5\/index.php\/wp-json\/wp\/v2\/tags?post=117625"}],"curies":[{"name":"wp","href":"https:\/\/api.w.org\/{rel}","templated":true}]}}