{"id":117598,"date":"2024-01-15T02:15:24","date_gmt":"2024-01-15T05:15:24","guid":{"rendered":"https:\/\/www.blogdopaulonunes.com\/v5\/?p=117598"},"modified":"2024-01-15T02:15:24","modified_gmt":"2024-01-15T05:15:24","slug":"desigualdade-63-da-riqueza-do-brasil-esta-nas-maos-de-1-da-populacao-diz-relatorio-da-oxfam","status":"publish","type":"post","link":"https:\/\/www.blogdopaulonunes.com\/v5\/index.php\/2024\/01\/15\/desigualdade-63-da-riqueza-do-brasil-esta-nas-maos-de-1-da-populacao-diz-relatorio-da-oxfam\/","title":{"rendered":"Desigualdade: 63% da riqueza do Brasil est\u00e1 nas m\u00e3os de 1% da popula\u00e7\u00e3o, diz relat\u00f3rio da Oxfam"},"content":{"rendered":"<p style=\"text-align: justify;\"><strong>Levantamento tamb\u00e9m aponta que os 50% mais pobres det\u00eam apenas 2% do patrim\u00f4nio do pa\u00eds<\/strong><\/p>\n<p style=\"text-align: justify;\">Dados do relat\u00f3rio da Oxfam, que discute a rela\u00e7\u00e3o das desigualdades e o poder corporativo global, mostram que 63% da riqueza do Brasil est\u00e1 nas m\u00e3os de 1% da popula\u00e7\u00e3o.<\/p>\n<p style=\"text-align: justify;\">O levantamento tamb\u00e9m aponta que os 50% mais pobres det\u00eam apenas 2% do patrim\u00f4nio do pa\u00eds.<\/p>\n<p style=\"text-align: justify;\">O relat\u00f3rio ser\u00e1 divulgado nesta segunda-feira (15), durante o F\u00f3rum Econ\u00f4mico Mundial que re\u00fane a elite do mundo corporativo em Davos, na Su\u00ed\u00e7a.<\/p>\n<p style=\"text-align: justify;\">O estudo traz ainda detalhes sobre o grupo que mais acumula riqueza. Segundo o documento, 0,01% da popula\u00e7\u00e3o brasileira possui 27% dos ativos financeiros.<\/p>\n<p style=\"text-align: justify;\">\u201cFica n\u00edtido que a propriedade de a\u00e7\u00f5es e participa\u00e7\u00f5es, em termos econ\u00f4micos, reflete uma plutocracia e n\u00e3o uma democracia\u201d, afirma o documento.<\/p>\n<p style=\"text-align: justify;\">Os especialistas destacam tamb\u00e9m a desigualdade racial. O estudo afirma que, em m\u00e9dia, a renda dos brancos est\u00e1 mais de 70% acima da renda da popula\u00e7\u00e3o negra.<\/p>\n<p style=\"text-align: justify;\">\u201cNo Brasil, a desigualdade de renda e riqueza anda em paralelo com a desigualdade racial e de g\u00eanero. Nossos super-ricos s\u00e3o praticamente todos homens e brancos\u201d, disse K\u00e1tia Maia, diretora executiva da Oxfam Brasil.<\/p>\n","protected":false},"excerpt":{"rendered":"<p>Levantamento tamb\u00e9m aponta que os 50% mais pobres det\u00eam apenas 2% do patrim\u00f4nio do pa\u00eds Dados do relat\u00f3rio da Oxfam, que discute a rela\u00e7\u00e3o das desigualdades e o poder corporativo global, mostram que 63% da riqueza do Brasil est\u00e1 nas m\u00e3os de 1% da popula\u00e7\u00e3o. O levantamento tamb\u00e9m aponta que os 50% mais pobres det\u00eam [&hellip;]<\/p>\n","protected":false},"author":2,"featured_media":117599,"comment_status":"open","ping_status":"open","sticky":false,"template":"","format":"standard","meta":[],"categories":[78,105],"tags":[3348,275,3347],"_links":{"self":[{"href":"https:\/\/www.blogdopaulonunes.com\/v5\/index.php\/wp-json\/wp\/v2\/posts\/117598"}],"collection":[{"href":"https:\/\/www.blogdopaulonunes.com\/v5\/index.php\/wp-json\/wp\/v2\/posts"}],"about":[{"href":"https:\/\/www.blogdopaulonunes.com\/v5\/index.php\/wp-json\/wp\/v2\/types\/post"}],"author":[{"embeddable":true,"href":"https:\/\/www.blogdopaulonunes.com\/v5\/index.php\/wp-json\/wp\/v2\/users\/2"}],"replies":[{"embeddable":true,"href":"https:\/\/www.blogdopaulonunes.com\/v5\/index.php\/wp-json\/wp\/v2\/comments?post=117598"}],"version-history":[{"count":1,"href":"https:\/\/www.blogdopaulonunes.com\/v5\/index.php\/wp-json\/wp\/v2\/posts\/117598\/revisions"}],"predecessor-version":[{"id":117600,"href":"https:\/\/www.blogdopaulonunes.com\/v5\/index.php\/wp-json\/wp\/v2\/posts\/117598\/revisions\/117600"}],"wp:featuredmedia":[{"embeddable":true,"href":"https:\/\/www.blogdopaulonunes.com\/v5\/index.php\/wp-json\/wp\/v2\/media\/117599"}],"wp:attachment":[{"href":"https:\/\/www.blogdopaulonunes.com\/v5\/index.php\/wp-json\/wp\/v2\/media?parent=117598"}],"wp:term":[{"taxonomy":"category","embeddable":true,"href":"https:\/\/www.blogdopaulonunes.com\/v5\/index.php\/wp-json\/wp\/v2\/categories?post=117598"},{"taxonomy":"post_tag","embeddable":true,"href":"https:\/\/www.blogdopaulonunes.com\/v5\/index.php\/wp-json\/wp\/v2\/tags?post=117598"}],"curies":[{"name":"wp","href":"https:\/\/api.w.org\/{rel}","templated":true}]}}