{"id":117591,"date":"2024-01-14T09:52:12","date_gmt":"2024-01-14T12:52:12","guid":{"rendered":"https:\/\/www.blogdopaulonunes.com\/v5\/?p=117591"},"modified":"2024-01-14T09:52:12","modified_gmt":"2024-01-14T12:52:12","slug":"nova-data-para-reuniao-do-pt-estadual-em-vitoria-da-conquista-com-jeronimo-wagner-e-otto","status":"publish","type":"post","link":"https:\/\/www.blogdopaulonunes.com\/v5\/index.php\/2024\/01\/14\/nova-data-para-reuniao-do-pt-estadual-em-vitoria-da-conquista-com-jeronimo-wagner-e-otto\/","title":{"rendered":"Nova data para reuni\u00e3o do PT estadual em Vit\u00f3ria da Conquista, com Jer\u00f4nimo, Wagner e Otto."},"content":{"rendered":"<p style=\"text-align: justify;\">\n\u00c9 grande a chance de acontecer j\u00e1 pr\u00f3ximo dia 20 de janeiro a reuni\u00e3o ampliada do Diret\u00f3rio Estadual com PT, em Vit\u00f3ria da Conquista, com a participa\u00e7\u00e3o do governador Jer\u00f4nimo Rodrigues e dos senadores Jaques Wagner e Otto Alencar.<\/p>\n<p style=\"text-align: justify;\">A nova data foi discutida pelo deputado federal Waldenor Pereira, pr\u00e9-candidato a prefeito conquistense, em reuni\u00e3o com o presidente estadual do PT, \u00c9den Valadares, em Salvador, nesta sexta (12).<\/p>\n<p style=\"text-align: justify;\">O encontro estadual petista no munic\u00edpio conquistense ocorreria em 27 de dezembro passado, mas foi adiado por conta do luto pelo falecimento do ex-deputado federal Luiz Alberto. \u201cAgora, s\u00f3 estamos dependendo da disponibilidade do governador e dos nossos senadores para fecharmos. Mas esta \u00e9 a data que julgamos a melhor\u201d, contou Waldenor, depois da conversa com \u00c9den e o dirigente Alu\u00e3 Carmo.<\/p>\n<p style=\"text-align: justify;\"><strong>Lula<\/strong><\/p>\n<p style=\"text-align: justify;\">Outra novidade \u00e9 a possibilidade da visita institucional do presidente Lula a Vit\u00f3ria da Conquista, em breve, uma proposta que Waldenor vem desenvolvendo junto ao governo estadual e agora tem o respaldo do presidente estadual do PT, que v\u00ea grande possibilidade, segundo o pr\u00e9-candidato.<\/p>\n<p style=\"text-align: justify;\">A conversa com \u00c9dem serviu tamb\u00e9m para uma an\u00e1lise de estrat\u00e9gia da pr\u00e9-campanha de Waldenor em Vit\u00f3ria da Conquista, que manter\u00e1 a realiza\u00e7\u00e3o de encontros, semin\u00e1rios e plen\u00e1rias com vistas \u00e0 elabora\u00e7\u00e3o de programa de governo para o munic\u00edpio que \u00e9 o terceiro da Bahia, em popula\u00e7\u00e3o e col\u00e9gio eleitoral.<\/p>\n","protected":false},"excerpt":{"rendered":"<p>\u00c9 grande a chance de acontecer j\u00e1 pr\u00f3ximo dia 20 de janeiro a reuni\u00e3o ampliada do Diret\u00f3rio Estadual com PT, em Vit\u00f3ria da Conquista, com a participa\u00e7\u00e3o do governador Jer\u00f4nimo Rodrigues e dos senadores Jaques Wagner e Otto Alencar. A nova data foi discutida pelo deputado federal Waldenor Pereira, pr\u00e9-candidato a prefeito conquistense, em reuni\u00e3o [&hellip;]<\/p>\n","protected":false},"author":2,"featured_media":117592,"comment_status":"open","ping_status":"open","sticky":false,"template":"","format":"standard","meta":[],"categories":[81,105],"tags":[437,138,165],"_links":{"self":[{"href":"https:\/\/www.blogdopaulonunes.com\/v5\/index.php\/wp-json\/wp\/v2\/posts\/117591"}],"collection":[{"href":"https:\/\/www.blogdopaulonunes.com\/v5\/index.php\/wp-json\/wp\/v2\/posts"}],"about":[{"href":"https:\/\/www.blogdopaulonunes.com\/v5\/index.php\/wp-json\/wp\/v2\/types\/post"}],"author":[{"embeddable":true,"href":"https:\/\/www.blogdopaulonunes.com\/v5\/index.php\/wp-json\/wp\/v2\/users\/2"}],"replies":[{"embeddable":true,"href":"https:\/\/www.blogdopaulonunes.com\/v5\/index.php\/wp-json\/wp\/v2\/comments?post=117591"}],"version-history":[{"count":1,"href":"https:\/\/www.blogdopaulonunes.com\/v5\/index.php\/wp-json\/wp\/v2\/posts\/117591\/revisions"}],"predecessor-version":[{"id":117593,"href":"https:\/\/www.blogdopaulonunes.com\/v5\/index.php\/wp-json\/wp\/v2\/posts\/117591\/revisions\/117593"}],"wp:featuredmedia":[{"embeddable":true,"href":"https:\/\/www.blogdopaulonunes.com\/v5\/index.php\/wp-json\/wp\/v2\/media\/117592"}],"wp:attachment":[{"href":"https:\/\/www.blogdopaulonunes.com\/v5\/index.php\/wp-json\/wp\/v2\/media?parent=117591"}],"wp:term":[{"taxonomy":"category","embeddable":true,"href":"https:\/\/www.blogdopaulonunes.com\/v5\/index.php\/wp-json\/wp\/v2\/categories?post=117591"},{"taxonomy":"post_tag","embeddable":true,"href":"https:\/\/www.blogdopaulonunes.com\/v5\/index.php\/wp-json\/wp\/v2\/tags?post=117591"}],"curies":[{"name":"wp","href":"https:\/\/api.w.org\/{rel}","templated":true}]}}