{"id":117588,"date":"2024-01-14T09:15:16","date_gmt":"2024-01-14T12:15:16","guid":{"rendered":"https:\/\/www.blogdopaulonunes.com\/v5\/?p=117588"},"modified":"2024-01-14T09:15:16","modified_gmt":"2024-01-14T12:15:16","slug":"amigo-de-villas-boas-agiu-na-compra-de-software-usado-ilegalmente-pela-abin","status":"publish","type":"post","link":"https:\/\/www.blogdopaulonunes.com\/v5\/index.php\/2024\/01\/14\/amigo-de-villas-boas-agiu-na-compra-de-software-usado-ilegalmente-pela-abin\/","title":{"rendered":"Amigo de Villas B\u00f4as agiu na compra de software usado ilegalmente pela Abin"},"content":{"rendered":"<p style=\"text-align: justify;\">Um depoimento prestado \u00e0 Pol\u00edcia Federal (PF) revelou que um amigo e colega de turma do general da reserva Eduardo Villas B\u00f4as atuou como intermedi\u00e1rio da empresa Verint Systems para negociar com o Ex\u00e9rcito durante a gest\u00e3o do ex-comandante da For\u00e7a.<\/p>\n<p style=\"text-align: justify;\">A negocia\u00e7\u00e3o envolvia a venda de sistemas de intelig\u00eancia, incluindo o software First Mile, cujo uso est\u00e1 sendo investigado pela Ag\u00eancia Brasileira de Intelig\u00eancia (Abin).<\/p>\n<p style=\"text-align: justify;\">O general Luiz Roberto Peret foi contratado pela Verint Systems por meio de uma empresa de consultoria criada pelo pr\u00f3prio militar em 2010. Peret tamb\u00e9m atua como um dos conselheiros fundadores do Instituto General Villas Bo\u00e2s, que comandava o Ex\u00e9rcito quando foi efetuada a\u00a0compra do First Mile e outros softwares com dinheiro da interven\u00e7\u00e3o federal no Rio de Janeiro.<\/p>\n<p style=\"text-align: justify;\">A atua\u00e7\u00e3o de Peret foi relatada por Caio Santos Cruz, filho do general Santos Cruz, em depoimento \u00e0 PF. O documento foi obtido pela\u00a0Folha de S.Paulo.<\/p>\n<figure id=\"attachment_1074848\" class=\"wp-caption aligncenter\" style=\"text-align: justify;\" aria-describedby=\"caption-attachment-1074848\"><img loading=\"lazy\" class=\"wp-image-1074848 size-full\" src=\"https:\/\/controle.diariodocentrodomundo.com.br\/wp-content\/uploads\/2024\/01\/peret.jpg\" sizes=\"(max-width: 768px) 100vw, 768px\" srcset=\"https:\/\/www.diariodocentrodomundo.com.br\/wp-content\/uploads\/2024\/01\/peret.jpg 768w, https:\/\/www.diariodocentrodomundo.com.br\/wp-content\/uploads\/2024\/01\/peret-300x200.jpg 300w, https:\/\/www.diariodocentrodomundo.com.br\/wp-content\/uploads\/2024\/01\/peret-600x400.jpg 600w, https:\/\/www.diariodocentrodomundo.com.br\/wp-content\/uploads\/2024\/01\/peret-630x420.jpg 630w, https:\/\/www.diariodocentrodomundo.com.br\/wp-content\/uploads\/2024\/01\/peret-640x427.jpg 640w, https:\/\/www.diariodocentrodomundo.com.br\/wp-content\/uploads\/2024\/01\/peret-681x454.jpg 681w, https:\/\/www.diariodocentrodomundo.com.br\/wp-content\/uploads\/2024\/01\/peret-150x100.jpg 150w\" alt=\"\" width=\"768\" height=\"512\" \/><figcaption id=\"caption-attachment-1074848\" class=\"wp-caption-text\">O general Luiz Roberto Peret. Reprodu\u00e7\u00e3o FSP<\/figcaption><\/figure>\n<p style=\"text-align: justify;\">Segundo Cruz, o papel de Peret era manter contatos de alto n\u00edvel com os clientes da empresa. \u201c[O general] foi contratado pela Suntech (Verint) para auxiliar nas negocia\u00e7\u00f5es t\u00e9cnicas e comerciais de alto n\u00edvel\u201d, disse Caio Santos Cruz. \u201c[Ele] atuava nas tratativas com altos escal\u00f5es, destacando que se trata de pessoa honesta\u201d, disse o investigado.<\/p>\n<p style=\"text-align: justify;\">O contrato, intermediado por Peret, foi fechado em outubro de 2018, no valor de US$ 10,8 milh\u00f5es (R$ 52,7 milh\u00f5es na cota\u00e7\u00e3o atual). O ex-comandante autorizou a contrata\u00e7\u00e3o sem licita\u00e7\u00e3o sob o argumento de que a empresa j\u00e1 fornecia sistemas de intelig\u00eancia para o Ex\u00e9rcito e que o novo contrato iria ampliar o n\u00famero de tecnologias e atualizar os softwares j\u00e1 usados.<\/p>\n<p style=\"text-align: justify;\">A \u00e1rea t\u00e9cnica do Tribunal de Contas da Uni\u00e3o (TCU) concluiu, em parecer, que \u201ccomo o upgrade foi realizado com recursos destinados \u00e0 seguran\u00e7a p\u00fablica do Rio de Janeiro\u201d, o caso pode configurar \u201cdesvio de finalidade [\u2026], pois teria sido contratado o desenvolvimento de sistema para a Uni\u00e3o, que, a seu crit\u00e9rio, poder\u00e1 ou n\u00e3o compartilhar as informa\u00e7\u00f5es com o Rio de Janeiro\u201d<\/p>\n","protected":false},"excerpt":{"rendered":"<p>Um depoimento prestado \u00e0 Pol\u00edcia Federal (PF) revelou que um amigo e colega de turma do general da reserva Eduardo Villas B\u00f4as atuou como intermedi\u00e1rio da empresa Verint Systems para negociar com o Ex\u00e9rcito durante a gest\u00e3o do ex-comandante da For\u00e7a. A negocia\u00e7\u00e3o envolvia a venda de sistemas de intelig\u00eancia, incluindo o software First Mile, [&hellip;]<\/p>\n","protected":false},"author":2,"featured_media":117589,"comment_status":"open","ping_status":"open","sticky":false,"template":"","format":"standard","meta":[],"categories":[75,105],"tags":[1864,3346,2622],"_links":{"self":[{"href":"https:\/\/www.blogdopaulonunes.com\/v5\/index.php\/wp-json\/wp\/v2\/posts\/117588"}],"collection":[{"href":"https:\/\/www.blogdopaulonunes.com\/v5\/index.php\/wp-json\/wp\/v2\/posts"}],"about":[{"href":"https:\/\/www.blogdopaulonunes.com\/v5\/index.php\/wp-json\/wp\/v2\/types\/post"}],"author":[{"embeddable":true,"href":"https:\/\/www.blogdopaulonunes.com\/v5\/index.php\/wp-json\/wp\/v2\/users\/2"}],"replies":[{"embeddable":true,"href":"https:\/\/www.blogdopaulonunes.com\/v5\/index.php\/wp-json\/wp\/v2\/comments?post=117588"}],"version-history":[{"count":1,"href":"https:\/\/www.blogdopaulonunes.com\/v5\/index.php\/wp-json\/wp\/v2\/posts\/117588\/revisions"}],"predecessor-version":[{"id":117590,"href":"https:\/\/www.blogdopaulonunes.com\/v5\/index.php\/wp-json\/wp\/v2\/posts\/117588\/revisions\/117590"}],"wp:featuredmedia":[{"embeddable":true,"href":"https:\/\/www.blogdopaulonunes.com\/v5\/index.php\/wp-json\/wp\/v2\/media\/117589"}],"wp:attachment":[{"href":"https:\/\/www.blogdopaulonunes.com\/v5\/index.php\/wp-json\/wp\/v2\/media?parent=117588"}],"wp:term":[{"taxonomy":"category","embeddable":true,"href":"https:\/\/www.blogdopaulonunes.com\/v5\/index.php\/wp-json\/wp\/v2\/categories?post=117588"},{"taxonomy":"post_tag","embeddable":true,"href":"https:\/\/www.blogdopaulonunes.com\/v5\/index.php\/wp-json\/wp\/v2\/tags?post=117588"}],"curies":[{"name":"wp","href":"https:\/\/api.w.org\/{rel}","templated":true}]}}