{"id":117585,"date":"2024-01-14T08:28:10","date_gmt":"2024-01-14T11:28:10","guid":{"rendered":"https:\/\/www.blogdopaulonunes.com\/v5\/?p=117585"},"modified":"2024-01-14T08:28:10","modified_gmt":"2024-01-14T11:28:10","slug":"preco-dos-alimentos-cai-e-picanha-aparece-na-lista-dos-que-mais-baratearam","status":"publish","type":"post","link":"https:\/\/www.blogdopaulonunes.com\/v5\/index.php\/2024\/01\/14\/preco-dos-alimentos-cai-e-picanha-aparece-na-lista-dos-que-mais-baratearam\/","title":{"rendered":"Pre\u00e7o dos alimentos cai e picanha aparece na lista dos que mais baratearam"},"content":{"rendered":"<p>&nbsp;<\/p>\n<p style=\"text-align: justify;\">Os pre\u00e7os dos alimentos fecharam 2023 com uma queda acumulada de 0,52% no IPCA (\u00cdndice Nacional de Pre\u00e7os ao Consumidor Amplo), segundo o IBGE (Instituto Brasileiro de Geografia e Estat\u00edstica). Os itens que mais tiveram redu\u00e7\u00e3o de pre\u00e7o no ano s\u00e3o \u00f3leo de soja (28%), cebola (25,32%) e o abacate (22,71%).<\/p>\n<p style=\"text-align: justify;\">O grupo das carnes acumulou uma queda de 9,35% no ano e a picanha entrou no top 15 de itens que mais baratearam no per\u00edodo, com uma diminui\u00e7\u00e3o de 10,69%. Outras, como f\u00edgado (20,28%), costela (12,56%), ac\u00e9m (11,88%), peito (11,39%) e alcatra (10,72%) tamb\u00e9m aparecem na lista dos alimentos que mais tiveram redu\u00e7\u00e3o de pre\u00e7o.<\/p>\n<p style=\"text-align: justify;\">Essa \u00e9 a primeira defla\u00e7\u00e3o dos pre\u00e7os de alimenta\u00e7\u00e3o no domic\u00edlio desde 2017, quando houve um registro de -4,85%.<\/p>\n<figure id=\"attachment_1073776\" class=\"wp-caption aligncenter\" aria-describedby=\"caption-attachment-1073776\"><img loading=\"lazy\" class=\"wp-image-1073776 size-large\" src=\"https:\/\/controle.diariodocentrodomundo.com.br\/wp-content\/uploads\/2024\/01\/supermercado-compras-cesta-basica-alimentos-600x399.jpg\" sizes=\"(max-width: 600px) 100vw, 600px\" srcset=\"https:\/\/www.diariodocentrodomundo.com.br\/wp-content\/uploads\/2024\/01\/supermercado-compras-cesta-basica-alimentos-600x400.jpg 600w, https:\/\/www.diariodocentrodomundo.com.br\/wp-content\/uploads\/2024\/01\/supermercado-compras-cesta-basica-alimentos-300x200.jpg 300w, https:\/\/www.diariodocentrodomundo.com.br\/wp-content\/uploads\/2024\/01\/supermercado-compras-cesta-basica-alimentos-768x511.jpg 768w, https:\/\/www.diariodocentrodomundo.com.br\/wp-content\/uploads\/2024\/01\/supermercado-compras-cesta-basica-alimentos-631x420.jpg 631w, https:\/\/www.diariodocentrodomundo.com.br\/wp-content\/uploads\/2024\/01\/supermercado-compras-cesta-basica-alimentos-640x426.jpg 640w, https:\/\/www.diariodocentrodomundo.com.br\/wp-content\/uploads\/2024\/01\/supermercado-compras-cesta-basica-alimentos-681x453.jpg 681w, https:\/\/www.diariodocentrodomundo.com.br\/wp-content\/uploads\/2024\/01\/supermercado-compras-cesta-basica-alimentos-150x100.jpg 150w, https:\/\/www.diariodocentrodomundo.com.br\/wp-content\/uploads\/2024\/01\/supermercado-compras-cesta-basica-alimentos.jpg 900w\" alt=\"\" width=\"600\" height=\"399\" \/><figcaption id=\"caption-attachment-1073776\" class=\"wp-caption-text\">Pre\u00e7o dos alimentos teve queda de 0,52% em 2023. Foto: Reprodu\u00e7\u00e3o<\/figcaption><\/figure>\n<p style=\"text-align: justify;\">Houve um aumento da oferta de alimentos por conta da amplia\u00e7\u00e3o da safra agr\u00edcola em 2023, al\u00e9m da maior disponibilidade de produtos como carne e leite. Tamb\u00e9m houve uma redu\u00e7\u00e3o nos custos de insumos, que dispararam com a pandemia e a Guerra da Ucr\u00e2nia.<\/p>\n<p style=\"text-align: justify;\">Depois da redu\u00e7\u00e3o do pre\u00e7o da alimenta\u00e7\u00e3o no domic\u00edlio em 2017, o pa\u00eds registrou cinco anos seguidos de infla\u00e7\u00e3o: 4,53% em 2018, 7,84% em 2019, 18,15% em 2020, 8,24% em 2021 e 13,23% em 2022. Apesar da defla\u00e7\u00e3o de 2023, ela n\u00e3o acaba com os efeitos dos anos anteriores.<\/p>\n<p style=\"text-align: justify;\">No geral, o IPCA fechou em 4,62%, valor que ficou dentro do teto da meta de infla\u00e7\u00e3o pela primeira vez desde 2020.<\/p>\n","protected":false},"excerpt":{"rendered":"<p>&nbsp; Os pre\u00e7os dos alimentos fecharam 2023 com uma queda acumulada de 0,52% no IPCA (\u00cdndice Nacional de Pre\u00e7os ao Consumidor Amplo), segundo o IBGE (Instituto Brasileiro de Geografia e Estat\u00edstica). Os itens que mais tiveram redu\u00e7\u00e3o de pre\u00e7o no ano s\u00e3o \u00f3leo de soja (28%), cebola (25,32%) e o abacate (22,71%). O grupo das [&hellip;]<\/p>\n","protected":false},"author":2,"featured_media":117586,"comment_status":"open","ping_status":"open","sticky":false,"template":"","format":"standard","meta":[],"categories":[78,72],"tags":[668,1416,2476,3345,1914],"_links":{"self":[{"href":"https:\/\/www.blogdopaulonunes.com\/v5\/index.php\/wp-json\/wp\/v2\/posts\/117585"}],"collection":[{"href":"https:\/\/www.blogdopaulonunes.com\/v5\/index.php\/wp-json\/wp\/v2\/posts"}],"about":[{"href":"https:\/\/www.blogdopaulonunes.com\/v5\/index.php\/wp-json\/wp\/v2\/types\/post"}],"author":[{"embeddable":true,"href":"https:\/\/www.blogdopaulonunes.com\/v5\/index.php\/wp-json\/wp\/v2\/users\/2"}],"replies":[{"embeddable":true,"href":"https:\/\/www.blogdopaulonunes.com\/v5\/index.php\/wp-json\/wp\/v2\/comments?post=117585"}],"version-history":[{"count":1,"href":"https:\/\/www.blogdopaulonunes.com\/v5\/index.php\/wp-json\/wp\/v2\/posts\/117585\/revisions"}],"predecessor-version":[{"id":117587,"href":"https:\/\/www.blogdopaulonunes.com\/v5\/index.php\/wp-json\/wp\/v2\/posts\/117585\/revisions\/117587"}],"wp:featuredmedia":[{"embeddable":true,"href":"https:\/\/www.blogdopaulonunes.com\/v5\/index.php\/wp-json\/wp\/v2\/media\/117586"}],"wp:attachment":[{"href":"https:\/\/www.blogdopaulonunes.com\/v5\/index.php\/wp-json\/wp\/v2\/media?parent=117585"}],"wp:term":[{"taxonomy":"category","embeddable":true,"href":"https:\/\/www.blogdopaulonunes.com\/v5\/index.php\/wp-json\/wp\/v2\/categories?post=117585"},{"taxonomy":"post_tag","embeddable":true,"href":"https:\/\/www.blogdopaulonunes.com\/v5\/index.php\/wp-json\/wp\/v2\/tags?post=117585"}],"curies":[{"name":"wp","href":"https:\/\/api.w.org\/{rel}","templated":true}]}}