{"id":117579,"date":"2024-01-14T02:27:57","date_gmt":"2024-01-14T05:27:57","guid":{"rendered":"https:\/\/www.blogdopaulonunes.com\/v5\/?p=117579"},"modified":"2024-01-14T02:27:57","modified_gmt":"2024-01-14T05:27:57","slug":"tudo-comecou-em-2016-com-o-golpe-contra-dilma-rousseff","status":"publish","type":"post","link":"https:\/\/www.blogdopaulonunes.com\/v5\/index.php\/2024\/01\/14\/tudo-comecou-em-2016-com-o-golpe-contra-dilma-rousseff\/","title":{"rendered":"Tudo come\u00e7ou em 2016 com o golpe contra Dilma Rousseff"},"content":{"rendered":"<h5 class=\"description\">&#8220;O golpe vai atingir indistintamente qualquer organiza\u00e7\u00e3o pol\u00edtica progressista e democr\u00e1tica&#8221;, disse Dilma em 2016<\/h5>\n<div class=\"author\"><span style=\"color: #ff0000;\"><strong>Ayrton Centeno<\/strong><\/span><\/div>\n<div class=\"place-and-time\">\n<div class=\"place\"><span style=\"color: #ff0000;\"><strong>Brasil de Fato | Porto Alegre (RS)<\/strong><\/span><\/div>\n<div>Quando o\u00a0<a href=\"https:\/\/www.brasildefato.com.br\/2022\/02\/17\/excludente-elitista-e-patriarcal-pesquisadora-amplia-olhar-critico-sobre-semana-de-22\" target=\"_blank\" rel=\"noopener\">Di Cavalcanti<\/a>\u00a0tomou sete facadas, o crime se consumou ali com a ajuda daqueles bra\u00e7os, mas aquela faca vinha sendo afiada de muito tempo passado.<\/div>\n<div>Quando o rel\u00f3gio de p\u00eandulo do s\u00e9culo 17, um dos dois existentes no mundo e de valor incalcul\u00e1vel, foi destru\u00eddo, houve outra destrui\u00e7\u00e3o, mais grave e brutal, que o antecedeu.<\/div>\n<div>\n<p><a href=\"https:\/\/www.brasildefato.com.br\/2023\/01\/09\/sem-anistia-furia-dor-e-responsabilizacao\" target=\"_blank\" rel=\"noopener\">:: Sem Anistia: f\u00faria, dor e responsabiliza\u00e7\u00e3o\u00a0::<\/a><\/p>\n<p>Quando a mesa de trabalho de Juscelino Kubitschek foi emborcada pela onda de devasta\u00e7\u00e3o, outra mesa havia sido virada antes.<\/p>\n<p>Quando a primeira janela se estilha\u00e7ou a golpes de ferros e porretes deu-se no impacto do \u00faltimo impulso porque o primeiro fora dado havia muito.<\/p>\n<p>Quando defecaram sobre os m\u00f3veis do pal\u00e1cio, enquanto jatos de mijo varriam o piso, as fezes e a urina eram resqu\u00edcios de outras secre\u00e7\u00f5es mais antigas e discretas por\u00e9m tamb\u00e9m imundas.<\/p>\n<p><a href=\"https:\/\/www.brasildefato.com.br\/2023\/01\/09\/nao-vamos-permitir-que-democracia-escape-das-nossas-maos-diz-lula-diante-de-governadores\" target=\"_blank\" rel=\"noopener\" data-reader-unique-id=\"7\">:: \u201cN\u00e3o vamos permitir que democracia escape das nossas m\u00e3os\u201d, diz Lula diante de governadores\u00a0::<\/a><\/p>\n<p>Quando os tr\u00eas pal\u00e1cios foram violentados, a viol\u00eancia j\u00e1 havia sido semeada em dois deles havia coisa de seis anos, quase sete.<\/p>\n<p>Quando a popula\u00e7\u00e3o de democratas cresce subitamente ap\u00f3s os acontecimentos tr\u00e1gicos do domingo, podemos perguntar onde se ocultavam ent\u00e3o tantas voca\u00e7\u00f5es democr\u00e1ticas.<\/p>\n<p>Quando um policial foi arrancado do seu cavalo por m\u00e3os brutas e espancado, outro espancamento, o da lei, j\u00e1 ocorrera no ano de 2016.<\/p>\n<p>Quando nos preparamos para lembrar sempre \u2013 e assim o faremos \u2013 o dia 8 de janeiro de 2023, seria bom para nossa mem\u00f3ria cansada lembrar tamb\u00e9m das datas de 17 de abril e 31 de agosto, ambas de 2016.<\/p>\n<p>Quando nos horrorizamos com a podrid\u00e3o da chusma transportada e remunerada deste janeiro brasiliense, poder\u00edamos gastar um tanto do nosso horror para recordar como tudo isso come\u00e7ou.<\/p>\n<p>Quando a lembran\u00e7a capengueia, podemos reativ\u00e1-la com a voz firme e forte de quem sofreu primeiro as consequ\u00eancias disso que o Brasil sofre agora.<\/p>\n<p>Com a palavra, Dilma Rousseff:<\/p>\n<p>\u201cO golpe n\u00e3o foi cometido apenas contra mim e contra o meu partido. Isto foi apenas o come\u00e7o. O golpe vai atingir indistintamente qualquer organiza\u00e7\u00e3o pol\u00edtica progressista e democr\u00e1tica.\u201d<\/p>\n<p>E mais:<\/p>\n<p>\u201cO golpe \u00e9 contra o povo e contra a Na\u00e7\u00e3o. O golpe \u00e9 mis\u00f3gino. O golpe \u00e9 homof\u00f3bico. O golpe \u00e9 racista. \u00c9 a imposi\u00e7\u00e3o da cultura da intoler\u00e2ncia, do preconceito, da viol\u00eancia.\u201d<\/p>\n<p>No Senado, no 31 de agosto, frente a frente com seus algozes (61 deles), ela continuou:<\/p>\n<p>\u201cOs senadores que votaram pelo impeachment escolheram rasgar a Constitui\u00e7\u00e3o Federal. Decidiram pela interrup\u00e7\u00e3o do mandato de uma presidenta que n\u00e3o cometeu crime de responsabilidade. Condenaram uma inocente e consumaram um golpe parlamentar.\u201d<\/p>\n<p>Como \u201cum alento\u201d, Dilma citou versos do poeta russo Vladimir Maiakovski:<\/p>\n<p><em>\u201cN\u00e3o estamos alegres, \u00e9 certo,<br \/>\nMas tamb\u00e9m por que raz\u00e3o haver\u00edamos de ficar tristes?<br \/>\nO mar da hist\u00f3ria \u00e9 agitado<br \/>\nAs amea\u00e7as e as guerras, haveremos de atravess\u00e1-las,<br \/>\nRomp\u00ea-las ao meio,<br \/>\nCortando-as como uma quilha corta.\u201d<\/em><\/p>\n<p>E, profeticamente, avisou:<\/p>\n<p>\u201cEsta hist\u00f3ria n\u00e3o acaba assim. Estou certa que a interrup\u00e7\u00e3o deste processo pelo golpe de estado n\u00e3o \u00e9 definitiva. N\u00f3s voltaremos. Voltaremos para continuar nossa jornada rumo a um Brasil em que o povo \u00e9 soberano.\u201d<\/p>\n<p>Cabe a n\u00f3s, com coragem, mas sem ilus\u00f5es, aprender com Dilma e Maiakovski, e atravessar as amea\u00e7as e as guerras, cortando-as como uma quilha corta o mar.<\/p>\n<p><em>* Jornalista, editor do Brasil de Fato RS, trabalhou, entre outros, em ve\u00edculos como Estad\u00e3o, Veja, Jornal da Tarde e Ag\u00eancia Estado. Documentarista da quest\u00e3o da terra, autor de livros, entre os quais &#8220;Os Vencedores&#8221; (Gera\u00e7\u00e3o Editorial, 2014) e \u201cO Pais da Suruba\u201d (Libretos, 2017).<\/em><\/p>\n<p><strong>Fonte:\u00a0<\/strong><a href=\"https:\/\/www.brasildefators.com.br\/2023\/01\/10\/artigo-tudo-comecou-em-2016\" target=\"_blank\" rel=\"noopener\">BdF Rio Grande do Sul<\/a><\/p>\n<p class=\"editor\">Edi\u00e7\u00e3o: Katia Marko<\/p>\n<\/div>\n<div><\/div>\n<\/div>\n","protected":false},"excerpt":{"rendered":"<p>&#8220;O golpe vai atingir indistintamente qualquer organiza\u00e7\u00e3o pol\u00edtica progressista e democr\u00e1tica&#8221;, disse Dilma em 2016 Ayrton Centeno Brasil de Fato | Porto Alegre (RS) Quando o\u00a0Di Cavalcanti\u00a0tomou sete facadas, o crime se consumou ali com a ajuda daqueles bra\u00e7os, mas aquela faca vinha sendo afiada de muito tempo passado. Quando o rel\u00f3gio de p\u00eandulo do [&hellip;]<\/p>\n","protected":false},"author":2,"featured_media":117580,"comment_status":"open","ping_status":"open","sticky":false,"template":"","format":"standard","meta":[],"categories":[2314,105],"tags":[3342,1695,387],"_links":{"self":[{"href":"https:\/\/www.blogdopaulonunes.com\/v5\/index.php\/wp-json\/wp\/v2\/posts\/117579"}],"collection":[{"href":"https:\/\/www.blogdopaulonunes.com\/v5\/index.php\/wp-json\/wp\/v2\/posts"}],"about":[{"href":"https:\/\/www.blogdopaulonunes.com\/v5\/index.php\/wp-json\/wp\/v2\/types\/post"}],"author":[{"embeddable":true,"href":"https:\/\/www.blogdopaulonunes.com\/v5\/index.php\/wp-json\/wp\/v2\/users\/2"}],"replies":[{"embeddable":true,"href":"https:\/\/www.blogdopaulonunes.com\/v5\/index.php\/wp-json\/wp\/v2\/comments?post=117579"}],"version-history":[{"count":1,"href":"https:\/\/www.blogdopaulonunes.com\/v5\/index.php\/wp-json\/wp\/v2\/posts\/117579\/revisions"}],"predecessor-version":[{"id":117581,"href":"https:\/\/www.blogdopaulonunes.com\/v5\/index.php\/wp-json\/wp\/v2\/posts\/117579\/revisions\/117581"}],"wp:featuredmedia":[{"embeddable":true,"href":"https:\/\/www.blogdopaulonunes.com\/v5\/index.php\/wp-json\/wp\/v2\/media\/117580"}],"wp:attachment":[{"href":"https:\/\/www.blogdopaulonunes.com\/v5\/index.php\/wp-json\/wp\/v2\/media?parent=117579"}],"wp:term":[{"taxonomy":"category","embeddable":true,"href":"https:\/\/www.blogdopaulonunes.com\/v5\/index.php\/wp-json\/wp\/v2\/categories?post=117579"},{"taxonomy":"post_tag","embeddable":true,"href":"https:\/\/www.blogdopaulonunes.com\/v5\/index.php\/wp-json\/wp\/v2\/tags?post=117579"}],"curies":[{"name":"wp","href":"https:\/\/api.w.org\/{rel}","templated":true}]}}