{"id":117550,"date":"2024-01-12T11:03:01","date_gmt":"2024-01-12T14:03:01","guid":{"rendered":"https:\/\/www.blogdopaulonunes.com\/v5\/?p=117550"},"modified":"2024-01-12T11:03:01","modified_gmt":"2024-01-12T14:03:01","slug":"genocidio-israel-matou-13-da-populacao-palestina-em-tres-meses-e-podera-chegar-a-100-em-seis-anos","status":"publish","type":"post","link":"https:\/\/www.blogdopaulonunes.com\/v5\/index.php\/2024\/01\/12\/genocidio-israel-matou-13-da-populacao-palestina-em-tres-meses-e-podera-chegar-a-100-em-seis-anos\/","title":{"rendered":"Genoc\u00eddio: Israel matou 1,3% da popula\u00e7\u00e3o palestina em tr\u00eas meses e poder\u00e1 chegar a 100% em seis anos"},"content":{"rendered":"<p><strong>O c\u00e1lculo foi feito pelo professor Samuel Braun, de origem judaica<\/strong><\/p>\n<p style=\"text-align: justify;\"><b>\u00a0<\/b>O professor de pol\u00edticas p\u00fablicas Samuel Braun, de origem judaica, explicou de forma did\u00e1tica por que considera que o estado de Israel est\u00e1 promovendo um genoc\u00eddio contra o povo palestino em Gaza. &#8220;No ritmo da matan\u00e7a de civis que Israel est\u00e1 promovendo (1,3% da popula\u00e7\u00e3o em 3 meses), em 6 anos estar\u00e1 morto at\u00e9 o \u00faltimo palestino de Gaza. Mas a alega\u00e7\u00e3o sionista \u00e9 que est\u00e3o fazendo as a\u00e7\u00f5es militares (aterrorizantes a olhos nus) &#8216;com cuidado com os civis nunca antes visto&#8217;. Liberais repetem isso nessa rede todo dia, falando s\u00e9rio, sem um pingo de vergonha&#8221;, escreveu Braun, em seu X (antigo Twitter).<\/p>\n<p style=\"text-align: justify;\">A decis\u00e3o do governo brasileiro de endossar a acusa\u00e7\u00e3o liderada pela \u00c1frica do Sul contra o genoc\u00eddio promovido pelo estado de Israel contra o povo palestino em Gaza fez com que o presidente Luiz In\u00e1cio Lula da Silva fosse atacado pelo grupo de comunica\u00e7\u00e3o Globo. Em\u00a0<a href=\"https:\/\/www.brasil247.com\/midia\/globo-insulta-lula-diz-que-presidente-faz-agressao-injusta-a-israel-e-ainda-aponta-antissemitismo-em-suas-acoes\" target=\"_blank\" rel=\"noopener noreferrer nofollow\"><u>editorial<\/u><\/a>\u00a0publicado nesta sexta-feira, o jornal diz que o presidente faz &#8220;agress\u00e3o injusta&#8221; a Israel. Confira, abaixo, o post de Braun, que d\u00e1 raz\u00e3o ao presidente Lula:<\/p>\n<div class=\"css-1dbjc4n r-18u37iz r-kzbkwu\">\n<div class=\"css-1dbjc4n r-1ny4l3l\">\n<div class=\"css-1dbjc4n r-1adg3ll r-bztko3\" data-testid=\"UserAvatar-Container-SamuelBraun\">\n<div class=\"r-1p0dtai r-1pi2tsx r-1d2f490 r-u8s1d r-ipm5af r-13qz1uu\">\n<div class=\"css-1dbjc4n r-1adg3ll r-1pi2tsx r-1wyvozj r-bztko3 r-u8s1d r-1v2oles r-desppf r-13qz1uu\">\n<div class=\"r-1p0dtai r-1pi2tsx r-1d2f490 r-u8s1d r-ipm5af r-13qz1uu\">\n<div class=\"css-1dbjc4n r-sdzlij r-ggadg3 r-1udh08x r-u8s1d r-8jfcpp\">\n<div class=\"css-1dbjc4n r-14lw9ot r-sdzlij r-1wyvozj r-1udh08x r-633pao r-u8s1d r-1v2oles r-desppf\">\n<div class=\"css-1dbjc4n r-1adg3ll r-1udh08x\">\n<div class=\"r-1adg3ll r-13qz1uu\"><\/div>\n<div class=\"r-1p0dtai r-1pi2tsx r-1d2f490 r-u8s1d r-ipm5af r-13qz1uu\">\n<div class=\"css-1dbjc4n r-1p0dtai r-1mlwlqe r-1d2f490 r-1udh08x r-u8s1d r-zchlnj r-ipm5af r-417010\" aria-label=\"\">\n<div class=\"css-1dbjc4n r-1niwhzg r-vvn4in r-u6sd8q r-4gszlv r-1p0dtai r-1pi2tsx r-1d2f490 r-u8s1d r-zchlnj r-ipm5af r-13qz1uu r-1wyyakw\"><\/div>\n<p><img class=\"css-9pa8cd\" draggable=\"true\" src=\"https:\/\/pbs.twimg.com\/profile_images\/1624896150380720128\/w16S3PXx_normal.jpg\" alt=\"\" \/><\/div>\n<\/div>\n<\/div>\n<\/div>\n<div class=\"css-1dbjc4n r-sdzlij r-1wyvozj r-1udh08x r-u8s1d r-1v2oles r-desppf\">\n<div class=\"css-1dbjc4n r-12181gd r-1pi2tsx r-1ny4l3l r-o7ynqc r-6416eg r-13qz1uu\"><\/div>\n<\/div>\n<\/div>\n<\/div>\n<\/div>\n<\/div>\n<\/div>\n<\/div>\n<div class=\"css-1dbjc4n r-eqz5dr r-1777fci r-4amgru r-1kh6xel\">\n<div class=\"css-1dbjc4n r-1ny4l3l\">\n<div class=\"css-1dbjc4n r-1wbh5a2 r-dnmrzs r-1ny4l3l\">\n<div class=\"css-1dbjc4n r-1wbh5a2 r-dnmrzs r-1ny4l3l\">\n<div class=\"css-1dbjc4n r-1awozwy r-18u37iz r-dnmrzs\">\n<div class=\"css-901oao r-1awozwy r-18jsvk2 r-6koalj r-1qd0xha r-a023e6 r-b88u0q r-rjixqe r-bcqeeo r-1udh08x r-3s2u2q r-qvutc0\" dir=\"auto\"><span class=\"css-901oao css-16my406 css-1hf3ou5 r-poiln3 r-bcqeeo r-qvutc0\"><span class=\"css-901oao css-16my406 r-poiln3 r-bcqeeo r-qvutc0\">Samuel Braun\u00a0<\/span><\/span><\/div>\n<div class=\"css-901oao r-18jsvk2 r-xoduu5 r-18u37iz r-1q142lx r-1qd0xha r-a023e6 r-16dba41 r-rjixqe r-bcqeeo r-qvutc0\" dir=\"auto\"><\/div>\n<\/div>\n<div class=\"css-1dbjc4n r-1awozwy r-18u37iz r-1wbh5a2\">\n<div class=\"css-1dbjc4n\">\n<div class=\"css-901oao css-1hf3ou5 r-14j79pv r-18u37iz r-1qd0xha r-1wvb978 r-a023e6 r-16dba41 r-rjixqe r-bcqeeo r-qvutc0\" dir=\"ltr\"><span class=\"css-901oao css-16my406 r-poiln3 r-bcqeeo r-qvutc0\">@SamuelBraun<\/span><\/div>\n<\/div>\n<div class=\"css-1dbjc4n r-18u37iz r-1q142lx\">\n<div class=\"css-901oao r-14j79pv r-1q142lx r-1qd0xha r-a023e6 r-16dba41 r-rjixqe r-bcqeeo r-s1qlax r-qvutc0\" dir=\"auto\" aria-hidden=\"true\"><span class=\"css-901oao css-16my406 r-poiln3 r-bcqeeo r-qvutc0\">\u00b7<\/span><\/div>\n<p><a class=\"css-4rbku5 css-18t94o4 css-901oao r-1loqt21 r-1qd0xha r-a023e6 r-b88u0q r-rjixqe r-bcqeeo r-qvutc0\" dir=\"auto\" role=\"link\" href=\"https:\/\/twitter.com\/intent\/follow?ref_src=twsrc%5Etfw%7Ctwcamp%5Etweetembed%7Ctwterm%5E1745475101632381312%7Ctwgr%5Ed9eac3920280b8d133c72a9efce107c73b20c6c0%7Ctwcon%5Es1_&amp;ref_url=https%3A%2F%2Fwww.brasil247.com%2Fbrasil%2Fgenocidio-israel-matou-1-3-da-populacao-palestina-em-tres-meses-e-podera-chegar-a-100-em-seis-anos&amp;screen_name=SamuelBraun\" target=\"_blank\" rel=\"noopener noreferrer nofollow\"><span class=\"css-901oao css-16my406 r-poiln3 r-bcqeeo r-qvutc0\">Seguir<\/span><\/a><\/div>\n<\/div>\n<\/div>\n<\/div>\n<\/div>\n<\/div>\n<\/div>\n<div class=\"css-1dbjc4n\">\n<div class=\"css-901oao r-18jsvk2 r-1dqbpge r-1qd0xha r-adyw6z r-16dba41 r-135wba7 r-bcqeeo r-bnwqim r-qvutc0\" dir=\"auto\" lang=\"pt\" data-testid=\"tweetText\"><span class=\"css-901oao css-16my406 r-poiln3 r-bcqeeo r-qvutc0\">No ritmo da matan\u00e7a de civis que Israel <\/span><span class=\"css-901oao css-16my406 r-poiln3 r-bcqeeo r-qvutc0\"> est\u00e1 promovendo (1,3% da popula\u00e7\u00e3o em 3 meses), em 6 anos estar\u00e1 morto at\u00e9 o \u00faltimo palestino de Gaza. Mas a alega\u00e7\u00e3o sionista \u00e9 que est\u00e3o fazendo as a\u00e7\u00f5es militares (aterrorizantes a olhos nus) \u201ccom cuidado com os civis nunca antes\u2026<\/span><a class=\"css-4rbku5 css-18t94o4 css-901oao css-16my406 r-1cvl2hr r-1loqt21 r-poiln3 r-bcqeeo r-qvutc0\" role=\"link\" href=\"https:\/\/mobile.twitter.com\/SamuelBraun\/status\/1745475101632381312?ref_src=twsrc%5Etfw%7Ctwcamp%5Etweetembed%7Ctwterm%5E1745475101632381312%7Ctwgr%5Ed9eac3920280b8d133c72a9efce107c73b20c6c0%7Ctwcon%5Es1_&amp;ref_url=https%3A%2F%2Fwww.brasil247.com%2Fbrasil%2Fgenocidio-israel-matou-1-3-da-populacao-palestina-em-tres-meses-e-podera-chegar-a-100-em-seis-anos\" target=\"_blank\" rel=\"noopener noreferrer nofollow\" data-testid=\"tweet-text-show-more-link\"><span class=\"css-901oao css-16my406 r-poiln3 r-bcqeeo r-qvutc0\">\u00a0<\/span><span class=\"css-901oao css-16my406 r-poiln3 r-bcqeeo r-qvutc0\">Mostrar mais<\/span><\/a><\/div>\n<\/div>\n<div class=\"css-1dbjc4n r-1awozwy r-18u37iz r-1bymd8e\">\n<div class=\"css-901oao css-1hf3ou5 r-18jsvk2 r-1qd0xha r-a023e6 r-16dba41 r-rjixqe r-bcqeeo r-qvutc0\" dir=\"auto\">\n<div class=\"css-1dbjc4n r-xoduu5\">\n<div class=\"css-1dbjc4n r-1d09ksm r-1471scf r-18u37iz r-1wbh5a2\"><span class=\"css-901oao css-16my406 r-14j79pv r-poiln3 r-bcqeeo r-qvutc0\"><a class=\"css-4rbku5 css-18t94o4 css-901oao css-16my406 r-14j79pv r-1loqt21 r-xoduu5 r-1q142lx r-1w6e6rj r-poiln3 r-9aw3ui r-bcqeeo r-3s2u2q r-qvutc0\" role=\"link\" href=\"https:\/\/twitter.com\/SamuelBraun\/status\/1745475101632381312?ref_src=twsrc%5Etfw%7Ctwcamp%5Etweetembed%7Ctwterm%5E1745475101632381312%7Ctwgr%5Ed9eac3920280b8d133c72a9efce107c73b20c6c0%7Ctwcon%5Es1_&amp;ref_url=https%3A%2F%2Fwww.brasil247.com%2Fbrasil%2Fgenocidio-israel-matou-1-3-da-populacao-palestina-em-tres-meses-e-podera-chegar-a-100-em-seis-anos\" target=\"_blank\" rel=\"noopener noreferrer nofollow\" aria-label=\"12:57 PM \u00b7 11 de jan de 2024\"><time datetime=\"2024-01-11T15:57:48.000Z\">12:57 PM \u00b7 11 de jan de 2024<\/time><\/a><\/span><\/div>\n<\/div>\n<\/div>\n<\/div>\n<div class=\"css-1dbjc4n r-1habvwh r-1ets6dv r-5kkj8d r-18u37iz r-14gqq1x r-1h8ys4a\">\n<div class=\"css-1dbjc4n r-sdzlij r-mabqd8 r-1777fci r-cnkkqs r-1yvhtrz\" tabindex=\"-1\"><\/div>\n<div class=\"css-18t94o4 css-1dbjc4n r-1awozwy r-18u37iz r-1wbh5a2 r-1ny4l3l r-o7ynqc r-6416eg\" tabindex=\"0\" role=\"button\">\n<div class=\"css-901oao css-1hf3ou5 r-14j79pv r-1qd0xha r-1b43r93 r-b88u0q r-1cwl3u0 r-13hce6t r-bcqeeo r-qvutc0\" dir=\"auto\"><\/div>\n<\/div>\n<\/div>\n<p>&nbsp;<\/p>\n","protected":false},"excerpt":{"rendered":"<p>O c\u00e1lculo foi feito pelo professor Samuel Braun, de origem judaica \u00a0O professor de pol\u00edticas p\u00fablicas Samuel Braun, de origem judaica, explicou de forma did\u00e1tica por que considera que o estado de Israel est\u00e1 promovendo um genoc\u00eddio contra o povo palestino em Gaza. &#8220;No ritmo da matan\u00e7a de civis que Israel est\u00e1 promovendo (1,3% da [&hellip;]<\/p>\n","protected":false},"author":2,"featured_media":117552,"comment_status":"open","ping_status":"open","sticky":false,"template":"","format":"standard","meta":[],"categories":[23,105],"tags":[3321,1290,2670],"_links":{"self":[{"href":"https:\/\/www.blogdopaulonunes.com\/v5\/index.php\/wp-json\/wp\/v2\/posts\/117550"}],"collection":[{"href":"https:\/\/www.blogdopaulonunes.com\/v5\/index.php\/wp-json\/wp\/v2\/posts"}],"about":[{"href":"https:\/\/www.blogdopaulonunes.com\/v5\/index.php\/wp-json\/wp\/v2\/types\/post"}],"author":[{"embeddable":true,"href":"https:\/\/www.blogdopaulonunes.com\/v5\/index.php\/wp-json\/wp\/v2\/users\/2"}],"replies":[{"embeddable":true,"href":"https:\/\/www.blogdopaulonunes.com\/v5\/index.php\/wp-json\/wp\/v2\/comments?post=117550"}],"version-history":[{"count":1,"href":"https:\/\/www.blogdopaulonunes.com\/v5\/index.php\/wp-json\/wp\/v2\/posts\/117550\/revisions"}],"predecessor-version":[{"id":117553,"href":"https:\/\/www.blogdopaulonunes.com\/v5\/index.php\/wp-json\/wp\/v2\/posts\/117550\/revisions\/117553"}],"wp:featuredmedia":[{"embeddable":true,"href":"https:\/\/www.blogdopaulonunes.com\/v5\/index.php\/wp-json\/wp\/v2\/media\/117552"}],"wp:attachment":[{"href":"https:\/\/www.blogdopaulonunes.com\/v5\/index.php\/wp-json\/wp\/v2\/media?parent=117550"}],"wp:term":[{"taxonomy":"category","embeddable":true,"href":"https:\/\/www.blogdopaulonunes.com\/v5\/index.php\/wp-json\/wp\/v2\/categories?post=117550"},{"taxonomy":"post_tag","embeddable":true,"href":"https:\/\/www.blogdopaulonunes.com\/v5\/index.php\/wp-json\/wp\/v2\/tags?post=117550"}],"curies":[{"name":"wp","href":"https:\/\/api.w.org\/{rel}","templated":true}]}}