{"id":117539,"date":"2024-01-12T03:46:20","date_gmt":"2024-01-12T06:46:20","guid":{"rendered":"https:\/\/www.blogdopaulonunes.com\/v5\/?p=117539"},"modified":"2024-01-12T03:46:20","modified_gmt":"2024-01-12T06:46:20","slug":"a-gente-vem-pela-atitude-de-fe-declara-o-governador-apos-seis-horas-de-caminhada-ate-a-igreja-do-bonfim","status":"publish","type":"post","link":"https:\/\/www.blogdopaulonunes.com\/v5\/index.php\/2024\/01\/12\/a-gente-vem-pela-atitude-de-fe-declara-o-governador-apos-seis-horas-de-caminhada-ate-a-igreja-do-bonfim\/","title":{"rendered":"\u201cA gente vem pela atitude de f\u00e9\u201d, declara o governador ap\u00f3s seis horas de caminhada at\u00e9 a Igreja do Bonfim"},"content":{"rendered":"<p style=\"text-align: justify;\">\nAp\u00f3s quase seis horas de cortejo entre a Concei\u00e7\u00e3o e o Bonfim, o governador Jer\u00f4nimo Rodrigues chegou \u00e0 Colina Sagrada, ao lado do vice-governador Geraldo J\u00fanior, no meio da tarde desta quinta-feira (11). Durante o trajeto, o governador parou nas instala\u00e7\u00f5es das Obras Sociais Irm\u00e3 Dulce, no Largo de Roma, e no Col\u00e9gio da Pol\u00edcia Militar para entregar uma ambul\u00e2ncia ao Hospital da Pol\u00edcia Militar da Bahia \u2013 investimento do Governo do Estado, atrav\u00e9s da Secretaria da Sa\u00fade (Sesab).<\/p>\n<p style=\"text-align: justify;\">No caminho, Jer\u00f4nimo se juntou \u00e0s pessoas que pararam para tomar um banho de carro pipa, uma a\u00e7\u00e3o realizada pelo Corpo de Bombeiros da Bahia, para refrescar os devotos. Na chegada \u00e0 Bas\u00edlica de Nosso Senhor do Bonfim, o governador foi aben\u00e7oado pelas baianas com o tradicional banho de cheiro e renovou os votos. \u201cA gente vem pela atitude de f\u00e9 fazer a caminhada, porque acreditamos que nosso Senhor do Bonfim nos protege durante todo o ano. Mas, tem uma dimens\u00e3o cultural, que a gente percebe ao longo do trajeto, com as feijoadas, as festas, as camisas que os grupos se organizam para vestir nesse dia. Ent\u00e3o, al\u00e9m da f\u00e9, \u00e9 a nossa cultura. E, naturalmente, a economia roda muito forte\u201d, ressaltou.<\/p>\n<p><img loading=\"lazy\" class=\"alignnone size-full wp-image-117541\" src=\"https:\/\/www.blogdopaulonunes.com\/v5\/wp-content\/uploads\/2024\/01\/Bonfim-39.png\" alt=\"\" width=\"259\" height=\"177\" \/><\/p>\n<p style=\"text-align: justify;\">De acordo com o vice-governador, para hoje, \u00e9 s\u00f3 agradecimento. \u201cAgradecer ao Senhor do Bonfim por todas as vit\u00f3rias que n\u00f3s tivemos em 2023. Quando falo n\u00f3s, estou falando de todo o povo baiano\u201d, destacou.<\/p>\n<p style=\"text-align: justify;\">Nas primeiras horas da manh\u00e3 desta quinta-feira (11), Jer\u00f4nimo e Geraldo J\u00fanior marcaram presen\u00e7a na concentra\u00e7\u00e3o em frente \u00e0 Igreja de Nossa Senhora da Concei\u00e7\u00e3o da Praia, no bairro do Com\u00e9rcio, onde assistiram ao culto ecum\u00eanico que deu in\u00edcio aos festejos. \u201cAproveitamos o dia de hoje tamb\u00e9m para fazer entregas. Passamos no Hospital Irm\u00e3 Dulce, para receber e deixar um carinho para as pessoas que trabalham ali. E, na Pol\u00edcia Militar, em Dendezeiros, entregamos uma ambul\u00e2ncia de R$ 270 mil, para trabalhar na sa\u00fade. \u00c9 com essa ambul\u00e2ncia que a Pol\u00edcia Militar vai socorrer aqueles que precisam dentro da corpora\u00e7\u00e3o\u201d, explicou Jer\u00f4nimo.<\/p>\n<p><b>Fortalecimento da cultura baiana<\/b><\/p>\n<p><img loading=\"lazy\" class=\"alignnone size-full wp-image-117542\" src=\"https:\/\/www.blogdopaulonunes.com\/v5\/wp-content\/uploads\/2024\/01\/Bonfim-49.png\" alt=\"\" width=\"254\" height=\"168\" \/><\/p>\n<p style=\"text-align: justify;\">Este ano, o Governo do Estado executa uma s\u00e9rie de a\u00e7\u00f5es de seguran\u00e7a, cultura, distribui\u00e7\u00e3o de \u00e1gua e reciclagem de res\u00edduos s\u00f3lidos, ao longo do percurso. Pela primeira vez, blocos de matriz africana, como o Afox\u00e9 Il\u00ea Oya do Abacaxi, Bloco Afro Mal\u00ea Debal\u00ea, Bloco Amor e Paix\u00e3o, Bloco da Saudade, Bola Cheia, Proibido Proibir e Samba pra Rua foram contemplados com investimentos pelo Programa Ouro Negro na Festa do Bonfim, por meio da Secretaria da Cultura (Secult) e da Secretaria de Promo\u00e7\u00e3o da Igualdade Racial e dos Povos e Comunidades Tradicionais (Sepromi).<\/p>\n<p style=\"text-align: justify;\">Foram mais de 170 propostas aprovadas para desfilarem n\u00e3o s\u00f3 no Bonfim, mas no Carnaval de Salvador e do interior, na Micareta de Feira de Santana e na Lavagem de Itapu\u00e3. Al\u00e9m disso, a Secretaria do Turismo (Setur) tamb\u00e9m levou \u00e0s ruas o Bloco do Trade Tur\u00edstico, com o afro Muzenza. Para reduzir o \u00edndice de ass\u00e9dio \u00e0s mulheres durante a caminhada at\u00e9 a Igreja do Bonfim, a Secretaria de Pol\u00edticas para as Mulheres (SPM) esteve presente em todo o trajeto distribuindo ventarolas e panfletos; e fazendo di\u00e1logos educativos sobre viol\u00eancia contra a mulher.<\/p>\n<p>&nbsp;<\/p>\n<p style=\"text-align: justify;\">Os quase oito quil\u00f4metros de caminhada at\u00e9 a Igreja do Bonfim foram para agradecer e renovar as energias, revelou a advogada Ilmaria Armentano, que faz o percurso h\u00e1 30 anos, e tem a celebra\u00e7\u00e3o como o ano novo baiano. \u201cTem que ter muita perna, mas tamb\u00e9m muita gra\u00e7a, n\u00e9? A gente vem batendo papo, curtindo, encontrando muita gente no caminho, e a\u00ed abra\u00e7ando, voltando sempre \u00e0s origens, que \u00e9 muito importante e a gente consegue chegar at\u00e9 aqui\u201d, celebrou a devota.<\/p>\n<p style=\"text-align: justify;\"><b>Seguran\u00e7a nas festas populares<\/b><\/p>\n<p style=\"text-align: justify;\">\n<p style=\"text-align: justify;\">Em uma das primeiras festas populares do ano, o refor\u00e7o das for\u00e7as de seguran\u00e7a j\u00e1 foi vis\u00edvel. Dois mil policiais e bombeiros militares foram mobilizados para atuar durante a caminhada para o Senhor do Bonfim e para Oxal\u00e1. Tamb\u00e9m foram instaladas duas Plataformas de Observa\u00e7\u00e3o Elevada da Pol\u00edcia Militar da Bahia em pontos estrat\u00e9gicos do cortejo.<\/p>\n<p style=\"text-align: justify;\">O policial militar Marcone de Oliveira \u00e9 um dos profissionais atuando nas plataformas e explicou que, al\u00e9m de monitorar a celebra\u00e7\u00e3o, os oficiais podem conduzir um flagrante para uma delegacia especializada da Pol\u00edcia Civil. \u201cNossa atua\u00e7\u00e3o \u00e9 semelhante \u00e0 de outras festas populares, como Carnaval, Micareta, Festa Junina. O Posto Elevado funciona como uma vis\u00e3o privilegiada do evento, a gente tem uma altura diferenciada para observar o p\u00fablico. Em caso de ocorrer um flagrante de delito, localizando o indiv\u00edduo que cometeu o poss\u00edvel crime, a gente o conduz at\u00e9 o posto da Pol\u00edcia Civil para a lavratura do flagrante\u201d, detalhou o PM.<\/p>\n<p>&nbsp;<\/p>\n<p style=\"text-align: justify;\">O Corpo de Bombeiros Militar da Bahia (CBPM) atuou com patrulhas e viaturas para realiza\u00e7\u00e3o de resgates e salvamentos at\u00e9 o final do evento e distribuiu cerca de 30 mil copos de \u00e1gua mineral durante o percurso da lavagem. Os postos da corpora\u00e7\u00e3o na Concei\u00e7\u00e3o da Praia, na Cal\u00e7ada, Roma e Bonfim tamb\u00e9m funcionaram como pontos de hidrata\u00e7\u00e3o. No Posto Almeida Couto, na Cal\u00e7ada, uma viatura o Corpo de Bombeiros manteve a pulveriza\u00e7\u00e3o com \u00e1gua nos fi\u00e9is.<\/p>\n<p>&nbsp;<\/p>\n<p style=\"text-align: justify;\">O trabalho conjunto da Secretaria de Seguran\u00e7a P\u00fablica (SSP) tamb\u00e9m envolveu o uso de 102 C\u00e2meras de Reconhecimento Facial, que foram utilizadas para localizar foragidos da justi\u00e7a no evento. Al\u00e9m da disposi\u00e7\u00e3o de Delegacias Especiais de \u00c1rea ao longo do percurso, houve um aumento das equipes que atuam na Delegacia Especial de Atendimento ao Turista (Deltur) e na 3\u00aa Delegacia Territorial (DT\/Bonfim).<\/p>\n<p>&nbsp;<\/p>\n<p><b><i>Fotos a\u00e9reas: Manu Dias\/GOVBA<\/i><\/b><\/p>\n<p><b><i>Fotos: Feij\u00e3o Almeida\/GOVBA<\/i><\/b><\/p>\n","protected":false},"excerpt":{"rendered":"<p>Ap\u00f3s quase seis horas de cortejo entre a Concei\u00e7\u00e3o e o Bonfim, o governador Jer\u00f4nimo Rodrigues chegou \u00e0 Colina Sagrada, ao lado do vice-governador Geraldo J\u00fanior, no meio da tarde desta quinta-feira (11). Durante o trajeto, o governador parou nas instala\u00e7\u00f5es das Obras Sociais Irm\u00e3 Dulce, no Largo de Roma, e no Col\u00e9gio da Pol\u00edcia [&hellip;]<\/p>\n","protected":false},"author":2,"featured_media":117540,"comment_status":"open","ping_status":"open","sticky":false,"template":"","format":"standard","meta":[],"categories":[103,105],"tags":[3311,553,3313,2433,3312],"_links":{"self":[{"href":"https:\/\/www.blogdopaulonunes.com\/v5\/index.php\/wp-json\/wp\/v2\/posts\/117539"}],"collection":[{"href":"https:\/\/www.blogdopaulonunes.com\/v5\/index.php\/wp-json\/wp\/v2\/posts"}],"about":[{"href":"https:\/\/www.blogdopaulonunes.com\/v5\/index.php\/wp-json\/wp\/v2\/types\/post"}],"author":[{"embeddable":true,"href":"https:\/\/www.blogdopaulonunes.com\/v5\/index.php\/wp-json\/wp\/v2\/users\/2"}],"replies":[{"embeddable":true,"href":"https:\/\/www.blogdopaulonunes.com\/v5\/index.php\/wp-json\/wp\/v2\/comments?post=117539"}],"version-history":[{"count":1,"href":"https:\/\/www.blogdopaulonunes.com\/v5\/index.php\/wp-json\/wp\/v2\/posts\/117539\/revisions"}],"predecessor-version":[{"id":117543,"href":"https:\/\/www.blogdopaulonunes.com\/v5\/index.php\/wp-json\/wp\/v2\/posts\/117539\/revisions\/117543"}],"wp:featuredmedia":[{"embeddable":true,"href":"https:\/\/www.blogdopaulonunes.com\/v5\/index.php\/wp-json\/wp\/v2\/media\/117540"}],"wp:attachment":[{"href":"https:\/\/www.blogdopaulonunes.com\/v5\/index.php\/wp-json\/wp\/v2\/media?parent=117539"}],"wp:term":[{"taxonomy":"category","embeddable":true,"href":"https:\/\/www.blogdopaulonunes.com\/v5\/index.php\/wp-json\/wp\/v2\/categories?post=117539"},{"taxonomy":"post_tag","embeddable":true,"href":"https:\/\/www.blogdopaulonunes.com\/v5\/index.php\/wp-json\/wp\/v2\/tags?post=117539"}],"curies":[{"name":"wp","href":"https:\/\/api.w.org\/{rel}","templated":true}]}}