{"id":117496,"date":"2024-01-08T11:55:15","date_gmt":"2024-01-08T14:55:15","guid":{"rendered":"https:\/\/www.blogdopaulonunes.com\/v5\/?p=117496"},"modified":"2024-01-08T11:55:15","modified_gmt":"2024-01-08T14:55:15","slug":"em-ato-do-8-de-janeiro-pt-bahia-reafirma-a-importancia-da-luta-pela-democracia","status":"publish","type":"post","link":"https:\/\/www.blogdopaulonunes.com\/v5\/index.php\/2024\/01\/08\/em-ato-do-8-de-janeiro-pt-bahia-reafirma-a-importancia-da-luta-pela-democracia\/","title":{"rendered":"Em ato do 8 de Janeiro, PT Bahia reafirma a import\u00e2ncia da luta pela democracia"},"content":{"rendered":"<p style=\"text-align: justify;\">\nPresentes no ato do 8 de Janeiro, organizado por movimentos sociais, centrais sindicais e entidades do poder p\u00fablico em rep\u00fadio aos ataques golpistas em Bras\u00edlia, em 2023, parlamentares e membros da Executiva do Partido dos Trabalhadores da Bahia refor\u00e7aram a necessidade de uma luta constante pela democracia no Brasil. Os petistas destacaram ainda a import\u00e2ncia de unir esfor\u00e7os para combater o extremismo, o \u00f3dio, o fascismo no pa\u00eds e as ame\u00e7as \u00e0 estabilidade e soberania pol\u00edticas.<\/p>\n<p style=\"text-align: justify;\">Realizado na Assembleia Legislativa da Bahia (Alba), na manh\u00e3 desta segunda-feira, 08, o &#8220;Ato em defesa da democracia brasileira: A Bahia se une!&#8221; contou com a presen\u00e7a do governador do Estado, Jer\u00f4nimo Rodrigues, dos vereadores petistas Marta Rodrigues e Su\u00edca, dos deputados estaduais do PT, Robinson Almeida, Rosemberg Pinto, F\u00e1tima Nunes, Maria Del Carmen, Neusa Cadore, J\u00fanior Muniz, al\u00e9m de secret\u00e1rios de Estado, como Bruno Monteiro (Cultura) Felipe Freitas (Justi\u00e7a e Direitos Humanos), Fabya Reis (Assist\u00eancia e Desenvolvimento Social) e Luis Caetano (Rela\u00e7\u00f5es Institucionais), dentre outros.<\/p>\n<p style=\"text-align: justify;\">Vice-presidente do PT Bahia, J\u00e9ssica Sinai afirmou que o ato realizado na Bahia se soma e refor\u00e7a todos os outros que est\u00e3o sendo realizados hoje no pa\u00eds em defesa da democracia. &#8220;O pa\u00eds aprendeu muito com aquela situa\u00e7\u00e3o, e n\u00e3o \u00e9 \u00e0 toa que aqui no estado estamos reunindo nesse ato diversos movimentos sociais, dirigentes partid\u00e1rios, agentes governamentais e pol\u00edticos exatamente para reafirmar que a democracia \u00e9 fundamental para a constru\u00e7\u00e3o de uma na\u00e7\u00e3o. Ent\u00e3o a Bahia est\u00e1 unida junto a outros diversos segmentos no Brasil para defender a democracia&#8221; ressaltou a dirigente.<\/p>\n<p style=\"text-align: justify;\">A membra da Executiva Estadual do PT Bahia e presidente da CUT, Maria Firmino, a Leninha, destacou a unidade dos movimentos sociais, sindicais e de setores do governo um ano ap\u00f3s os ataques em Bras\u00edlia e disse que a democracia precisa ser defendida por todos. &#8220;A democracia n\u00e3o somos s\u00f3 n\u00f3s do movimento social que tem que defender um governo que \u00e9 democr\u00e1tico, que \u00e9 popular. Um governo que preza pela democracia tem que vir mesmo a p\u00fablico dizer que vamos lutar at\u00e9 o \u00faltimo momento para salvaguardar a nossa democracia, que \u00e9 t\u00e3o jovem, que foi t\u00e3o duramente atacada. Ent\u00e3o esse dia de hoje tem um simbolismo: ap\u00f3s um ano dizer que nunca mais ningu\u00e9m se ouse a atacar nossa democracia, os poderes constitu\u00eddos&#8221;, afirma Leninha.<\/p>\n<p style=\"text-align: justify;\">Vereadora de Salvador pelo PT, Marta Rodrigues defendeu a realiza\u00e7\u00e3o do ato para que &#8220;nunca mais volte a acontecer no pa\u00eds essa tentativa de golpe como a que aconteceu&#8221;. &#8220;Se as institui\u00e7\u00f5es, o presidente Lula, o Minist\u00e9rio P\u00fablico, o STF n\u00e3o tivessem sido c\u00e9leres a gente poderia ter vivido momentos ainda mais dram\u00e1ticos no pa\u00eds, mas ainda bem que houve esse celeridade e a gente conseguiu ver um ano depois como n\u00f3s avan\u00e7amos, mas a gente precisa avan\u00e7ar ainda mais contra o discurso do \u00f3dio, da viol\u00eancia, das fake news, porque tudo isso antes vinha com muita intensidade, ainda continua, mas n\u00e3o tanto&#8221;, disse Marta, ao acrescentar: &#8220;Uma outra pauta que quero colocar para o nosso partido e \u00e9 o que a gente tamb\u00e9m faz no dia a dia \u00e9 a gente levar muito esse debate da democracia na educa\u00e7\u00e3o. \u00c9 atrav\u00e9s da educa\u00e7\u00e3o tamb\u00e9m que a gente vai avan\u00e7ando e os nosso jovens v\u00e3o entendendo tamb\u00e9m como esse processo \u00e9 fundamental para a gente no pa\u00eds&#8221;.<\/p>\n<p>&#8212;<br \/>\nASCOM PT Bahia<br \/>\nFoto: Jonas Souza<\/p>\n","protected":false},"excerpt":{"rendered":"<p>Presentes no ato do 8 de Janeiro, organizado por movimentos sociais, centrais sindicais e entidades do poder p\u00fablico em rep\u00fadio aos ataques golpistas em Bras\u00edlia, em 2023, parlamentares e membros da Executiva do Partido dos Trabalhadores da Bahia refor\u00e7aram a necessidade de uma luta constante pela democracia no Brasil. Os petistas destacaram ainda a import\u00e2ncia [&hellip;]<\/p>\n","protected":false},"author":2,"featured_media":117497,"comment_status":"open","ping_status":"open","sticky":false,"template":"","format":"standard","meta":[],"categories":[112,71],"tags":[610,3284,387],"_links":{"self":[{"href":"https:\/\/www.blogdopaulonunes.com\/v5\/index.php\/wp-json\/wp\/v2\/posts\/117496"}],"collection":[{"href":"https:\/\/www.blogdopaulonunes.com\/v5\/index.php\/wp-json\/wp\/v2\/posts"}],"about":[{"href":"https:\/\/www.blogdopaulonunes.com\/v5\/index.php\/wp-json\/wp\/v2\/types\/post"}],"author":[{"embeddable":true,"href":"https:\/\/www.blogdopaulonunes.com\/v5\/index.php\/wp-json\/wp\/v2\/users\/2"}],"replies":[{"embeddable":true,"href":"https:\/\/www.blogdopaulonunes.com\/v5\/index.php\/wp-json\/wp\/v2\/comments?post=117496"}],"version-history":[{"count":1,"href":"https:\/\/www.blogdopaulonunes.com\/v5\/index.php\/wp-json\/wp\/v2\/posts\/117496\/revisions"}],"predecessor-version":[{"id":117498,"href":"https:\/\/www.blogdopaulonunes.com\/v5\/index.php\/wp-json\/wp\/v2\/posts\/117496\/revisions\/117498"}],"wp:featuredmedia":[{"embeddable":true,"href":"https:\/\/www.blogdopaulonunes.com\/v5\/index.php\/wp-json\/wp\/v2\/media\/117497"}],"wp:attachment":[{"href":"https:\/\/www.blogdopaulonunes.com\/v5\/index.php\/wp-json\/wp\/v2\/media?parent=117496"}],"wp:term":[{"taxonomy":"category","embeddable":true,"href":"https:\/\/www.blogdopaulonunes.com\/v5\/index.php\/wp-json\/wp\/v2\/categories?post=117496"},{"taxonomy":"post_tag","embeddable":true,"href":"https:\/\/www.blogdopaulonunes.com\/v5\/index.php\/wp-json\/wp\/v2\/tags?post=117496"}],"curies":[{"name":"wp","href":"https:\/\/api.w.org\/{rel}","templated":true}]}}