{"id":117490,"date":"2024-01-08T10:13:38","date_gmt":"2024-01-08T13:13:38","guid":{"rendered":"https:\/\/www.blogdopaulonunes.com\/v5\/?p=117490"},"modified":"2024-01-08T10:13:38","modified_gmt":"2024-01-08T13:13:38","slug":"pf-faz-nova-fase-da-operacao-lesa-patria-e-cumpre-47-mandados-2-sao-presos","status":"publish","type":"post","link":"https:\/\/www.blogdopaulonunes.com\/v5\/index.php\/2024\/01\/08\/pf-faz-nova-fase-da-operacao-lesa-patria-e-cumpre-47-mandados-2-sao-presos\/","title":{"rendered":"PF faz nova fase da Opera\u00e7\u00e3o Lesa P\u00e1tria e cumpre 47 mandados; 2 s\u00e3o presos"},"content":{"rendered":"<p style=\"text-align: justify;\">Investiga\u00e7\u00e3o \u00e9 contra atos antidemocr\u00e1ticos de 8 de janeiro do ano passado<\/p>\n<p style=\"text-align: justify;\">A\u00a0<a href=\"https:\/\/www.cnnbrasil.com.br\/tudo-sobre\/policia-federal-pf\/\" target=\"_blank\" rel=\"noopener\">Pol\u00edcia Federal (PF)<\/a>\u00a0colocou na rua na madrugada desta segunda-feira (8) uma nova fase da\u00a0<a href=\"https:\/\/www.cnnbrasil.com.br\/tudo-sobre\/operacao-lesa-patria\/\" target=\"_blank\" rel=\"noopener\">Opera\u00e7\u00e3o Lesa P\u00e1tria<\/a>.<\/p>\n<p style=\"text-align: justify;\">Os alvos s\u00e3o suspeitos de financiar e fomentar os atos antidemocr\u00e1ticos de 8 de janeiro do ano passado, com ataques \u00e0s sedes dos Tr\u00eas Poderes, em Bras\u00edlia.<\/p>\n<p style=\"text-align: justify;\"><strong>Essa 23\u00aa fase cumpre 47 mandados de busca e apreens\u00e3o e um de pris\u00e3o<\/strong>. As buscas s\u00e3o nos estados do Rio Grande do Sul, Bahia, Mato Grosso, Goi\u00e1s, Minas Gerais, Maranh\u00e3o, Paran\u00e1, Rond\u00f4nia, S\u00e3o Paulo, Tocantins, Santa Catarina e no Distrito Federal.<\/p>\n<p style=\"text-align: justify;\">O mandado de pris\u00e3o preventiva foi cumprido na Bahia. O alvo \u00e9 investigado como depredador e financiador, pois, segundo as investiga\u00e7\u00f5es, pagou um \u00f4nibus que saiu da Bahia para Bras\u00edlia um dia antes dos atos de vandalismo.<\/p>\n<p style=\"text-align: justify;\">Al\u00e9m do mandado de pris\u00e3o, a CNN apurou que houve uma pris\u00e3o em flagrante no Rio Grande do Sul de um homem por posse irregular de arma de fogo.<\/p>\n<div id=\"ads-banner-2\" class=\"ad__area\">\n<div id=\"mid3\" data-google-query-id=\"CMWGsc7tzYMDFTFJ3QIdm5gMjA\">\n<p style=\"text-align: justify;\">O Supremo Tribunal Federal (STF), que tem o ministro Alexandre de Moraes como relator do inqu\u00e9rito, determinou tamb\u00e9m a indisponibilidade de bens, ativos e valores dos investigados. A PF apura que os valores dos danos causados ao patrim\u00f4nio p\u00fablico podem chegar ao valor de R$ 40 milh\u00f5es.<\/p>\n<p style=\"text-align: justify;\">As investiga\u00e7\u00f5es continuam em curso e a Opera\u00e7\u00e3o Lesa P\u00e1tria se tornou permanente.<\/p>\n<p style=\"text-align: justify;\">De acordo com a PF, os atos golpistas constituem, em tese, \u201ccrimes de aboli\u00e7\u00e3o violenta do Estado Democr\u00e1tico de Direito, golpe de Estado, dano qualificado, associa\u00e7\u00e3o criminosa, incita\u00e7\u00e3o ao crime, destrui\u00e7\u00e3o e deteriora\u00e7\u00e3o ou inutiliza\u00e7\u00e3o de bem especialmente protegido\u201d.<\/p>\n<h2>Onde s\u00e3o cumpridos os mandados de busca e apreens\u00e3o<\/h2>\n<ul>\n<li><strong>Bahia:<\/strong>\u00a02<\/li>\n<li><strong>Distrito Federal:<\/strong>\u00a05<\/li>\n<li><strong>Goi\u00e1s:<\/strong>\u00a02<\/li>\n<li><strong>Maranh\u00e3o:<\/strong>\u00a04<\/li>\n<li><strong>Minas Gerais:<\/strong>\u00a02<\/li>\n<li><strong>Mato Grosso:<\/strong>\u00a010<\/li>\n<li><strong>Paran\u00e1:<\/strong>\u00a01<\/li>\n<li><strong>Rond\u00f4nia:<\/strong>\u00a01<\/li>\n<li><strong>Rio Grande do Sul:<\/strong>\u00a013<\/li>\n<li><strong>Santa Catarina:<\/strong>\u00a02<\/li>\n<li><strong>S\u00e3o Paulo:<\/strong>\u00a01<\/li>\n<li><strong>Tocantins:<\/strong>\u00a03<\/li>\n<\/ul>\n<\/div>\n<\/div>\n","protected":false},"excerpt":{"rendered":"<p>Investiga\u00e7\u00e3o \u00e9 contra atos antidemocr\u00e1ticos de 8 de janeiro do ano passado A\u00a0Pol\u00edcia Federal (PF)\u00a0colocou na rua na madrugada desta segunda-feira (8) uma nova fase da\u00a0Opera\u00e7\u00e3o Lesa P\u00e1tria. Os alvos s\u00e3o suspeitos de financiar e fomentar os atos antidemocr\u00e1ticos de 8 de janeiro do ano passado, com ataques \u00e0s sedes dos Tr\u00eas Poderes, em Bras\u00edlia. [&hellip;]<\/p>\n","protected":false},"author":2,"featured_media":117491,"comment_status":"open","ping_status":"open","sticky":false,"template":"","format":"standard","meta":[],"categories":[127,105],"tags":[3281,496],"_links":{"self":[{"href":"https:\/\/www.blogdopaulonunes.com\/v5\/index.php\/wp-json\/wp\/v2\/posts\/117490"}],"collection":[{"href":"https:\/\/www.blogdopaulonunes.com\/v5\/index.php\/wp-json\/wp\/v2\/posts"}],"about":[{"href":"https:\/\/www.blogdopaulonunes.com\/v5\/index.php\/wp-json\/wp\/v2\/types\/post"}],"author":[{"embeddable":true,"href":"https:\/\/www.blogdopaulonunes.com\/v5\/index.php\/wp-json\/wp\/v2\/users\/2"}],"replies":[{"embeddable":true,"href":"https:\/\/www.blogdopaulonunes.com\/v5\/index.php\/wp-json\/wp\/v2\/comments?post=117490"}],"version-history":[{"count":1,"href":"https:\/\/www.blogdopaulonunes.com\/v5\/index.php\/wp-json\/wp\/v2\/posts\/117490\/revisions"}],"predecessor-version":[{"id":117492,"href":"https:\/\/www.blogdopaulonunes.com\/v5\/index.php\/wp-json\/wp\/v2\/posts\/117490\/revisions\/117492"}],"wp:featuredmedia":[{"embeddable":true,"href":"https:\/\/www.blogdopaulonunes.com\/v5\/index.php\/wp-json\/wp\/v2\/media\/117491"}],"wp:attachment":[{"href":"https:\/\/www.blogdopaulonunes.com\/v5\/index.php\/wp-json\/wp\/v2\/media?parent=117490"}],"wp:term":[{"taxonomy":"category","embeddable":true,"href":"https:\/\/www.blogdopaulonunes.com\/v5\/index.php\/wp-json\/wp\/v2\/categories?post=117490"},{"taxonomy":"post_tag","embeddable":true,"href":"https:\/\/www.blogdopaulonunes.com\/v5\/index.php\/wp-json\/wp\/v2\/tags?post=117490"}],"curies":[{"name":"wp","href":"https:\/\/api.w.org\/{rel}","templated":true}]}}