{"id":117370,"date":"2023-12-27T14:29:44","date_gmt":"2023-12-27T17:29:44","guid":{"rendered":"https:\/\/www.blogdopaulonunes.com\/v5\/?p=117370"},"modified":"2023-12-27T14:29:44","modified_gmt":"2023-12-27T17:29:44","slug":"bolsonarista-homicida-gustavo-gayer-tera-que-pagar-r-80-mil-por-coagir-funcionarios-de-empresas-e-pedir-votos-para-bolsonaro","status":"publish","type":"post","link":"https:\/\/www.blogdopaulonunes.com\/v5\/index.php\/2023\/12\/27\/bolsonarista-homicida-gustavo-gayer-tera-que-pagar-r-80-mil-por-coagir-funcionarios-de-empresas-e-pedir-votos-para-bolsonaro\/","title":{"rendered":"Bolsonarista homicida, Gustavo Gayer ter\u00e1 que pagar R$ 80 mil por coagir funcion\u00e1rios de empresas e pedir votos para Bolsonaro"},"content":{"rendered":"<p style=\"text-align: justify;\"><strong>Justi\u00e7a do Trabalho condenou o deputado federal bolsonarista por suposto ass\u00e9dio eleitoral durante a campanha presidencial do ano passado<\/strong><\/p>\n<p style=\"text-align: justify;\">A 7\u00aa Vara do Trabalho de Goi\u00e2nia condenou o deputado federal bolsonarista Gustavo Gayer (PL-GO), a pagar R$ 80 mil por suposto ass\u00e9dio eleitoral durante a campanha presidencial do ano passado. Segundo o jornal<a href=\"https:\/\/oglobo.globo.com\/politica\/noticia\/2023\/12\/27\/gustavo-gayer-e-condenado-a-pagar-r-80-mil-por-coagir-funcionarios-e-pedir-voto-para-bolsonaro-em-empresa.ghtml\" target=\"_blank\" rel=\"noopener noreferrer nofollow\">\u00a0O Globo<\/a>, a acusa\u00e7\u00e3o aponta que o parlamentar teria visitado empresas do estado para coagir trabalhadores a votarem em Jair Bolsonaro, seu correligion\u00e1rio. Gayer nega as alega\u00e7\u00f5es, afirmando que esteve nos empreendimentos a convite de empres\u00e1rios para explicar o plano de governo dos candidatos e que n\u00e3o fez pedidos de voto expresso.<\/p>\n<p style=\"text-align: justify;\">De acordo com a reportagem, a condena\u00e7\u00e3o ocorre ap\u00f3s o Minist\u00e9rio P\u00fablico do Trabalho (MPT) ter aceitado uma den\u00fancia an\u00f4nima contra o deputado. De acordo com a procuradora Janilda Guimar\u00e3es de Lima, Gayer apresentou \u2018conduta acintosa e de total desrespeito ao ordenamento jur\u00eddico e pretens\u00e3o de continuar utilizando-se de organiza\u00e7\u00f5es comerciais (empresas) para fazer propaganda eleitoral e aliciar votos de seus trabalhadores ,atrav\u00e9s de ass\u00e9dio moral eleitoral, com apoio de empres\u00e1rios\u2019\u201d. Em resposta, Gayer utilizou as redes sociais para qualificar a procuradora como &#8220;petista hist\u00e9rica&#8221; e o parecer como &#8220;esdr\u00faxulo&#8221;.<\/p>\n<p style=\"text-align: justify;\">O juiz Celismar Coelho de Figueiredo, em primeira inst\u00e2ncia, acatou os argumentos do MPT e determinou a condena\u00e7\u00e3o de Gayer em R$ 80 mil, correspondendo a 10% do valor inicialmente pedido. Em sua decis\u00e3o, o magistrado sustenta que o ass\u00e9dio eleitoral configura um ato il\u00edcito e defende a exist\u00eancia de dano moral coletivo.<\/p>\n<p style=\"text-align: justify;\">Citando a Resolu\u00e7\u00e3o n\u00ba 23.610\/2019 do Tribunal Superior Eleitoral (TSE), o juiz destaca a proibi\u00e7\u00e3o da veicula\u00e7\u00e3o de material de propaganda eleitoral em bens p\u00fablicos ou particulares, ressaltando que n\u00e3o se permite a distribui\u00e7\u00e3o ou exposi\u00e7\u00e3o de propaganda eleitoral dentro das empresas. Ele argumenta que a pr\u00e1tica do ass\u00e9dio eleitoral constitui crime, atentando contra os direitos fundamentais do trabalhador, como a liberdade de consci\u00eancia e cren\u00e7a, al\u00e9m de afetar a esfera da intimidade e vida privada. Gustavo Gayer ainda pode recorrer da decis\u00e3o.<\/p>\n","protected":false},"excerpt":{"rendered":"<p>Justi\u00e7a do Trabalho condenou o deputado federal bolsonarista por suposto ass\u00e9dio eleitoral durante a campanha presidencial do ano passado A 7\u00aa Vara do Trabalho de Goi\u00e2nia condenou o deputado federal bolsonarista Gustavo Gayer (PL-GO), a pagar R$ 80 mil por suposto ass\u00e9dio eleitoral durante a campanha presidencial do ano passado. Segundo o jornal\u00a0O Globo, a [&hellip;]<\/p>\n","protected":false},"author":2,"featured_media":117371,"comment_status":"open","ping_status":"open","sticky":false,"template":"","format":"standard","meta":[],"categories":[75,105],"tags":[3212,3210,2831,3213,3211],"_links":{"self":[{"href":"https:\/\/www.blogdopaulonunes.com\/v5\/index.php\/wp-json\/wp\/v2\/posts\/117370"}],"collection":[{"href":"https:\/\/www.blogdopaulonunes.com\/v5\/index.php\/wp-json\/wp\/v2\/posts"}],"about":[{"href":"https:\/\/www.blogdopaulonunes.com\/v5\/index.php\/wp-json\/wp\/v2\/types\/post"}],"author":[{"embeddable":true,"href":"https:\/\/www.blogdopaulonunes.com\/v5\/index.php\/wp-json\/wp\/v2\/users\/2"}],"replies":[{"embeddable":true,"href":"https:\/\/www.blogdopaulonunes.com\/v5\/index.php\/wp-json\/wp\/v2\/comments?post=117370"}],"version-history":[{"count":1,"href":"https:\/\/www.blogdopaulonunes.com\/v5\/index.php\/wp-json\/wp\/v2\/posts\/117370\/revisions"}],"predecessor-version":[{"id":117372,"href":"https:\/\/www.blogdopaulonunes.com\/v5\/index.php\/wp-json\/wp\/v2\/posts\/117370\/revisions\/117372"}],"wp:featuredmedia":[{"embeddable":true,"href":"https:\/\/www.blogdopaulonunes.com\/v5\/index.php\/wp-json\/wp\/v2\/media\/117371"}],"wp:attachment":[{"href":"https:\/\/www.blogdopaulonunes.com\/v5\/index.php\/wp-json\/wp\/v2\/media?parent=117370"}],"wp:term":[{"taxonomy":"category","embeddable":true,"href":"https:\/\/www.blogdopaulonunes.com\/v5\/index.php\/wp-json\/wp\/v2\/categories?post=117370"},{"taxonomy":"post_tag","embeddable":true,"href":"https:\/\/www.blogdopaulonunes.com\/v5\/index.php\/wp-json\/wp\/v2\/tags?post=117370"}],"curies":[{"name":"wp","href":"https:\/\/api.w.org\/{rel}","templated":true}]}}