{"id":117364,"date":"2023-12-27T02:25:22","date_gmt":"2023-12-27T05:25:22","guid":{"rendered":"https:\/\/www.blogdopaulonunes.com\/v5\/?p=117364"},"modified":"2023-12-27T02:25:44","modified_gmt":"2023-12-27T05:25:44","slug":"dr-rodrigo-cezar-reforca-previsao-de-muita-chuva-no-nordeste-nos-proximos-dias","status":"publish","type":"post","link":"https:\/\/www.blogdopaulonunes.com\/v5\/index.php\/2023\/12\/27\/dr-rodrigo-cezar-reforca-previsao-de-muita-chuva-no-nordeste-nos-proximos-dias\/","title":{"rendered":"Dr. Rodrigo C\u00e9zar refor\u00e7a previs\u00e3o de muita chuva no Nordeste nos pr\u00f3ximos dias"},"content":{"rendered":"<blockquote class=\"wp-block-quote pb-0\"><p>Os estados da Para\u00edba, Rio Grande do Norte, Pernambuco e Cear\u00e1 ser\u00e3o beneficiados por chuvas, inclusive na faixa semi\u00e1rida<\/p><\/blockquote>\n<p style=\"text-align: justify;\"><em>Conforme j\u00e1 previu o f\u00edsico, meteorologista, mestre em Meteorologia e doutor em F\u00edsica Rodrigo C\u00e9zar Limeira, entre os dias 28 de dezembro e 02 de janeiro a Regi\u00e3o Nordeste do Brasil ter\u00e1 chuvas, claro que essas precipita\u00e7\u00f5es n\u00e3o v\u00e3o se distribuir de forma igual, at\u00e9 porque poder\u00e3o estar associada \u00e0 atividade de v\u00f3rtices cicl\u00f4nicos de altos n\u00edveis, esse tipo de sistema meteorol\u00f3gico costuma provocar chuvas bem irregulares na regi\u00e3o tanto no final do ano quanto em janeiro, no entanto, muitas localidades da regi\u00e3o poder\u00e3o ser beneficiadas por precipita\u00e7\u00f5es pontualmente bem intensas, onde volumes superiores a 100 mm de chuva poder\u00e3o cair em apenas uma noite, pontua o estudioso.<\/em><\/p>\n<div class=\"fopa-ad-intext\">\n<div class=\"ad-wrap\"><\/div>\n<\/div>\n<p style=\"text-align: justify;\"><strong><em>Muita chuva no semi\u00e1rido do setor norte do Nordeste<\/em><\/strong><strong><em>\u00a0<\/em><\/strong><\/p>\n<p style=\"text-align: justify;\"><em>Os estados da Para\u00edba, Rio Grande do Norte, Pernambuco e Cear\u00e1 ser\u00e3o beneficiados por chuvas, inclusive na faixa semi\u00e1rida. Os acumulados de precipita\u00e7\u00e3o registrada em alguns locais poder\u00e3o ser significativos, amenizando o cen\u00e1rio de estiagem desse final de ano.<\/em><em>\u00a0<\/em><\/p>\n<p style=\"text-align: justify;\"><strong><em>\u00c1reas do cariri, sert\u00e3o e altossert\u00e3o da Para\u00edba com muita chuva em alguns locais<\/em><\/strong><strong><em>\u00a0<\/em><\/strong><\/p>\n<p style=\"text-align: justify;\"><em>Cidades como Monteiro, Patos, Pombal, Sousa, Cajazeiras, Itaporanga, Catol\u00e9 do Rocha e S\u00e3o Bento dever\u00e3o registrar chuvas dentro do intervalo de validade da previs\u00e3o, sendo que em algumas delas os acumulados poder\u00e3o ser significativos em apenas uma noite.<\/em><em>\u00a0<\/em><\/p>\n<p style=\"text-align: justify;\"><strong><em>Complexo Coremas\/M\u00e3e d\u2019 \u00c1gua poder\u00e1 ter recarga nos pr\u00f3ximos dias<\/em><\/strong><strong><em>\u00a0<\/em><\/strong><\/p>\n<p style=\"text-align: justify;\"><em>Com a perspectiva de boas chuvas para o oeste da Para\u00edba, o maior manancial do estado o complexo Coremas\/M\u00e3e d\u2019 \u00c1gua poder\u00e1 ter recarga dentro do intervalo de validade da previs\u00e3o, que \u00e9 de 28 de dezembro a 02 de janeiro, finaliza o estudioso.<\/em><\/p>\n","protected":false},"excerpt":{"rendered":"<p>Os estados da Para\u00edba, Rio Grande do Norte, Pernambuco e Cear\u00e1 ser\u00e3o beneficiados por chuvas, inclusive na faixa semi\u00e1rida Conforme j\u00e1 previu o f\u00edsico, meteorologista, mestre em Meteorologia e doutor em F\u00edsica Rodrigo C\u00e9zar Limeira, entre os dias 28 de dezembro e 02 de janeiro a Regi\u00e3o Nordeste do Brasil ter\u00e1 chuvas, claro que essas [&hellip;]<\/p>\n","protected":false},"author":2,"featured_media":117365,"comment_status":"open","ping_status":"open","sticky":false,"template":"","format":"standard","meta":[],"categories":[82,105],"tags":[674,3207,236,3208],"_links":{"self":[{"href":"https:\/\/www.blogdopaulonunes.com\/v5\/index.php\/wp-json\/wp\/v2\/posts\/117364"}],"collection":[{"href":"https:\/\/www.blogdopaulonunes.com\/v5\/index.php\/wp-json\/wp\/v2\/posts"}],"about":[{"href":"https:\/\/www.blogdopaulonunes.com\/v5\/index.php\/wp-json\/wp\/v2\/types\/post"}],"author":[{"embeddable":true,"href":"https:\/\/www.blogdopaulonunes.com\/v5\/index.php\/wp-json\/wp\/v2\/users\/2"}],"replies":[{"embeddable":true,"href":"https:\/\/www.blogdopaulonunes.com\/v5\/index.php\/wp-json\/wp\/v2\/comments?post=117364"}],"version-history":[{"count":1,"href":"https:\/\/www.blogdopaulonunes.com\/v5\/index.php\/wp-json\/wp\/v2\/posts\/117364\/revisions"}],"predecessor-version":[{"id":117366,"href":"https:\/\/www.blogdopaulonunes.com\/v5\/index.php\/wp-json\/wp\/v2\/posts\/117364\/revisions\/117366"}],"wp:featuredmedia":[{"embeddable":true,"href":"https:\/\/www.blogdopaulonunes.com\/v5\/index.php\/wp-json\/wp\/v2\/media\/117365"}],"wp:attachment":[{"href":"https:\/\/www.blogdopaulonunes.com\/v5\/index.php\/wp-json\/wp\/v2\/media?parent=117364"}],"wp:term":[{"taxonomy":"category","embeddable":true,"href":"https:\/\/www.blogdopaulonunes.com\/v5\/index.php\/wp-json\/wp\/v2\/categories?post=117364"},{"taxonomy":"post_tag","embeddable":true,"href":"https:\/\/www.blogdopaulonunes.com\/v5\/index.php\/wp-json\/wp\/v2\/tags?post=117364"}],"curies":[{"name":"wp","href":"https:\/\/api.w.org\/{rel}","templated":true}]}}