{"id":117347,"date":"2023-12-25T22:14:00","date_gmt":"2023-12-26T01:14:00","guid":{"rendered":"https:\/\/www.blogdopaulonunes.com\/v5\/?p=117347"},"modified":"2023-12-25T22:14:00","modified_gmt":"2023-12-26T01:14:00","slug":"israel-entra-em-estado-de-alerta-apos-assassinar-general-iraniano","status":"publish","type":"post","link":"https:\/\/www.blogdopaulonunes.com\/v5\/index.php\/2023\/12\/25\/israel-entra-em-estado-de-alerta-apos-assassinar-general-iraniano\/","title":{"rendered":"Israel entra em estado de alerta ap\u00f3s assassinar general iraniano"},"content":{"rendered":"<p>Ex\u00e9rcito israelense se prepara para o eventual disparo de m\u00edsseis iranianos<\/p>\n<p style=\"text-align: justify;\">O ex\u00e9rcito de Israel est\u00e1 em estado de alerta devido ao receio de uma poss\u00edvel retalia\u00e7\u00e3o por parte do Ir\u00e3,\u00a0<a href=\"https:\/\/www.brasil247.com\/mundo\/israel-assassina-general-iraniano-na-siria-e-pode-levar-a-escalada-na-guerra\" target=\"_blank\" rel=\"noopener noreferrer nofollow\">ap\u00f3s o assassinato de Seyed Razi Musavi nesta segunda-feira (25)<\/a>, um dos comandantes do Corpo de Guardi\u00e3es da Revolu\u00e7\u00e3o Isl\u00e2mica (CGRI) do Ir\u00e3, em um ataque a\u00e9reo israelense nos arredores de Damasco, na S\u00edria. A informa\u00e7\u00e3o \u00e9 do canal iraniano HispanTV<\/p>\n<p style=\"text-align: justify;\">De acordo com informa\u00e7\u00f5es citadas por fontes militares e ve\u00edculos de imprensa israelenses, o pa\u00eds est\u00e1 se preparando para enfrentar uma resposta do CGRI, incluindo a possibilidade de ataques com m\u00edsseis. O jornal israelense Jerusalem Post comunicou que &#8220;Israel espera uma resposta no front norte ao assassinato do comandante iraniano em solo s\u00edrio.&#8221;<\/p>\n<p style=\"text-align: justify;\">O ataque a\u00e9reo que resultou na morte do conselheiro s\u00eanior da Guarda Revolucion\u00e1ria do Ir\u00e3, conhecido como Sayyed Razi Mousavi, ocorreu nesta segunda-feira. Mousavi desempenhava um papel crucial na coordena\u00e7\u00e3o da alian\u00e7a militar entre a S\u00edria e o Ir\u00e3, conforme revelado por tr\u00eas fontes de seguran\u00e7a e pela m\u00eddia estatal iraniana.<\/p>\n<p style=\"text-align: justify;\">A televis\u00e3o estatal do Ir\u00e3 interrompeu sua programa\u00e7\u00e3o habitual para anunciar a morte de Mousavi, descrevendo-o como um dos conselheiros mais antigos da Guarda na S\u00edria, que acompanhava o general Qassem Soleimani, morto em um ataque de drones dos EUA no Iraque em 2020.<\/p>\n<p>A Guarda Revolucion\u00e1ria do Ir\u00e3 condenou veementemente o ataque\u00a0<a href=\"https:\/\/www.brasil247.com\/mundo\/ira-promete-resposta-ao-assassinato-de-general-por-israel\" target=\"_blank\" rel=\"noopener noreferrer nofollow\">e emitiu um comunicado afirmando que Israel pagar\u00e1 pelo crime<\/a>. &#8220;Sem d\u00favida, o regime sionista usurpador e selvagem pagar\u00e1 por esse crime&#8221;, declarou a Guarda em um pronunciamento lido na TV estatal.<\/p>\n<div class=\"contentAd contentAd--noBackground marginBottom30\"><\/div>\n","protected":false},"excerpt":{"rendered":"<p>Ex\u00e9rcito israelense se prepara para o eventual disparo de m\u00edsseis iranianos O ex\u00e9rcito de Israel est\u00e1 em estado de alerta devido ao receio de uma poss\u00edvel retalia\u00e7\u00e3o por parte do Ir\u00e3,\u00a0ap\u00f3s o assassinato de Seyed Razi Musavi nesta segunda-feira (25), um dos comandantes do Corpo de Guardi\u00e3es da Revolu\u00e7\u00e3o Isl\u00e2mica (CGRI) do Ir\u00e3, em um [&hellip;]<\/p>\n","protected":false},"author":2,"featured_media":117348,"comment_status":"open","ping_status":"open","sticky":false,"template":"","format":"standard","meta":[],"categories":[109],"tags":[3196,921,2361,1290,1404],"_links":{"self":[{"href":"https:\/\/www.blogdopaulonunes.com\/v5\/index.php\/wp-json\/wp\/v2\/posts\/117347"}],"collection":[{"href":"https:\/\/www.blogdopaulonunes.com\/v5\/index.php\/wp-json\/wp\/v2\/posts"}],"about":[{"href":"https:\/\/www.blogdopaulonunes.com\/v5\/index.php\/wp-json\/wp\/v2\/types\/post"}],"author":[{"embeddable":true,"href":"https:\/\/www.blogdopaulonunes.com\/v5\/index.php\/wp-json\/wp\/v2\/users\/2"}],"replies":[{"embeddable":true,"href":"https:\/\/www.blogdopaulonunes.com\/v5\/index.php\/wp-json\/wp\/v2\/comments?post=117347"}],"version-history":[{"count":1,"href":"https:\/\/www.blogdopaulonunes.com\/v5\/index.php\/wp-json\/wp\/v2\/posts\/117347\/revisions"}],"predecessor-version":[{"id":117349,"href":"https:\/\/www.blogdopaulonunes.com\/v5\/index.php\/wp-json\/wp\/v2\/posts\/117347\/revisions\/117349"}],"wp:featuredmedia":[{"embeddable":true,"href":"https:\/\/www.blogdopaulonunes.com\/v5\/index.php\/wp-json\/wp\/v2\/media\/117348"}],"wp:attachment":[{"href":"https:\/\/www.blogdopaulonunes.com\/v5\/index.php\/wp-json\/wp\/v2\/media?parent=117347"}],"wp:term":[{"taxonomy":"category","embeddable":true,"href":"https:\/\/www.blogdopaulonunes.com\/v5\/index.php\/wp-json\/wp\/v2\/categories?post=117347"},{"taxonomy":"post_tag","embeddable":true,"href":"https:\/\/www.blogdopaulonunes.com\/v5\/index.php\/wp-json\/wp\/v2\/tags?post=117347"}],"curies":[{"name":"wp","href":"https:\/\/api.w.org\/{rel}","templated":true}]}}