{"id":117318,"date":"2023-12-22T04:52:22","date_gmt":"2023-12-22T07:52:22","guid":{"rendered":"https:\/\/www.blogdopaulonunes.com\/v5\/?p=117318"},"modified":"2023-12-22T04:52:22","modified_gmt":"2023-12-22T07:52:22","slug":"setorial-municipal-de-educacao-do-pt-repudia-cortes-de-verbas-da-educacao-municipal","status":"publish","type":"post","link":"https:\/\/www.blogdopaulonunes.com\/v5\/index.php\/2023\/12\/22\/setorial-municipal-de-educacao-do-pt-repudia-cortes-de-verbas-da-educacao-municipal\/","title":{"rendered":"Setorial municipal de educa\u00e7\u00e3o do PT, repudia cortes de verbas da educa\u00e7\u00e3o municipal"},"content":{"rendered":"<p>&nbsp;<\/p>\n<p style=\"text-align: justify;\"><strong>NOTA DE REP\u00daDIO AO CORTE DE VERBAS DA EDUCA\u00c7\u00c3O NO OR\u00c7AMENTO DE 2024 DA PREFEITURA MUNICIPAL DE VIT\u00d3RIA DA CONQUISTA<\/strong><\/p>\n<p>&nbsp;<\/p>\n<p>&nbsp;<\/p>\n<p style=\"text-align: justify;\">\u00a0\u00a0\u00a0\u00a0\u00a0\u00a0\u00a0\u00a0\u00a0\u00a0\u00a0 No dia 15 de dezembro, foi votado o or\u00e7amento de Vit\u00f3ria da Conquista para o ano de 2024 e, mesmo sob protestos dos vereadores do PT e de organiza\u00e7\u00f5es da sociedade civil, o valor destinado \u00e0 pasta da Educa\u00e7\u00e3o sofreu uma redu\u00e7\u00e3o de mais de R$ 72 milh\u00f5es. O or\u00e7amento passou R$525.854.100,00 (quinhentos e vinte e cinco milh\u00f5es, oitocentos e cinquenta e quatro mil e cem reais) para R$ 453.542.104,58 (quatrocentos e cinquenta e tr\u00eas milh\u00f5es, quinhentos e quarenta e dois mil, cento e quatro reais e cinquenta e oito centavos).<\/p>\n<p style=\"text-align: justify;\">O que isso significa na pr\u00e1tica? Precariza\u00e7\u00e3o da estrutura das escolas, como: piora e escassez na alimenta\u00e7\u00e3o escolar, menos reformas e menos constru\u00e7\u00e3o de pr\u00e9dios, dificuldades no transporte de estudantes e de professores, al\u00e9m de preju\u00edzos no desenvolvimento do trabalho docente, uma vez que h\u00e1 redu\u00e7\u00e3o de material did\u00e1tico, tornando as aulas menos diferenciadas e as escolas menos atrativas.<\/p>\n<p style=\"text-align: justify;\">O curioso \u00e9 que o or\u00e7amento do Munic\u00edpio aumentou 18,5% em rela\u00e7\u00e3o ao do ano de 2023. Passou de 1.537.023.235,98 (um bilh\u00e3o, quinhentos e trinta e sete milh\u00f5es, vinte e tr\u00eas mil, duzentos e trinta e cinco reais e noventa e oito centavos) para R$ 1.887.137.608,55 (um bilh\u00e3o, oitocentos e oitenta e sete milh\u00f5es, cento e trinta e sete mil, seiscentos e oito reais e cinquenta e cinco centavos).<\/p>\n<p style=\"text-align: justify;\">Importante destacar ainda que, enquanto a Secretaria de Educa\u00e7\u00e3o teve seu or\u00e7amento reduzido, a Secretaria de Infraestrutura teve seu or\u00e7amento aumentado em mais de 100% em rela\u00e7\u00e3o ao ano de 2023. Os recursos destinados a essa pasta sa\u00edram de R$ 136.008.307, 28 (cento e trinta e seis milh\u00f5es, oito mil, trezentos e sete reais e vinte e oito centavos) para R$ 387.732.304, 33 (trezentos e oitenta e sete milh\u00f5es, setecentos e trinta e dois mil, trezentos e quatro reais e trinta e tr\u00eas centavos). Um acr\u00e9scimo de R$ 251.723.997,00 (duzentos e cinquenta e um milh\u00f5es, setecentos e vinte e tr\u00eas mil, novecentos e noventa e sete reais).<\/p>\n<p style=\"text-align: justify;\">Qual o real interesse nessas disparidades de valores? A infraestrutura \u00e9 uma pasta importante, mas o que justifica esse aumento t\u00e3o grande para esse setor e um corte t\u00e3o brusco na educa\u00e7\u00e3o? Seriam os interesses eleitorais e pessoais da prefeita Sheila Lemos e de seus aliados acima da melhoria da qualidade dos servi\u00e7os p\u00fablicos como a educa\u00e7\u00e3o e em outras \u00e1reas sociais? Na sa\u00fade, por exemplo, o povo vem sofrendo nos postos com a falta de atendimento m\u00e9dico e de rem\u00e9dios b\u00e1sicos. Sem falar da falta de \u00e1gua para as pessoas e os animais nos povoados e distritos na zona rural do Munic\u00edpio.<\/p>\n<p style=\"text-align: justify;\">Em rela\u00e7\u00e3o \u00e0 Educa\u00e7\u00e3o Quilombola, nas gest\u00f5es de Sheila Lemos e do seu antecessor, Herzem Gusm\u00e3o, foram fechadas 14 (quatorze) escolas quilombolas de um total de 26 (vinte e seis) institui\u00e7\u00f5es nesses territ\u00f3rios. Outro exemplo \u00e9 a forma como essa gest\u00e3o e seus apoiadores na C\u00e2mara de Vereadores tratam as professoras e os professores da rede Municipal: h\u00e1 desmonte da pol\u00edtica de cargos e sal\u00e1rios, falta de di\u00e1logo e de solu\u00e7\u00f5es para as demandas do trabalho docente, o que se agudizar\u00e1 com o corte no or\u00e7amento para o ano que vem. Al\u00e9m do que, esse corte impacta nas j\u00e1 precarizadas e escassas creches para o atendimento \u00e0 educa\u00e7\u00e3o infantil e apoio \u00e0s m\u00e3es e fam\u00edlias com crian\u00e7as pequenas; no atendimento \u00e0 educa\u00e7\u00e3o especial e tantas outras demandas dessa pasta t\u00e3o importante para a sociedade.<\/p>\n<p style=\"text-align: justify;\">N\u00f3s, integrantes do setorial de educa\u00e7\u00e3o do Partido dos Trabalhadores em Vit\u00f3ria da Conquista, repudiamos essa pol\u00edtica de verdadeira destrui\u00e7\u00e3o da educa\u00e7\u00e3o municipal com impactos profundos no desenvolvimento da forma\u00e7\u00e3o humana de nossas crian\u00e7as, jovens e adultos que utilizam as escolas p\u00fablicas. Esse corte e a precariza\u00e7\u00e3o do trabalho educativo s\u00e3o responsabilidade do governo de Sheila Lemos, dos vereadores da situa\u00e7\u00e3o que sustentam sua pol\u00edtica no legislativo e da omiss\u00e3o de seu secret\u00e1rio de educa\u00e7\u00e3o, Edgar Larry, operadores das formas de destrui\u00e7\u00e3o do direito e das condi\u00e7\u00f5es de ensino e aprendizagem nas escolas p\u00fablicas municipais.<\/p>\n<p style=\"text-align: justify;\">Seguiremos firmes na fiscaliza\u00e7\u00e3o, na den\u00fancia e nas lutas por uma educa\u00e7\u00e3o p\u00fablica, unit\u00e1ria, de qualidade, que respeite a diversidade e o direito dos educandos e educandas aprenderem os conhecimentos sistematizados ao tempo que vivenciem experi\u00eancias ricas na constru\u00e7\u00e3o de posicionamentos \u00e9ticos, democr\u00e1ticos, transformadores da realidade social nos processos de forma\u00e7\u00e3o humana escolar.<\/p>\n<p style=\"text-align: justify;\">Mais verbas para a educa\u00e7\u00e3o municipal!<\/p>\n<p style=\"text-align: justify;\">N\u00e3o ao desmonte do Ensino Fundamental e suas modalidades em Vit\u00f3ria da Conquista!<\/p>\n<p style=\"text-align: justify;\">Vit\u00f3ria da Conquista, 19 de dezembro de 2023<\/p>\n<p style=\"text-align: justify;\"><strong>Setorial Municipal de Educa\u00e7\u00e3o do PT.<\/strong><\/p>\n","protected":false},"excerpt":{"rendered":"<p>&nbsp; NOTA DE REP\u00daDIO AO CORTE DE VERBAS DA EDUCA\u00c7\u00c3O NO OR\u00c7AMENTO DE 2024 DA PREFEITURA MUNICIPAL DE VIT\u00d3RIA DA CONQUISTA &nbsp; &nbsp; \u00a0\u00a0\u00a0\u00a0\u00a0\u00a0\u00a0\u00a0\u00a0\u00a0\u00a0 No dia 15 de dezembro, foi votado o or\u00e7amento de Vit\u00f3ria da Conquista para o ano de 2024 e, mesmo sob protestos dos vereadores do PT e de organiza\u00e7\u00f5es da sociedade [&hellip;]<\/p>\n","protected":false},"author":2,"featured_media":117319,"comment_status":"open","ping_status":"open","sticky":false,"template":"","format":"standard","meta":[],"categories":[81,105],"tags":[479,3186],"_links":{"self":[{"href":"https:\/\/www.blogdopaulonunes.com\/v5\/index.php\/wp-json\/wp\/v2\/posts\/117318"}],"collection":[{"href":"https:\/\/www.blogdopaulonunes.com\/v5\/index.php\/wp-json\/wp\/v2\/posts"}],"about":[{"href":"https:\/\/www.blogdopaulonunes.com\/v5\/index.php\/wp-json\/wp\/v2\/types\/post"}],"author":[{"embeddable":true,"href":"https:\/\/www.blogdopaulonunes.com\/v5\/index.php\/wp-json\/wp\/v2\/users\/2"}],"replies":[{"embeddable":true,"href":"https:\/\/www.blogdopaulonunes.com\/v5\/index.php\/wp-json\/wp\/v2\/comments?post=117318"}],"version-history":[{"count":1,"href":"https:\/\/www.blogdopaulonunes.com\/v5\/index.php\/wp-json\/wp\/v2\/posts\/117318\/revisions"}],"predecessor-version":[{"id":117320,"href":"https:\/\/www.blogdopaulonunes.com\/v5\/index.php\/wp-json\/wp\/v2\/posts\/117318\/revisions\/117320"}],"wp:featuredmedia":[{"embeddable":true,"href":"https:\/\/www.blogdopaulonunes.com\/v5\/index.php\/wp-json\/wp\/v2\/media\/117319"}],"wp:attachment":[{"href":"https:\/\/www.blogdopaulonunes.com\/v5\/index.php\/wp-json\/wp\/v2\/media?parent=117318"}],"wp:term":[{"taxonomy":"category","embeddable":true,"href":"https:\/\/www.blogdopaulonunes.com\/v5\/index.php\/wp-json\/wp\/v2\/categories?post=117318"},{"taxonomy":"post_tag","embeddable":true,"href":"https:\/\/www.blogdopaulonunes.com\/v5\/index.php\/wp-json\/wp\/v2\/tags?post=117318"}],"curies":[{"name":"wp","href":"https:\/\/api.w.org\/{rel}","templated":true}]}}