{"id":117232,"date":"2023-12-12T14:26:46","date_gmt":"2023-12-12T17:26:46","guid":{"rendered":"https:\/\/www.blogdopaulonunes.com\/v5\/?p=117232"},"modified":"2023-12-12T14:26:46","modified_gmt":"2023-12-12T17:26:46","slug":"grupo-de-abu-dhabi-deve-investir-r12-bilhoes-no-nordeste-saiba-mais","status":"publish","type":"post","link":"https:\/\/www.blogdopaulonunes.com\/v5\/index.php\/2023\/12\/12\/grupo-de-abu-dhabi-deve-investir-r12-bilhoes-no-nordeste-saiba-mais\/","title":{"rendered":"Grupo de Abu Dhabi deve investir R$12 bilh\u00f5es no Nordeste; saiba mais"},"content":{"rendered":"<h4 style=\"text-align: justify;\">Projeto deseja produzir anualmente 1 bilh\u00e3o de litros de diesel verde e combust\u00edvel sustent\u00e1vel de avia\u00e7\u00e3o na Bahia.<\/h4>\n<p style=\"text-align: justify;\">A\u00a0<strong>Acelen<\/strong>, empresa controlada pelo<strong>\u00a0fundo Mubadala Capital de Abu Dhabi<\/strong>, tem o plano de produzir anualmente 1 bilh\u00e3o de litros de diesel verde e combust\u00edvel sustent\u00e1vel de avia\u00e7\u00e3o na\u00a0<strong>Bahia<\/strong>. A mat\u00e9ria-prima para esses produtos ser\u00e1 o fruto da\u00a0<strong>maca\u00faba<\/strong>, uma palmeira nativa do Brasil, e o investimento estimado para a iniciativa \u00e9 de\u00a0<strong>R$ 12 bilh\u00f5es.<\/strong><\/p>\n<p style=\"text-align: justify;\">Segundo Luiz de Mendon\u00e7a, CEO da Acelen, a decis\u00e3o definitiva sobre o investimento deve ocorrer no primeiro semestre do pr\u00f3ximo ano. A proposta envolve a constru\u00e7\u00e3o de uma biorrefinaria na mesma\u00a0<strong>regi\u00e3o da refinaria de Mataripe<\/strong>, operada pela Acelen na Bahia. O projeto de engenharia est\u00e1 em fase avan\u00e7ada.<\/p>\n<p><a class=\"td-modal-image\" href=\"https:\/\/www.ne9.com.br\/wp-content\/uploads\/2023\/12\/macac3baba.jpg\"><img loading=\"lazy\" class=\"alignnone size-full wp-image-44201\" src=\"https:\/\/www.ne9.com.br\/wp-content\/uploads\/2023\/12\/macac3baba.jpg\" sizes=\"(max-width: 640px) 100vw, 640px\" srcset=\"https:\/\/www.ne9.com.br\/wp-content\/uploads\/2023\/12\/macac3baba.jpg 640w, https:\/\/www.ne9.com.br\/wp-content\/uploads\/2023\/12\/macac3baba-300x214.jpg 300w, https:\/\/www.ne9.com.br\/wp-content\/uploads\/2023\/12\/macac3baba-588x420.jpg 588w, https:\/\/www.ne9.com.br\/wp-content\/uploads\/2023\/12\/macac3baba-100x70.jpg 100w\" alt=\"\" width=\"640\" height=\"457\" \/><\/a><\/p>\n<p style=\"text-align: justify;\">O plano abrange tamb\u00e9m o cultivo de maca\u00faba em 200 mil hectares de \u00e1reas degradadas na Bahia e no norte de Minas Gerais. As atividades seguir\u00e3o paralelamente, com o desenvolvimento da cadeia da maca\u00faba, incluindo a instala\u00e7\u00e3o de um centro de tecnologia agron\u00f4mica em Montes Claros (MG), juntamente com um banco de sementes e viveiros.<\/p>\n<p style=\"text-align: justify;\">A empresa pretende iniciar a planta\u00e7\u00e3o em fazendas-piloto, priorizando o pequeno agricultor. Mendon\u00e7a destaca a necessidade de fornecer o impulso inicial ao agricultor ao introduzir uma cultura nova em uma regi\u00e3o inexplorada.<\/p>\n<p style=\"text-align: justify;\">Simultaneamente, a unidade produtiva na Bahia ser\u00e1 constru\u00edda para converter o \u00f3leo de maca\u00faba em combust\u00edveis renov\u00e1veis. Tanto o diesel verde quanto o SAF (combust\u00edvel sustent\u00e1vel de avia\u00e7\u00e3o) podem substituir equivalentes f\u00f3sseis sem adapta\u00e7\u00f5es nos motores, com apenas 20% da pegada de carbono.<\/p>\n<p style=\"text-align: justify;\">De acordo com o cronograma da empresa, a produ\u00e7\u00e3o industrial ter\u00e1 in\u00edcio no final de 2026, inicialmente utilizando \u00f3leo de soja como insumo. A expectativa \u00e9 que a produ\u00e7\u00e3o seja direcionada ao mercado internacional, com a avia\u00e7\u00e3o, respons\u00e1vel por cerca de 2% das emiss\u00f5es globais de gases de efeito estufa, sendo um setor desafiador para a descarboniza\u00e7\u00e3o.<\/p>\n","protected":false},"excerpt":{"rendered":"<p>Projeto deseja produzir anualmente 1 bilh\u00e3o de litros de diesel verde e combust\u00edvel sustent\u00e1vel de avia\u00e7\u00e3o na Bahia. A\u00a0Acelen, empresa controlada pelo\u00a0fundo Mubadala Capital de Abu Dhabi, tem o plano de produzir anualmente 1 bilh\u00e3o de litros de diesel verde e combust\u00edvel sustent\u00e1vel de avia\u00e7\u00e3o na\u00a0Bahia. A mat\u00e9ria-prima para esses produtos ser\u00e1 o fruto da\u00a0maca\u00faba, [&hellip;]<\/p>\n","protected":false},"author":2,"featured_media":117233,"comment_status":"open","ping_status":"open","sticky":false,"template":"","format":"standard","meta":[],"categories":[22,72],"tags":[234,3150,3151,236,3149],"_links":{"self":[{"href":"https:\/\/www.blogdopaulonunes.com\/v5\/index.php\/wp-json\/wp\/v2\/posts\/117232"}],"collection":[{"href":"https:\/\/www.blogdopaulonunes.com\/v5\/index.php\/wp-json\/wp\/v2\/posts"}],"about":[{"href":"https:\/\/www.blogdopaulonunes.com\/v5\/index.php\/wp-json\/wp\/v2\/types\/post"}],"author":[{"embeddable":true,"href":"https:\/\/www.blogdopaulonunes.com\/v5\/index.php\/wp-json\/wp\/v2\/users\/2"}],"replies":[{"embeddable":true,"href":"https:\/\/www.blogdopaulonunes.com\/v5\/index.php\/wp-json\/wp\/v2\/comments?post=117232"}],"version-history":[{"count":1,"href":"https:\/\/www.blogdopaulonunes.com\/v5\/index.php\/wp-json\/wp\/v2\/posts\/117232\/revisions"}],"predecessor-version":[{"id":117234,"href":"https:\/\/www.blogdopaulonunes.com\/v5\/index.php\/wp-json\/wp\/v2\/posts\/117232\/revisions\/117234"}],"wp:featuredmedia":[{"embeddable":true,"href":"https:\/\/www.blogdopaulonunes.com\/v5\/index.php\/wp-json\/wp\/v2\/media\/117233"}],"wp:attachment":[{"href":"https:\/\/www.blogdopaulonunes.com\/v5\/index.php\/wp-json\/wp\/v2\/media?parent=117232"}],"wp:term":[{"taxonomy":"category","embeddable":true,"href":"https:\/\/www.blogdopaulonunes.com\/v5\/index.php\/wp-json\/wp\/v2\/categories?post=117232"},{"taxonomy":"post_tag","embeddable":true,"href":"https:\/\/www.blogdopaulonunes.com\/v5\/index.php\/wp-json\/wp\/v2\/tags?post=117232"}],"curies":[{"name":"wp","href":"https:\/\/api.w.org\/{rel}","templated":true}]}}