{"id":116330,"date":"2023-10-06T11:09:55","date_gmt":"2023-10-06T14:09:55","guid":{"rendered":"https:\/\/www.blogdopaulonunes.com\/v5\/?p=116330"},"modified":"2023-10-06T11:09:55","modified_gmt":"2023-10-06T14:09:55","slug":"ex-diretora-do-ministerio-da-justica-cita-pressao-de-torres-para-vincular-pt-a-faccoes-criminosas-no-2o-turno-em-2022","status":"publish","type":"post","link":"https:\/\/www.blogdopaulonunes.com\/v5\/index.php\/2023\/10\/06\/ex-diretora-do-ministerio-da-justica-cita-pressao-de-torres-para-vincular-pt-a-faccoes-criminosas-no-2o-turno-em-2022\/","title":{"rendered":"Ex-diretora do Minist\u00e9rio da Justi\u00e7a cita &#8220;press\u00e3o&#8221; de Torres para vincular PT a fac\u00e7\u00f5es criminosas no 2\u00ba turno em 2022"},"content":{"rendered":"<p style=\"text-align: justify;\">&#8220;Havia uma certa press\u00e3o para que eu fizesse um relat\u00f3rio que indicasse a rela\u00e7\u00e3o do PT com fac\u00e7\u00f5es criminosas&#8221;, relata anota\u00e7\u00e3o feita por Mar\u00edlia Ferreira<\/p>\n<p style=\"text-align: justify;\">Uma anota\u00e7\u00e3o encontrada no celular da delegada da Pol\u00edcia Federal Mar\u00edlia Ferreira, que trabalhou em estreita colabora\u00e7\u00e3o com o ex-ministro da Justi\u00e7a de Jair Bolsonaro (PL) Anderson Torres, sugere que ap\u00f3s o primeiro turno das elei\u00e7\u00f5es, houve uma press\u00e3o para que ela indicasse uma suposta rela\u00e7\u00e3o entre o PT e fac\u00e7\u00f5es criminosas, relata a\u00a0<a href=\"https:\/\/www1.folha.uol.com.br\/poder\/2023\/10\/ex-braco-direito-de-torres-cita-pressao-para-ligar-pt-a-faccoes-criminosas-no-2o-turno.shtml\" target=\"_blank\" rel=\"noopener\">Folha de S. Paulo<\/a>.<\/p>\n<p style=\"text-align: justify;\">O texto, redigido em primeira pessoa, detalha a mobiliza\u00e7\u00e3o do Minist\u00e9rio da Justi\u00e7a em resposta \u00e0 &#8220;preocupa\u00e7\u00e3o&#8221; manifestada por Torres em rela\u00e7\u00e3o ao Nordeste, em particular \u00e0 Bahia, estado onde o presidente Lula (PT) obteve mais de 72% dos votos v\u00e1lidos, o segundo maior percentual do pa\u00eds.<\/p>\n<p style=\"text-align: justify;\">Essa nota estava armazenada no aplicativo de bloco de notas do celular de Mar\u00edlia, e foi entregue pela Apple \u00e0 CPMI do 8 de janeiro. N\u00e3o \u00e9 poss\u00edvel determinar a data exata em que o texto foi escrito, mas o relat\u00f3rio da Apple indica que as cinco notas do celular est\u00e3o datadas entre 31 de dezembro de 2021 e 18 de agosto deste ano.<\/p>\n<div class=\"contentAd contentAd--noBackground marginBottom30\">\n<p style=\"text-align: justify;\">&#8220;Havia uma preocupa\u00e7\u00e3o do ministro com o Nordeste e ele falava muito na Bahia, pois havia visto no mapa com o planejamento do primeiro turno que havia muito pouca distribui\u00e7\u00e3o de equipes no interior da Bahia. Desde antes do primeiro turno a DINT [Diretoria de Intelig\u00eancia] recebia dezenas de v\u00eddeos e postagens de pessoas, a maioria delas fake news, sobre compra de votos e liga\u00e7\u00e3o do PT com fac\u00e7\u00f5es criminosas. Toda not\u00edcia ou informe que chegava, tent\u00e1vamos fazer a confirma\u00e7\u00e3o, pedindo o BO [boletim de ocorr\u00eancia] ou consultando o centro de intelig\u00eancia respectivo. Ent\u00e3o, algo que estava arraigado ali na SEOPI [Secretaria de Opera\u00e7\u00f5es Integradas do minist\u00e9rio] era essa rela\u00e7\u00e3o do PT com compra de votos, e sempre coment\u00e1vamos sobre isso&#8221;, diz o texto, que na sequ\u00eancia revela: &#8220;havia uma certa press\u00e3o para que eu fizesse um relat\u00f3rio que indicasse a rela\u00e7\u00e3o do PT com fac\u00e7\u00f5es criminosas, pois havia alguns indicativos disso, mas n\u00e3o fizemos porque n\u00e3o havia comprova\u00e7\u00e3o&#8221;.<\/p>\n<p style=\"text-align: justify;\">Mar\u00edlia e Torres est\u00e3o no centro das investiga\u00e7\u00f5es que visam esclarecer se a Pol\u00edcia Rodovi\u00e1ria Federal (PRF) organizou numerosas blitze durante o segundo turno das elei\u00e7\u00f5es com o intuito de prejudicar eleitores do PT e favorecer Jair Bolsonaro (PL). A Pol\u00edcia Federal (PF) suspeita que a opera\u00e7\u00e3o tenha sido concebida a partir de um levantamento realizado por Mar\u00edlia, identificando os locais onde Lula obteve mais de 75% dos votos no primeiro turno. Desde agosto, Silvinei Vasques, ex-diretor da PRF, encontra-se detido preventivamente.<\/p>\n<p style=\"text-align: justify;\">A anota\u00e7\u00e3o encontrada no celular de Mar\u00edlia tamb\u00e9m descreve uma suposta press\u00e3o exercida por Torres para que a Pol\u00edcia Federal aumentasse seu contingente durante o segundo turno das elei\u00e7\u00f5es. Segundo o texto, o ex-ministro teria mencionado a possibilidade de substituir o ent\u00e3o diretor-geral da corpora\u00e7\u00e3o, M\u00e1rcio Nunes, caso Bolsonaro fosse reeleito. Conforme o registro, Torres teria expressado insatisfa\u00e7\u00e3o com a atua\u00e7\u00e3o da PF, alegando que a institui\u00e7\u00e3o estava fazendo &#8220;corpo mole&#8221;, o que teria levado a Secretaria de Opera\u00e7\u00f5es Integradas a planejar suas pr\u00f3prias a\u00e7\u00f5es. Al\u00e9m disso, o texto descreve uma reuni\u00e3o entre as equipes do minist\u00e9rio e da corpora\u00e7\u00e3o para discutir os ind\u00edcios de compra de votos no Nordeste. &#8220;M\u00e1rcio perguntou se havia relat\u00f3rio de intelig\u00eancia sobre isso, eu disse que ia tentar ver se consegu\u00edamos demonstrar o incremento de crimes eleitorais para que houvesse justificativa de aumento de efetivo em rela\u00e7\u00e3o ao segundo turno. Por\u00e9m, conversei com o Tom\u00e1s [supostamente Tom\u00e1s Vianna, ex-coordenador de intelig\u00eancia do minist\u00e9rio], e conclu\u00edmos que n\u00e3o havia esse incremento&#8221;.<\/p>\n<p style=\"text-align: justify;\">Torres, segundo o texto, &#8220;chegou a comentar que gostava muito do M\u00e1rcio mas que n\u00e3o era uma pessoa muito firme para aquele momento e que numa eventual vit\u00f3ria nas elei\u00e7\u00f5es ele trocaria o DG [diretor-geral]. M\u00e1rcio n\u00e3o queria cumprir a determina\u00e7\u00e3o dele, e acabou n\u00e3o cumprindo, pois os planejamentos n\u00e3o foram seguidos&#8221;.<\/p>\n<p style=\"text-align: justify;\">Mar\u00edlia ocupou o cargo de diretora de intelig\u00eancia no Minist\u00e9rio da Justi\u00e7a durante o governo Bolsonaro e, ap\u00f3s a vit\u00f3ria de Lula, acompanhou Torres de volta \u00e0 Secretaria de Seguran\u00e7a do Distrito Federal. Ela era a encarregada pela intelig\u00eancia da secretaria em 8 de janeiro, dia dos ataques \u00e0s sedes dos tr\u00eas Poderes.<\/p>\n<p style=\"text-align: justify;\">A defesa de Mar\u00edlia afirmou que &#8220;n\u00e3o teve acesso e desconhece essa suposta anota\u00e7\u00e3o. Se ela existir, \u00e9 sigilosa e seu vazamento deve ser apurado&#8221;. A defesa de Torres n\u00e3o quis se manifestar. &#8220;A defesa do ex-ministro Anderson Torres tomou conhecimento deste fato pela imprensa. N\u00e3o teve acesso oficial aos documentos ou per\u00edcias e, por isso, prefere se manifestar nos autos em momento oportuno&#8221;.<\/p>\n<\/div>\n","protected":false},"excerpt":{"rendered":"<p>&#8220;Havia uma certa press\u00e3o para que eu fizesse um relat\u00f3rio que indicasse a rela\u00e7\u00e3o do PT com fac\u00e7\u00f5es criminosas&#8221;, relata anota\u00e7\u00e3o feita por Mar\u00edlia Ferreira Uma anota\u00e7\u00e3o encontrada no celular da delegada da Pol\u00edcia Federal Mar\u00edlia Ferreira, que trabalhou em estreita colabora\u00e7\u00e3o com o ex-ministro da Justi\u00e7a de Jair Bolsonaro (PL) Anderson Torres, sugere que [&hellip;]<\/p>\n","protected":false},"author":2,"featured_media":116331,"comment_status":"open","ping_status":"open","sticky":false,"template":"","format":"standard","meta":[],"categories":[75,105],"tags":[2649,2645,2648,2646,137,2647],"_links":{"self":[{"href":"https:\/\/www.blogdopaulonunes.com\/v5\/index.php\/wp-json\/wp\/v2\/posts\/116330"}],"collection":[{"href":"https:\/\/www.blogdopaulonunes.com\/v5\/index.php\/wp-json\/wp\/v2\/posts"}],"about":[{"href":"https:\/\/www.blogdopaulonunes.com\/v5\/index.php\/wp-json\/wp\/v2\/types\/post"}],"author":[{"embeddable":true,"href":"https:\/\/www.blogdopaulonunes.com\/v5\/index.php\/wp-json\/wp\/v2\/users\/2"}],"replies":[{"embeddable":true,"href":"https:\/\/www.blogdopaulonunes.com\/v5\/index.php\/wp-json\/wp\/v2\/comments?post=116330"}],"version-history":[{"count":1,"href":"https:\/\/www.blogdopaulonunes.com\/v5\/index.php\/wp-json\/wp\/v2\/posts\/116330\/revisions"}],"predecessor-version":[{"id":116332,"href":"https:\/\/www.blogdopaulonunes.com\/v5\/index.php\/wp-json\/wp\/v2\/posts\/116330\/revisions\/116332"}],"wp:featuredmedia":[{"embeddable":true,"href":"https:\/\/www.blogdopaulonunes.com\/v5\/index.php\/wp-json\/wp\/v2\/media\/116331"}],"wp:attachment":[{"href":"https:\/\/www.blogdopaulonunes.com\/v5\/index.php\/wp-json\/wp\/v2\/media?parent=116330"}],"wp:term":[{"taxonomy":"category","embeddable":true,"href":"https:\/\/www.blogdopaulonunes.com\/v5\/index.php\/wp-json\/wp\/v2\/categories?post=116330"},{"taxonomy":"post_tag","embeddable":true,"href":"https:\/\/www.blogdopaulonunes.com\/v5\/index.php\/wp-json\/wp\/v2\/tags?post=116330"}],"curies":[{"name":"wp","href":"https:\/\/api.w.org\/{rel}","templated":true}]}}