{"id":116326,"date":"2023-10-06T00:47:18","date_gmt":"2023-10-06T03:47:18","guid":{"rendered":"https:\/\/www.blogdopaulonunes.com\/v5\/?p=116326"},"modified":"2023-10-05T21:54:01","modified_gmt":"2023-10-06T00:54:01","slug":"preco-da-cesta-basica-cai-em-14-de-17-capitais-pesquisadas-e-lula-exalta-mais-poder-de-compra","status":"publish","type":"post","link":"https:\/\/www.blogdopaulonunes.com\/v5\/index.php\/2023\/10\/06\/preco-da-cesta-basica-cai-em-14-de-17-capitais-pesquisadas-e-lula-exalta-mais-poder-de-compra\/","title":{"rendered":"Pre\u00e7o da cesta b\u00e1sica cai em 14 de 17 capitais pesquisadas e Lula exalta: &#8220;mais poder de compra&#8221;"},"content":{"rendered":"<p style=\"text-align: justify;\">No acumulado dos nove primeiros meses do ano, de janeiro a setembro, o custo caiu em 12 capitais, com destaque para Goi\u00e2nia, Campo Grande e Bras\u00edlia<\/p>\n<p style=\"text-align: justify;\">O pre\u00e7o da cesta b\u00e1sica de alimentos caiu em 14 capitais do pa\u00eds no m\u00eas de setembro em compara\u00e7\u00e3o a agosto. As maiores quedas ocorreram em Bras\u00edlia (-4,03%), Porto Alegre (-2,4%), e Campo Grande (-2,3%). As principais eleva\u00e7\u00f5es ocorreram em Vit\u00f3ria (3,1%), Natal (3%) e Florian\u00f3polis (0,5%). Os dados, divulgados hoje (5), s\u00e3o do Departamento Intersindical de Estat\u00edstica e Estudos Socioecon\u00f4micos (Dieese), que pesquisa mensalmente o pre\u00e7o da cesta de alimentos em 17 capitais.<\/p>\n<p style=\"text-align: justify;\">Em publica\u00e7\u00e3o na rede social X (antigo Twitter), o presidente Lula (PT) celebrou o resultado da pesquisa e destacou: &#8220;mais poder de compra para os brasileiros. Das 17 capitais analisadas pelo Dieese, 14 tiveram queda no pre\u00e7o da cesta b\u00e1sica no comparativo de setembro com agosto deste ano. Al\u00e9m disso, outros itens tiveram queda significativa, como a carne bovina de primeira que caiu em 15 das 17 capitais&#8221;.<\/p>\n<p style=\"text-align: justify;\">Florian\u00f3polis foi a capital onde o conjunto dos alimentos b\u00e1sicos apresentou o maior custo: R$ 747,64, seguida de Porto Alegre (R$ 741,71), S\u00e3o Paulo (R$ 734,77) e do Rio de Janeiro (R$ 719,92). Os menores valores foram registrados em Aracaju (R$ 532,34), Jo\u00e3o Pessoa (R$ 562,60) e Recife (R$ 570,20).<\/p>\n<p style=\"text-align: justify;\">Comparando o pre\u00e7o da cesta b\u00e1sica de setembro de 2023 com o do mesmo m\u00eas de 2022, houve queda em oito capitais, com varia\u00e7\u00f5es que oscilaram entre -4,9%, em Campo Grande, e -0,3%, em Porto Alegre. Nove capitais apresentaram eleva\u00e7\u00e3o no pre\u00e7o, com destaque para os percentuais de Fortaleza (3,1%), Natal (3%) e Aracaju (2,6%).<\/p>\n<p style=\"text-align: justify;\">No acumulado dos nove primeiros meses do ano (de janeiro a setembro), o custo da cesta b\u00e1sica caiu em 12 capitais, com destaque para as quedas em Goi\u00e2nia (-10,4%), Campo Grande (-9,2%) e Bras\u00edlia (-9,1%). Os maiores aumentos foram registrados em Natal \u00a0(2,5%), Aracaju (2,1%) e Recife (0,9%).<\/p>\n<p style=\"text-align: justify;\">Com base na cesta mais cara que, em setembro, foi a de Florian\u00f3polis, e levando em considera\u00e7\u00e3o a determina\u00e7\u00e3o constitucional de que o sal\u00e1rio m\u00ednimo deveria ser suficiente para suprir as despesas da fam\u00edlia de um trabalhador com alimenta\u00e7\u00e3o, moradia, sa\u00fade, educa\u00e7\u00e3o, vestu\u00e1rio, higiene, transporte, lazer e previd\u00eancia, o Dieese estima que o valor do sal\u00e1rio m\u00ednimo necess\u00e1rio, no nono m\u00eas do ano, deveria ter sido R$ 6.280,93 ou 4,76 vezes o m\u00ednimo de R$ 1.320,00.<\/p>\n<p style=\"text-align: justify;\"><b>PRODUTOS &#8211;<\/b>\u00a0O pre\u00e7o da carne bovina de primeira caiu em 15 das 17 capitais pesquisadas; o do leite integral e da manteiga registraram queda em 14; o do feij\u00e3o carioquinha diminuiu em todos os locais onde \u00e9 pesquisado (Norte, Nordeste, Centro-Oeste, Belo Horizonte e S\u00e3o Paulo); o do caf\u00e9 em p\u00f3, reduziu em 13 das 17 capitais, e o da batata caiu em todas as dez cidades onde \u00e9 pesquisado, no Centro-Sul.<\/p>\n<p style=\"text-align: justify;\">J\u00e1 o pre\u00e7o do feij\u00e3o tipo preto subiu em quatro das cinco capitais onde \u00e9 pesquisado (regi\u00e3o Sul, Rio de Janeiro e Esp\u00edrito Santo), assim como o do arroz agulhinha, que aumentou em 15 das 17 capitais pesquisadas.\u00a0<i>[Com informa\u00e7\u00f5es de uma reportagem de Bruno Bocchini na Ag\u00eancia Brasil]<\/i><\/p>\n","protected":false},"excerpt":{"rendered":"<p>No acumulado dos nove primeiros meses do ano, de janeiro a setembro, o custo caiu em 12 capitais, com destaque para Goi\u00e2nia, Campo Grande e Bras\u00edlia O pre\u00e7o da cesta b\u00e1sica de alimentos caiu em 14 capitais do pa\u00eds no m\u00eas de setembro em compara\u00e7\u00e3o a agosto. As maiores quedas ocorreram em Bras\u00edlia (-4,03%), Porto [&hellip;]<\/p>\n","protected":false},"author":2,"featured_media":116327,"comment_status":"open","ping_status":"open","sticky":false,"template":"","format":"standard","meta":[],"categories":[78,72],"tags":[2644,1301,138],"_links":{"self":[{"href":"https:\/\/www.blogdopaulonunes.com\/v5\/index.php\/wp-json\/wp\/v2\/posts\/116326"}],"collection":[{"href":"https:\/\/www.blogdopaulonunes.com\/v5\/index.php\/wp-json\/wp\/v2\/posts"}],"about":[{"href":"https:\/\/www.blogdopaulonunes.com\/v5\/index.php\/wp-json\/wp\/v2\/types\/post"}],"author":[{"embeddable":true,"href":"https:\/\/www.blogdopaulonunes.com\/v5\/index.php\/wp-json\/wp\/v2\/users\/2"}],"replies":[{"embeddable":true,"href":"https:\/\/www.blogdopaulonunes.com\/v5\/index.php\/wp-json\/wp\/v2\/comments?post=116326"}],"version-history":[{"count":1,"href":"https:\/\/www.blogdopaulonunes.com\/v5\/index.php\/wp-json\/wp\/v2\/posts\/116326\/revisions"}],"predecessor-version":[{"id":116328,"href":"https:\/\/www.blogdopaulonunes.com\/v5\/index.php\/wp-json\/wp\/v2\/posts\/116326\/revisions\/116328"}],"wp:featuredmedia":[{"embeddable":true,"href":"https:\/\/www.blogdopaulonunes.com\/v5\/index.php\/wp-json\/wp\/v2\/media\/116327"}],"wp:attachment":[{"href":"https:\/\/www.blogdopaulonunes.com\/v5\/index.php\/wp-json\/wp\/v2\/media?parent=116326"}],"wp:term":[{"taxonomy":"category","embeddable":true,"href":"https:\/\/www.blogdopaulonunes.com\/v5\/index.php\/wp-json\/wp\/v2\/categories?post=116326"},{"taxonomy":"post_tag","embeddable":true,"href":"https:\/\/www.blogdopaulonunes.com\/v5\/index.php\/wp-json\/wp\/v2\/tags?post=116326"}],"curies":[{"name":"wp","href":"https:\/\/api.w.org\/{rel}","templated":true}]}}