{"id":116320,"date":"2023-10-05T13:08:15","date_gmt":"2023-10-05T16:08:15","guid":{"rendered":"https:\/\/www.blogdopaulonunes.com\/v5\/?p=116320"},"modified":"2023-10-05T13:08:15","modified_gmt":"2023-10-05T16:08:15","slug":"morre-jeronimo-dias-lacerda-aos-68-anos","status":"publish","type":"post","link":"https:\/\/www.blogdopaulonunes.com\/v5\/index.php\/2023\/10\/05\/morre-jeronimo-dias-lacerda-aos-68-anos\/","title":{"rendered":"Morre Jer\u00f4nimo Dias Lacerda, aos 68 anos"},"content":{"rendered":"<p style=\"text-align: justify;\">\n<p style=\"text-align: justify;\">Informamos\u00a0 o falecimento de Jer\u00f4nimo Dias Lacerda, aos 68 anos, Seu Jer\u00f4nimo \u00e9 bastante conhecido na cidade principalmente no bairro Patag\u00f4nia e bairros circunvizinhos, propriet\u00e1rio da empresa Construgel localizada anteriormente por v\u00e1rios anos localizada na avenida frei benjamin em frente a feira do bairro Patag\u00f4nia, atualmente a empresa estava localizada na avenida Jadiel Matos. \u201cPerdi n\u00e3o s\u00f3 um pai, mas um amigo. Uma pessoa maravilhosa que ajudava a todos e era muito querido\u201d, testemunhou seu filho Felipe Lacerda. Seu Jer\u00f4nimo deixa esposa, tr\u00eas filhos e cinco netos.<\/p>\n<p style=\"text-align: justify;\">O funeral acontece no Sal\u00e3o Nobre da Pax Nacional [Rua Olavo Bilac, 04 \u2013 ao lado da Capelinha do S\u00e3o Vicente], em Vit\u00f3ria da Conquista, com sepultamento agendado para 16h30h desta quinta-feira (5), no Cemit\u00e9rio da Saudade. Aos amigos e familiares, os sinceros sentimentos do BLOG DO PAULO NUNES<\/p>\n","protected":false},"excerpt":{"rendered":"<p>Informamos\u00a0 o falecimento de Jer\u00f4nimo Dias Lacerda, aos 68 anos, Seu Jer\u00f4nimo \u00e9 bastante conhecido na cidade principalmente no bairro Patag\u00f4nia e bairros circunvizinhos, propriet\u00e1rio da empresa Construgel localizada anteriormente por v\u00e1rios anos localizada na avenida frei benjamin em frente a feira do bairro Patag\u00f4nia, atualmente a empresa estava localizada na avenida Jadiel Matos. \u201cPerdi [&hellip;]<\/p>\n","protected":false},"author":2,"featured_media":116321,"comment_status":"open","ping_status":"open","sticky":false,"template":"","format":"standard","meta":[],"categories":[85,71],"tags":[2641,2642],"_links":{"self":[{"href":"https:\/\/www.blogdopaulonunes.com\/v5\/index.php\/wp-json\/wp\/v2\/posts\/116320"}],"collection":[{"href":"https:\/\/www.blogdopaulonunes.com\/v5\/index.php\/wp-json\/wp\/v2\/posts"}],"about":[{"href":"https:\/\/www.blogdopaulonunes.com\/v5\/index.php\/wp-json\/wp\/v2\/types\/post"}],"author":[{"embeddable":true,"href":"https:\/\/www.blogdopaulonunes.com\/v5\/index.php\/wp-json\/wp\/v2\/users\/2"}],"replies":[{"embeddable":true,"href":"https:\/\/www.blogdopaulonunes.com\/v5\/index.php\/wp-json\/wp\/v2\/comments?post=116320"}],"version-history":[{"count":1,"href":"https:\/\/www.blogdopaulonunes.com\/v5\/index.php\/wp-json\/wp\/v2\/posts\/116320\/revisions"}],"predecessor-version":[{"id":116322,"href":"https:\/\/www.blogdopaulonunes.com\/v5\/index.php\/wp-json\/wp\/v2\/posts\/116320\/revisions\/116322"}],"wp:featuredmedia":[{"embeddable":true,"href":"https:\/\/www.blogdopaulonunes.com\/v5\/index.php\/wp-json\/wp\/v2\/media\/116321"}],"wp:attachment":[{"href":"https:\/\/www.blogdopaulonunes.com\/v5\/index.php\/wp-json\/wp\/v2\/media?parent=116320"}],"wp:term":[{"taxonomy":"category","embeddable":true,"href":"https:\/\/www.blogdopaulonunes.com\/v5\/index.php\/wp-json\/wp\/v2\/categories?post=116320"},{"taxonomy":"post_tag","embeddable":true,"href":"https:\/\/www.blogdopaulonunes.com\/v5\/index.php\/wp-json\/wp\/v2\/tags?post=116320"}],"curies":[{"name":"wp","href":"https:\/\/api.w.org\/{rel}","templated":true}]}}