{"id":116307,"date":"2023-10-05T00:36:35","date_gmt":"2023-10-05T03:36:35","guid":{"rendered":"https:\/\/www.blogdopaulonunes.com\/v5\/?p=116307"},"modified":"2023-10-04T18:38:45","modified_gmt":"2023-10-04T21:38:45","slug":"ifba-conquista-oferece-vagas-para-curso-de-formacao-inicial-e-continuada-fic-programador-web","status":"publish","type":"post","link":"https:\/\/www.blogdopaulonunes.com\/v5\/index.php\/2023\/10\/05\/ifba-conquista-oferece-vagas-para-curso-de-formacao-inicial-e-continuada-fic-programador-web\/","title":{"rendered":"IFBA Conquista oferece vagas para Curso de Forma\u00e7\u00e3o Inicial e Continuada (FIC) Programador WEB"},"content":{"rendered":"<p style=\"text-align: justify;\">O IFBA campus Vit\u00f3ria da Conquista publica o edital n\u00ba 27\/2023, de\u00a0processo seletivo simplificado de discentes que ingressar\u00e3o no Curso de Forma\u00e7\u00e3o Inicial e Continuada (FIC) Programador WEB na modalidade de EAD.\u00a0S\u00e3o ofertadas 120 vagas totais para o curso, sendo 60 delas reservadas aos adultos (maiores de 18 anos), que n\u00e3o deram continuidade aos estudos. Caso esse percentual n\u00e3o seja preenchido, poder\u00e1 ser ocupado pelo p\u00fablico em geral.<\/p>\n<p style=\"text-align: justify;\">Os interessados devem se inscrever pelo\u00a0<a title=\"\" href=\"http:\/\/xn--so%20ofertadas%20120%20vagas%20totais%20para%20o%20curso%20fic%20programador%20web%20ead%2C%20sendo%20que%2060%20vagas%20sero%20reservadas%20para%20o%20pblico%20adulto%20%28maiores%20de%2018%20anos%29%2C%20que%20no%20deram%20continuidade%20aos%20estudos%2C%20todavia%2C%20caso%20esse%20percentual%20no%20seja%20preenchido%20poder%20ser%20ocupado%20pelo%20pblico%20em%20geral-y73axu7dxd4dw56b5f.\/\" target=\"_blank\" rel=\"noopener\" data-saferedirecturl=\"https:\/\/www.google.com\/url?q=http:\/\/xn--so%2520ofertadas%2520120%2520vagas%2520totais%2520para%2520o%2520curso%2520fic%2520programador%2520web%2520ead%252C%2520sendo%2520que%252060%2520vagas%2520sero%2520reservadas%2520para%2520o%2520pblico%2520adulto%2520%2528maiores%2520de%252018%2520anos%2529%252C%2520que%2520no%2520deram%2520continuidade%2520aos%2520estudos%252C%2520todavia%252C%2520caso%2520esse%2520percentual%2520no%2520seja%2520preenchido%2520poder%2520ser%2520ocupado%2520pelo%2520pblico%2520em%2520geral-y73axu7dxd4dw56b5f.\/&amp;source=gmail&amp;ust=1696531858444000&amp;usg=AOvVaw1NKhac3VTD6Ce7T5LNl2fX\">formul\u00e1rio<\/a>\u00a0no prazo de 05 a 12 de outubro de 2023. O in\u00edcio das aulas est\u00e1 previsto para o dia 23 de outubro. Saiba mais:<\/p>\n<p><strong><a title=\"\" href=\"https:\/\/portal.ifba.edu.br\/conquista\/noticias-2\/copy_of__Edital_27_de_2023__FIC_Programador_WEB_EaD___Selecao_dos_discentes__Versao_2023_10_04_.pdf\" target=\"_blank\" rel=\"noopener\" data-saferedirecturl=\"https:\/\/www.google.com\/url?q=https:\/\/portal.ifba.edu.br\/conquista\/noticias-2\/copy_of__Edital_27_de_2023__FIC_Programador_WEB_EaD___Selecao_dos_discentes__Versao_2023_10_04_.pdf&amp;source=gmail&amp;ust=1696531858444000&amp;usg=AOvVaw3G0KP5AYiuooiPt5JVEQw7\">Edital n\u00ba 27\/2023 &#8211; Curso FIC Programador WEB<\/a><\/strong><\/p>\n","protected":false},"excerpt":{"rendered":"<p>O IFBA campus Vit\u00f3ria da Conquista publica o edital n\u00ba 27\/2023, de\u00a0processo seletivo simplificado de discentes que ingressar\u00e3o no Curso de Forma\u00e7\u00e3o Inicial e Continuada (FIC) Programador WEB na modalidade de EAD.\u00a0S\u00e3o ofertadas 120 vagas totais para o curso, sendo 60 delas reservadas aos adultos (maiores de 18 anos), que n\u00e3o deram continuidade aos estudos. [&hellip;]<\/p>\n","protected":false},"author":2,"featured_media":110695,"comment_status":"open","ping_status":"open","sticky":false,"template":"","format":"standard","meta":[],"categories":[104,105],"tags":[2632,820,150],"_links":{"self":[{"href":"https:\/\/www.blogdopaulonunes.com\/v5\/index.php\/wp-json\/wp\/v2\/posts\/116307"}],"collection":[{"href":"https:\/\/www.blogdopaulonunes.com\/v5\/index.php\/wp-json\/wp\/v2\/posts"}],"about":[{"href":"https:\/\/www.blogdopaulonunes.com\/v5\/index.php\/wp-json\/wp\/v2\/types\/post"}],"author":[{"embeddable":true,"href":"https:\/\/www.blogdopaulonunes.com\/v5\/index.php\/wp-json\/wp\/v2\/users\/2"}],"replies":[{"embeddable":true,"href":"https:\/\/www.blogdopaulonunes.com\/v5\/index.php\/wp-json\/wp\/v2\/comments?post=116307"}],"version-history":[{"count":1,"href":"https:\/\/www.blogdopaulonunes.com\/v5\/index.php\/wp-json\/wp\/v2\/posts\/116307\/revisions"}],"predecessor-version":[{"id":116308,"href":"https:\/\/www.blogdopaulonunes.com\/v5\/index.php\/wp-json\/wp\/v2\/posts\/116307\/revisions\/116308"}],"wp:featuredmedia":[{"embeddable":true,"href":"https:\/\/www.blogdopaulonunes.com\/v5\/index.php\/wp-json\/wp\/v2\/media\/110695"}],"wp:attachment":[{"href":"https:\/\/www.blogdopaulonunes.com\/v5\/index.php\/wp-json\/wp\/v2\/media?parent=116307"}],"wp:term":[{"taxonomy":"category","embeddable":true,"href":"https:\/\/www.blogdopaulonunes.com\/v5\/index.php\/wp-json\/wp\/v2\/categories?post=116307"},{"taxonomy":"post_tag","embeddable":true,"href":"https:\/\/www.blogdopaulonunes.com\/v5\/index.php\/wp-json\/wp\/v2\/tags?post=116307"}],"curies":[{"name":"wp","href":"https:\/\/api.w.org\/{rel}","templated":true}]}}