{"id":116146,"date":"2023-09-27T06:04:30","date_gmt":"2023-09-27T09:04:30","guid":{"rendered":"https:\/\/www.blogdopaulonunes.com\/v5\/?p=116146"},"modified":"2023-09-27T09:07:20","modified_gmt":"2023-09-27T12:07:20","slug":"prefeitura-de-vitoria-da-conquista-quer-se-desfazer-de-terreno-que-foi-planejado-para-construcao-de-ceasa","status":"publish","type":"post","link":"https:\/\/www.blogdopaulonunes.com\/v5\/index.php\/2023\/09\/27\/prefeitura-de-vitoria-da-conquista-quer-se-desfazer-de-terreno-que-foi-planejado-para-construcao-de-ceasa\/","title":{"rendered":"Prefeitura de Vit\u00f3ria da Conquista quer se desfazer de terreno que foi planejado para constru\u00e7\u00e3o de CEASA"},"content":{"rendered":"<p style=\"text-align: justify;\">O vereador Xand\u00f3 (PT), fez uma contundente den\u00fancia envolvendo a prefeita Sheila Lemos (UNI\u00c3O) e a proposta de permuta dos terrenos que tramita na C\u00e2mara em Vit\u00f3ria da Conquista. Com base na apura\u00e7\u00e3o da planta de uma das \u00e1reas, localizada no Jatob\u00e1, Xand\u00f3 identificou que o local havia sido destinado e estruturado para abrigar o Ceasa dos Atacadistas do munic\u00edpio, destacando assim o enorme desperd\u00edcio de recursos p\u00fablicos.<\/p>\n<p><iframe loading=\"lazy\" title=\"YouTube video player\" src=\"https:\/\/www.youtube.com\/embed\/SQFvPzIoXIk?si=hKqgIBJs0jecjT-M\" width=\"560\" height=\"315\" frameborder=\"0\" allowfullscreen=\"allowfullscreen\"><\/iframe><\/p>\n<p style=\"text-align: justify;\">Partes significativas da estrutura j\u00e1 foram erguidas, incluindo a \u00e1rea administrativa, banheiros, as pilastras para galp\u00f5es destinados \u00e0 agricultura familiar, al\u00e9m do investimento em rede de esgoto e terraplanagem. Os governos dos ex-prefeitos Z\u00e9 Raimundo e Guilherme Menezes investiram mais de R$ 1 milh\u00e3o e 500 mil reais no projeto, que ficou abandonado desde que o ex-prefeito Herzem Gusm\u00e3o assumiu.<\/p>\n<p><img loading=\"lazy\" class=\"alignnone size-full wp-image-116147\" src=\"https:\/\/www.blogdopaulonunes.com\/v5\/wp-content\/uploads\/2023\/09\/Jatoba9.png\" alt=\"\" width=\"235\" height=\"135\" \/><\/p>\n<p style=\"text-align: justify;\">Xand\u00f3 tamb\u00e9m apontou para o hist\u00f3rico da prefeita em rela\u00e7\u00e3o ao Ceasa da Juracy Magalh\u00e3es, onde recentemente tentou impedir a continuidade das atividades, que foram mantidas por liminar judicial. A vota\u00e7\u00e3o do projeto de permuta desse e de mais 5 terrenos de valores milion\u00e1rios est\u00e1 agendada para quarta-feira (27\/09). O vereador Xand\u00f3 declarou seu voto contra e convocou a popula\u00e7\u00e3o a comparecer em grande n\u00famero na C\u00e2mara.<\/p>\n<p>Site:Bahia Alerta<\/p>\n","protected":false},"excerpt":{"rendered":"<p>O vereador Xand\u00f3 (PT), fez uma contundente den\u00fancia envolvendo a prefeita Sheila Lemos (UNI\u00c3O) e a proposta de permuta dos terrenos que tramita na C\u00e2mara em Vit\u00f3ria da Conquista. Com base na apura\u00e7\u00e3o da planta de uma das \u00e1reas, localizada no Jatob\u00e1, Xand\u00f3 identificou que o local havia sido destinado e estruturado para abrigar o [&hellip;]<\/p>\n","protected":false},"author":2,"featured_media":116148,"comment_status":"open","ping_status":"open","sticky":false,"template":"","format":"standard","meta":[],"categories":[81,105],"tags":[2521,1881,2046,2523,2522,168],"_links":{"self":[{"href":"https:\/\/www.blogdopaulonunes.com\/v5\/index.php\/wp-json\/wp\/v2\/posts\/116146"}],"collection":[{"href":"https:\/\/www.blogdopaulonunes.com\/v5\/index.php\/wp-json\/wp\/v2\/posts"}],"about":[{"href":"https:\/\/www.blogdopaulonunes.com\/v5\/index.php\/wp-json\/wp\/v2\/types\/post"}],"author":[{"embeddable":true,"href":"https:\/\/www.blogdopaulonunes.com\/v5\/index.php\/wp-json\/wp\/v2\/users\/2"}],"replies":[{"embeddable":true,"href":"https:\/\/www.blogdopaulonunes.com\/v5\/index.php\/wp-json\/wp\/v2\/comments?post=116146"}],"version-history":[{"count":3,"href":"https:\/\/www.blogdopaulonunes.com\/v5\/index.php\/wp-json\/wp\/v2\/posts\/116146\/revisions"}],"predecessor-version":[{"id":116152,"href":"https:\/\/www.blogdopaulonunes.com\/v5\/index.php\/wp-json\/wp\/v2\/posts\/116146\/revisions\/116152"}],"wp:featuredmedia":[{"embeddable":true,"href":"https:\/\/www.blogdopaulonunes.com\/v5\/index.php\/wp-json\/wp\/v2\/media\/116148"}],"wp:attachment":[{"href":"https:\/\/www.blogdopaulonunes.com\/v5\/index.php\/wp-json\/wp\/v2\/media?parent=116146"}],"wp:term":[{"taxonomy":"category","embeddable":true,"href":"https:\/\/www.blogdopaulonunes.com\/v5\/index.php\/wp-json\/wp\/v2\/categories?post=116146"},{"taxonomy":"post_tag","embeddable":true,"href":"https:\/\/www.blogdopaulonunes.com\/v5\/index.php\/wp-json\/wp\/v2\/tags?post=116146"}],"curies":[{"name":"wp","href":"https:\/\/api.w.org\/{rel}","templated":true}]}}