{"id":115974,"date":"2023-09-19T06:39:17","date_gmt":"2023-09-19T09:39:17","guid":{"rendered":"https:\/\/www.blogdopaulonunes.com\/v5\/?p=115974"},"modified":"2023-09-19T06:39:17","modified_gmt":"2023-09-19T09:39:17","slug":"pais-devera-obter-o-maior-superavit-comercial-da-historia-us-90-bilhoes","status":"publish","type":"post","link":"https:\/\/www.blogdopaulonunes.com\/v5\/index.php\/2023\/09\/19\/pais-devera-obter-o-maior-superavit-comercial-da-historia-us-90-bilhoes\/","title":{"rendered":"Pa\u00eds dever\u00e1 obter o maior super\u00e1vit comercial da hist\u00f3ria: US$ 90 bilh\u00f5es"},"content":{"rendered":"<p style=\"text-align: justify;\"><strong>Essa \u00e9 a proje\u00e7\u00e3o de institui\u00e7\u00f5es financeiras nacionais, com base na \u2018arrancada\u2019 do agro em 2023<\/strong><\/p>\n<p style=\"text-align: justify;\">\u2018Puxado\u2019 pelo desempenho espetacular do agroneg\u00f3cio na pauta exportadora nacional, neste ano, o pa\u00eds dever\u00e1 colher um super\u00e1vit superior a US$ 90 bilh\u00f5es em 2023 (o maior, desde o in\u00edcio da s\u00e9rie, iniciada em 1989), segundo apontam algumas das principais institui\u00e7\u00f5es financeiras brasileiras.<\/p>\n<p style=\"text-align: justify;\">Enquanto o Ita\u00fa, maior banco privado brasileiro, ampliou, de US$ 70 bilh\u00f5es para US$ 80 bilh\u00f5es, sua estimativa de super\u00e1vit, a consultoria Tend\u00eancias vai al\u00e9m, ao projetar um resultado ainda superior, de US$ 93,4 bilh\u00f5es, e de US$ 60 bilh\u00f5es para o pr\u00f3ximo ano. Atualmente, a balan\u00e7a comercial j\u00e1 apresenta saldo positivo de US$ 62,4 bilh\u00f5es, acumulado desde janeiro, o que corresponde a uma alta de 43% em rela\u00e7\u00e3o a igual per\u00edodo do ano passado.<\/p>\n<p style=\"text-align: justify;\">Tal performance \u00e9 reflexo da arrancada exportadora das commodities nacionais no mercado internacional, com destaque para produtos, como soja, milho e celulose, consolidando o Brasil no papel de grande fornecedor desses itens b\u00e1sicos essenciais, ap\u00f3s ocupar nichos de mercado, abertos ap\u00f3s a reorganiza\u00e7\u00e3o das cadeias de produ\u00e7\u00e3o, por sua vez, decorrentes da guerra na Ucr\u00e2nia e da treta comercial-geopol\u00edtica-militar entre EUA e China.<\/p>\n<p style=\"text-align: justify;\">No detalhe, o avan\u00e7o do agro nacional ocorre, mais em fun\u00e7\u00e3o do volume exportado do que da eleva\u00e7\u00e3o de pre\u00e7os. O comportamento da corrente de com\u00e9rcio \u00e9 outro fator que ajuda a explicar o resultado positivo, uma vez que as exporta\u00e7\u00f5es j\u00e1 somam US$ 224,578 bilh\u00f5es no ano, enquanto as importa\u00e7\u00f5es ca\u00edram 10,4%, a US$ 162,168 bilh\u00f5es. A entrada de d\u00f3lares no Brasil tamb\u00e9m \u00e9 apontada por analistas como um fator cambial favor\u00e1vel \u00e0 economia nacional, uma vez que a aprecia\u00e7\u00e3o do real contribui para controlar, ao menos parcialmente, a infla\u00e7\u00e3o interna.<\/p>\n<p style=\"text-align: justify;\">Para a economista do Ita\u00fa Unibanco, Julia Gottlieb, \u201ca alta [das exporta\u00e7\u00f5es] est\u00e1 mais associada ao volume, resultado de uma safra recorde de soja e milho safrinha, al\u00e9m de um desempenho bom da ind\u00fastria extrativa, com as exporta\u00e7\u00f5es de petr\u00f3leo\u201d. Ela acrescenta que o avan\u00e7o do super\u00e1vit ajuda, por tabela, a reduzir a exposi\u00e7\u00e3o tupiniquim \u00e0s oscila\u00e7\u00f5es das cota\u00e7\u00f5es no mercado externo. De qualquer modo, todavia, o fato de a pauta exportadora brasileira estar concentrada em commodities \u00e9 a principal causa de sua pr\u00f3pria vulnerabilidade internacional.<\/p>\n<p style=\"text-align: justify;\">Em contraponto, o presidente-executivo da Associa\u00e7\u00e3o de Com\u00e9rcio Exterior do Brasil (AEB), Jos\u00e9 Augusto de Castro, destaca que a participa\u00e7\u00e3o da ind\u00fastria na pauta exportadora, ao despencar de 50%, em 2000, para os atuais 29%. \u201cA cada US$ 1 bilh\u00e3o que deixamos de exportar, perdemos 30 mil empregos e, nesses 23 anos, perdemos 4 milh\u00f5es de vagas qualificadas. Na balan\u00e7a comercial de manufaturados, o d\u00e9ficit \u00e9 crescente\u201d, alertou.<\/p>\n<p style=\"text-align: justify;\">J\u00e1 no que se refere \u00e0 safra agr\u00edcola, o IBGE revisou que esta dever\u00e1 apresentar novo recorde em 2023, correspondendo a 313,3 milh\u00f5es de toneladas, 19% ante 2022, o que representa um acr\u00e9scimo de 50,1 milh\u00f5es de toneladas.<\/p>\n<p>&nbsp;<\/p>\n","protected":false},"excerpt":{"rendered":"<p>Essa \u00e9 a proje\u00e7\u00e3o de institui\u00e7\u00f5es financeiras nacionais, com base na \u2018arrancada\u2019 do agro em 2023 \u2018Puxado\u2019 pelo desempenho espetacular do agroneg\u00f3cio na pauta exportadora nacional, neste ano, o pa\u00eds dever\u00e1 colher um super\u00e1vit superior a US$ 90 bilh\u00f5es em 2023 (o maior, desde o in\u00edcio da s\u00e9rie, iniciada em 1989), segundo apontam algumas das [&hellip;]<\/p>\n","protected":false},"author":2,"featured_media":115975,"comment_status":"open","ping_status":"open","sticky":false,"template":"","format":"standard","meta":[],"categories":[78,105],"tags":[2413,275,2411,2412],"_links":{"self":[{"href":"https:\/\/www.blogdopaulonunes.com\/v5\/index.php\/wp-json\/wp\/v2\/posts\/115974"}],"collection":[{"href":"https:\/\/www.blogdopaulonunes.com\/v5\/index.php\/wp-json\/wp\/v2\/posts"}],"about":[{"href":"https:\/\/www.blogdopaulonunes.com\/v5\/index.php\/wp-json\/wp\/v2\/types\/post"}],"author":[{"embeddable":true,"href":"https:\/\/www.blogdopaulonunes.com\/v5\/index.php\/wp-json\/wp\/v2\/users\/2"}],"replies":[{"embeddable":true,"href":"https:\/\/www.blogdopaulonunes.com\/v5\/index.php\/wp-json\/wp\/v2\/comments?post=115974"}],"version-history":[{"count":1,"href":"https:\/\/www.blogdopaulonunes.com\/v5\/index.php\/wp-json\/wp\/v2\/posts\/115974\/revisions"}],"predecessor-version":[{"id":115976,"href":"https:\/\/www.blogdopaulonunes.com\/v5\/index.php\/wp-json\/wp\/v2\/posts\/115974\/revisions\/115976"}],"wp:featuredmedia":[{"embeddable":true,"href":"https:\/\/www.blogdopaulonunes.com\/v5\/index.php\/wp-json\/wp\/v2\/media\/115975"}],"wp:attachment":[{"href":"https:\/\/www.blogdopaulonunes.com\/v5\/index.php\/wp-json\/wp\/v2\/media?parent=115974"}],"wp:term":[{"taxonomy":"category","embeddable":true,"href":"https:\/\/www.blogdopaulonunes.com\/v5\/index.php\/wp-json\/wp\/v2\/categories?post=115974"},{"taxonomy":"post_tag","embeddable":true,"href":"https:\/\/www.blogdopaulonunes.com\/v5\/index.php\/wp-json\/wp\/v2\/tags?post=115974"}],"curies":[{"name":"wp","href":"https:\/\/api.w.org\/{rel}","templated":true}]}}