{"id":115702,"date":"2023-09-05T12:26:33","date_gmt":"2023-09-05T15:26:33","guid":{"rendered":"https:\/\/www.blogdopaulonunes.com\/v5\/?p=115702"},"modified":"2023-09-05T12:26:33","modified_gmt":"2023-09-05T15:26:33","slug":"pf-intercepta-whatsapp-de-senador-trabalhando-para-prender-moraes","status":"publish","type":"post","link":"https:\/\/www.blogdopaulonunes.com\/v5\/index.php\/2023\/09\/05\/pf-intercepta-whatsapp-de-senador-trabalhando-para-prender-moraes\/","title":{"rendered":"PF intercepta WhatsApp de senador: \u2018Trabalhando para prender Moraes\u2019"},"content":{"rendered":"<div class=\"materia-conteudo\">\n<h4 style=\"text-align: justify;\">Investigadores da Pol\u00edcia Federal interceptaram mensagens de WhatsApp em que o senador afirma trabalhar h\u00e1 dois anos para prender o ministro do STF<\/h4>\n<\/div>\n<p style=\"text-align: justify;\">A Pol\u00edcia Federal (PF) interceptou mensagens em que um senador da Rep\u00fablica diz ter atuado para prender o ministro do Supremo Tribunal Federal (STF), Alexandre de Moraes. Di\u00e1logo obtido de WhatsApp foi encontrado no celular de Marcos do Val (Podemos-ES) e remete a fevereiro deste ano, mas nas conversas ele admite que h\u00e1 atua \u201ch\u00e1 dois anos para prender Alexandre de Moraes\u201d.<\/p>\n<p style=\"text-align: justify;\">O aparelho, conforme detalha o Metr\u00f3poles, foi apreendido no \u00e2mbito do inqu\u00e9rito do STF que apura suposto planejamento de golpe de Estado por parte do senador Marcos do Val, do ex-presidente Jair Bolsonaro (PL) e do ex-deputado Daniel Silveira (PTB-RJ). Foi com base nas mensagens encontradas no telefone interceptado que investigadores da PF pediram a pris\u00e3o de Do Val a Alexandre de Moraes, em junho.<\/p>\n<p style=\"text-align: justify;\">Em dois de fevereiro, uma pessoa identificada como \u201cElmo\u201d enviou uma mensagem a Do Val \u00e0s 11h24: \u201cO que precisar de n\u00f3s \u00e9 s\u00f3 falar. Se precisar estar a\u00ed com vc, \u00e9 s\u00f3 falar. Tamo junto na alegria e na tristeza\u201d. Segundo apurou a coluna de Paulo Capelli, o interlocutor seria irm\u00e3o de Do Val.<\/p>\n<p style=\"text-align: justify;\">O senador replica sem o menor temor: \u201cEstou h\u00e1 dois anos trabalhando para prender Alexandre de Moraes\u201d.<\/p>\n<p style=\"text-align: justify;\">Deixando claro n\u00e3o ser uma tarefa das mais f\u00e1ceis, o suposto irm\u00e3o de Do Val, encerra: \u201cBatalha dura\u201d.<\/p>\n<p style=\"text-align: justify;\">Um outro di\u00e1logo, entre o senador e seu pai, Humberto, tamb\u00e9m n\u00e3o passou despercebido pelos investigadores. Nele, h\u00e1 cita\u00e7\u00e3o ao ex-presidente Jair Bolsonaro.<\/p>\n<p style=\"text-align: justify;\">\u201cOlha os relat\u00f3rios do que provocamos na imprensa Brasileira em um \u00fanico dia! Superou as expectativas, e a primeira fase foi conclu\u00edda. Essa miss\u00e3o foi provocar a imprensa e a sociedade para pedir aos seus representantes no Congresso as assinaturas para a abertura da CPMI (Comiss\u00e3o Parlamentar Mista de Inqu\u00e9rito) sobre o dia 08 de janeiro!\u201d, escreveu Do Val no fim da tarde do dia 25 de fevereiro.<\/p>\n<p style=\"text-align: justify;\">Na troca de mensagens, continuou o senador:<\/p>\n<p style=\"text-align: justify;\">\u201cDisse que n\u00e3o imaginava que faria isso e os generais n\u00e3o paravam de ligar para ele, para dizer que descobriram as minhas a\u00e7\u00f5es e parabenizando. Disse que a CPMI ir\u00e1 dar in\u00edcio ao fim do Lula e Xand\u00e3o. Lula acredito que conseguimos impeachment, o Xand\u00e3o vai perder a for\u00e7a e vai mergulhar\u201d.<\/p>\n<p style=\"text-align: justify;\">Neste momento da conversa, Do Val n\u00e3o detalha a Humberto quem seria o sujeito por tr\u00e1s do verbo \u201cdisse\u201d. Na sequ\u00eancia, Do Val finaliza:<\/p>\n<p style=\"text-align: justify;\">\u201cBolsonaro est\u00e1 muito feliz. E impressionado de eu ter feito tudo sozinho\u201d.<\/p>\n<p style=\"text-align: justify;\">No pedido de pris\u00e3o preventiva de Marcos do Val feito a Alexandre de Moraes, policiais citaram suposta tentativa do senador de atrapalhar as investiga\u00e7\u00f5es. No celular apreendido, a PF destacou mensagens enviadas pelo parlamentar ao senador Sergio Moro e ao deputado Eduardo Pazuello explicando como pretendia afastar Moraes do inqu\u00e9rito dos atos golpistas.<\/p>\n<p style=\"text-align: justify;\">Os investigadores relatam que Do Val compartilhou com os dois parlamentares uma c\u00f3pia de sua oitiva \u00e0 Pol\u00edcia Federal:<\/p>\n<p style=\"text-align: justify;\">\u201cEsse meu depoimento, eu incluo o ministro AM [Alexandre de Moraes] e tecnicamente ele \u00e9 obrigado a sair da relatoria dos Atos antidemocr\u00e1ticos\u201d, diz uma primeira mensagem.<\/p>\n<p style=\"text-align: justify;\">Em seguida, destaca:<\/p>\n<p style=\"text-align: justify;\">\u201cTemos que passar para os influenciadores que o Senador do Val abriu o caminho para o afastamento do ministro e para o impeachment do Lula\u201d.<\/p>\n<p style=\"text-align: justify;\">Em nenhum momento, a PF aponta qualquer irregularidade por parte de Moro ou Pazuello no referido caso.<\/p>\n<p style=\"text-align: justify;\">Um outro di\u00e1logo destacado pela PF faz refer\u00eancia ao procurador-geral da Rep\u00fablica, Augusto Aras. No relat\u00f3rio, os investigadores afirmaram que Do Val dizia a interlocutores ter um \u201cn\u00facleo duro\u201d na Procuradoria-Geral da Rep\u00fablica para dar \u201cin\u00edcio a a\u00e7\u00f5es criminais contra Moraes\u201d.<\/p>\n<p style=\"text-align: justify;\">A Pol\u00edcia Federal, contudo, pontuou que os di\u00e1logos com integrantes da PGR passaram longe de retratar qualquer rela\u00e7\u00e3o de proximidade.<\/p>\n<p style=\"text-align: justify;\">\n<p style=\"text-align: justify;\">\u201cEm nenhum momento foram identificadas mensagens que possam traduzir a forma\u00e7\u00e3o de uma esp\u00e9cie de equipe entre o Senador e a PGR, a fim de tomarem alguma medida contra o Ministro Alexandre de Moraes. Na verdade, nas conversas com esses interlocutores, Do Val envia o mesmo repert\u00f3rio de mensagens que encaminha para uma variedade de contatos\u201d, diz a PF no relat\u00f3rio enviado ao ministro do STF.<\/p>\n<p style=\"text-align: justify;\">\u201cN\u00e3o h\u00e1 sequer resposta ou di\u00e1logos que permitam demonstrar proximidade entre Do Val e os Procuradores da Rep\u00fablica sobre o assunto. Augusto Aras, por exemplo, reserva-se no direito de responder Do Val em mais de uma vez com a mensagem: \u2018Prerrogativas de Senador h\u00e3o de ser defendidas pelo Senado\u2019\u201d.<\/p>\n","protected":false},"excerpt":{"rendered":"<p>Investigadores da Pol\u00edcia Federal interceptaram mensagens de WhatsApp em que o senador afirma trabalhar h\u00e1 dois anos para prender o ministro do STF A Pol\u00edcia Federal (PF) interceptou mensagens em que um senador da Rep\u00fablica diz ter atuado para prender o ministro do Supremo Tribunal Federal (STF), Alexandre de Moraes. Di\u00e1logo obtido de WhatsApp foi [&hellip;]<\/p>\n","protected":false},"author":2,"featured_media":115703,"comment_status":"open","ping_status":"open","sticky":false,"template":"","format":"standard","meta":[],"categories":[127,105],"tags":[2229,2228,196,2231,496,2230],"_links":{"self":[{"href":"https:\/\/www.blogdopaulonunes.com\/v5\/index.php\/wp-json\/wp\/v2\/posts\/115702"}],"collection":[{"href":"https:\/\/www.blogdopaulonunes.com\/v5\/index.php\/wp-json\/wp\/v2\/posts"}],"about":[{"href":"https:\/\/www.blogdopaulonunes.com\/v5\/index.php\/wp-json\/wp\/v2\/types\/post"}],"author":[{"embeddable":true,"href":"https:\/\/www.blogdopaulonunes.com\/v5\/index.php\/wp-json\/wp\/v2\/users\/2"}],"replies":[{"embeddable":true,"href":"https:\/\/www.blogdopaulonunes.com\/v5\/index.php\/wp-json\/wp\/v2\/comments?post=115702"}],"version-history":[{"count":1,"href":"https:\/\/www.blogdopaulonunes.com\/v5\/index.php\/wp-json\/wp\/v2\/posts\/115702\/revisions"}],"predecessor-version":[{"id":115704,"href":"https:\/\/www.blogdopaulonunes.com\/v5\/index.php\/wp-json\/wp\/v2\/posts\/115702\/revisions\/115704"}],"wp:featuredmedia":[{"embeddable":true,"href":"https:\/\/www.blogdopaulonunes.com\/v5\/index.php\/wp-json\/wp\/v2\/media\/115703"}],"wp:attachment":[{"href":"https:\/\/www.blogdopaulonunes.com\/v5\/index.php\/wp-json\/wp\/v2\/media?parent=115702"}],"wp:term":[{"taxonomy":"category","embeddable":true,"href":"https:\/\/www.blogdopaulonunes.com\/v5\/index.php\/wp-json\/wp\/v2\/categories?post=115702"},{"taxonomy":"post_tag","embeddable":true,"href":"https:\/\/www.blogdopaulonunes.com\/v5\/index.php\/wp-json\/wp\/v2\/tags?post=115702"}],"curies":[{"name":"wp","href":"https:\/\/api.w.org\/{rel}","templated":true}]}}