{"id":115697,"date":"2023-09-04T19:18:30","date_gmt":"2023-09-04T22:18:30","guid":{"rendered":"https:\/\/www.blogdopaulonunes.com\/v5\/?p=115697"},"modified":"2023-09-04T19:18:30","modified_gmt":"2023-09-04T22:18:30","slug":"apagar-a-luz-e-fechar-os-bolsos-desperdicio-pode-representar-40-da-conta-de-energia","status":"publish","type":"post","link":"https:\/\/www.blogdopaulonunes.com\/v5\/index.php\/2023\/09\/04\/apagar-a-luz-e-fechar-os-bolsos-desperdicio-pode-representar-40-da-conta-de-energia\/","title":{"rendered":"Apagar a luz e fechar os bolsos: desperd\u00edcio pode representar 40% da conta de energia"},"content":{"rendered":"<header><\/header>\n<figure class=\"horizontal\" style=\"text-align: justify;\"><\/figure>\n<div class=\"story\">\n<div class=\"header\" style=\"text-align: justify;\">\n<div class=\"credits info\"><span class=\"author\">Fernanda Pereira<\/span><\/div>\n<div class=\"text_size\"><\/div>\n<\/div>\n<p style=\"text-align: justify;\">O desperd\u00edcio de energia el\u00e9trica no Brasil chega a R$ 16 bilh\u00f5es por ano, entre a produ\u00e7\u00e3o e o consumo. Boa parte desse valor foi pago por usu\u00e1rios que consumiram mais do que o necess\u00e1rio. De acordo com Andr\u00e9 Moragas, diretor de rela\u00e7\u00f5es institucionais da concession\u00e1ria Ampla, respons\u00e1vel pelo fornecimento em 62 munic\u00edpios do estado do Rio, algumas dicas ajudam o consumidor a reduzir consideravelmente a conta de luz.<\/p>\n<p style=\"text-align: justify;\">\u2014 Depois de algumas campanhas de conscientiza\u00e7\u00e3o que realizamos em v\u00e1rios munic\u00edpios, percebemos que as fam\u00edlias passaram a gastar at\u00e9 40% menos. Isso mostra que utilizavam muita energia desnecess\u00e1ria, o que n\u00e3o \u00e9 bom para o meio ambiente, para o consumidor e nem para a empresa. Acreditamos que se as pessoas consomem mais do que t\u00eam condi\u00e7\u00f5es de pagar, podem se tornar inadimplentes ou praticar o furto de energia \u2014 diz Moragas.<\/p>\n<div id=\"pub-in-text-1\" class=\"dfp publicidade outstream clearfix advertising--loaded\" style=\"text-align: justify;\" data-extra-advertising-format=\"in-text\" data-extra-advertising-index=\"1\" data-google-query-id=\"CI6rhYH9kYEDFRofuQYdhxkLnA\">\n<div id=\"google_ads_iframe_\/85042905\/info.web.extra_5__container__\"><\/div>\n<\/div>\n<p style=\"text-align: justify;\"><strong>Veja algumas dicas das oficinas realizadas pela empresa:<\/strong><\/p>\n<p style=\"text-align: justify;\">Desligue as l\u00e2mpadas dos c\u00f4modos que n\u00e3o est\u00e3o sendo usados &#8211; Em diversas ocasi\u00f5es, acendemos a luz do quarto, da sala, da cozinha ou do banheiro e nos esquecemos de deslig\u00e1-la. Evite gastar energia \u00e0 toa, orientando sua fam\u00edlia a desligar as l\u00e2mpadas ao sair dos ambientes.<\/p>\n<p style=\"text-align: justify;\">Substitua l\u00e2mpadas incandescentes por fluorescentes compactas\u00a0<strong>&#8211;<\/strong>\u00a0Embora as l\u00e2mpadas incandescentes sejam mais baratas, elas t\u00eam baixa efici\u00eancia e pouca vida \u00fatil. J\u00e1 as l\u00e2mpadas compactas gastam bem menos energia e t\u00eam uma durabilidade muito maior. Enquanto o consumo mensal de tr\u00eas l\u00e2mpadas incandescentes chega a 54 mil Wh (R$ 30), o de tr\u00eas fluorescentes \u00e9 de 3.600 Wh (R$ 2). O modelo incandescente de 100 W gasta mais energia que o fluorescente de 20 W, apesar de terem praticamente a mesma luminosidade. Adquira as fluorescentes compactas com o selo Procel.<\/p>\n<p style=\"text-align: justify;\">Instale l\u00e2mpadas de baixa pot\u00eancia em ambientes pouco utilizados &#8211; Opte pelas l\u00e2mpadas mais fracas nos corredores e nos lugares de menor frequ\u00eancia.<\/p>\n<p style=\"text-align: justify;\">Reduza a ilumina\u00e7\u00e3o nos espa\u00e7os externos &#8211; Sempre que poss\u00edvel e sem preju\u00edzo da seguran\u00e7a, economize energia diminuindo a ilumina\u00e7\u00e3o em \u00e1reas de circula\u00e7\u00e3o, como jardins e garagens.<\/p>\n<p style=\"text-align: justify;\">Limpe frequentemente os equipamentos de ilumina\u00e7\u00e3o &#8211; Mantenha limpas as l\u00e2mpadas e lumin\u00e1rias, otimizando a radia\u00e7\u00e3o da luz.<\/p>\n<p style=\"text-align: justify;\">Utilize lumin\u00e1rias abertas &#8211; D\u00ea prefer\u00eancia a lumin\u00e1rias desse tipo, ou, se o modelo permitir, retire o protetor de acr\u00edlico, o que possibilita reduzir em at\u00e9 50% o n\u00famero de l\u00e2mpadas sem perda da qualidade na ilumina\u00e7\u00e3o.<\/p>\n<p style=\"text-align: justify;\">Desligue os aparelhos pelo bot\u00e3o &#8211; Ao desligar a televis\u00e3o, o DVD, o videocassete ou o som, observe se a luz de\u00a0<em>stand by<\/em>\u00a0permanece acesa, consumindo energia. Desligue totalmente os aparelhos. O DVD e o videocassete s\u00f3 devem ser ligados na hora de assistir a filmes.<\/p>\n<p style=\"text-align: justify;\"><strong>Economia no uso da geladeira<\/strong><\/p>\n<p style=\"text-align: justify;\">Evite secar roupas atr\u00e1s da geladeira\u00a0<strong>&#8211;<\/strong>\u00a0\u00c9 um erro utilizar o condensador, que esquenta com o uso, para secar pe\u00e7as de roupa, tecidos e cal\u00e7ados. Ao fazer isso estamos impedindo que o calor retirado dos alimentos possa ser dissipado com efici\u00eancia. No fim das contas, esse mau h\u00e1bito faz o motor do eletrodom\u00e9stico trabalhar dobrado e consumir mais energia.<\/p>\n<p style=\"text-align: justify;\">Escolha a melhor posi\u00e7\u00e3o &#8211; Para evitar um aquecimento desnecess\u00e1rio da geladeira, instale-a longe do fog\u00e3o. Procure tamb\u00e9m mant\u00ea-la longe de aquecedores e das \u00e1reas expostas ao sol. E deixe um espa\u00e7o de pelo menos 15 cm entre as costas da geladeira e a parede, permitindo uma boa circula\u00e7\u00e3o de ar.<\/p>\n<p style=\"text-align: justify;\">Abra a geladeira somente quando necess\u00e1rio &#8211; A tend\u00eancia do calor \u00e9 fluir do ambiente mais quente para o mais frio. Assim, cada vez que abrimos a geladeira, permitimos a entrada de ar quente no aparelho. Ao repetir este gesto, fazemos o motor da geladeira trabalhar mais, aumentando o consumo de energia. Procure se planejar para p\u00f4r e retirar o m\u00e1ximo de alimentos de uma s\u00f3 vez.<\/p>\n<p style=\"text-align: justify;\">Evite colocar pl\u00e1sticos nas prateleiras\u00a0<strong>&#8211;<\/strong>\u00a0O material dificulta a circula\u00e7\u00e3o do ar frio e for\u00e7a a geladeira a trabalhar mais, resultando em maior gasto de energia.<\/p>\n<p style=\"text-align: justify;\">Verifique a veda\u00e7\u00e3o das portas &#8211; Mantenha seu refrigerador com as borrachas de veda\u00e7\u00e3o em bom estado, pois elas evitam que entre calor, evitando desperdi\u00e7ar energia. Uma boa forma de conferir a veda\u00e7\u00e3o \u00e9 fechar a geladeira com uma folha de papel entre a porta e o batente. Se ela ficar presa \u00e9 sinal de que a veda\u00e7\u00e3o est\u00e1 em bom estado, mas caso fique frouxa ou caia, \u00e9 melhor providenciar a troca das borrachas.<\/p>\n<p style=\"text-align: justify;\">Adquira um modelo eficiente &#8211; Caso voc\u00ea esteja pensando em trocar de geladeira, escolha um modelo com o selo Procel de economia de energia. Outra dica \u00e9 investir em um refrigerador que possua dispenser de \u00e1gua, evitando o abre e fecha da porta.<\/p>\n<p style=\"text-align: justify;\">Avalie a necessidade de adquirir um freezer &#8211; Este tipo de aparelho tem o consumo de energia maior do que a geladeira, uma vez que foi fabricado para trabalhar em temperatura mais baixa. Caso sua fam\u00edlia seja grande, considere a compra de um modelo duplex ou com duas portas.<\/p>\n<p style=\"text-align: justify;\"><strong>Como gastar menos com o ferro de passar<\/strong><\/p>\n<p style=\"text-align: justify;\">Evite ligar o aparelho repetidas vezes durante a semana &#8211; Como o ferro precisa esquentar, o ideal \u00e9 juntar o maior n\u00famero de roupas poss\u00edvel para passar, otimizando o uso do aparelho, que tem um alto consumo de energia.<\/p>\n<p style=\"text-align: justify;\">Avalie as pe\u00e7as que devem ser passadas &#8211; Algumas malhas n\u00e3o amassam e, por isso, n\u00e3o pedem o uso do ferro. Roupas \u00edntimas, bem dobradas, tamb\u00e9m dispensam esse cuidado.<\/p>\n<p style=\"text-align: justify;\">Organize as roupas no varal\u00a0<strong>&#8211;<\/strong>\u00a0Ponha as camisas para secar no cabide, bem esticadinhas, facilitando o trabalho de pass\u00e1-las.<\/p>\n<p style=\"text-align: justify;\">Siga uma ordem racional &#8211; Comece a passar as pe\u00e7as mais pesadas, que pedem mais calor.<\/p>\n<p style=\"text-align: justify;\">Desligue o ferro antes de terminar de passar as roupas &#8211; Aproveite a quentura do aparelho, que demora a esfriar, para passar pe\u00e7as bem leves, como panos de prato.<\/p>\n<p style=\"text-align: justify;\"><strong>Use o aparelho de ar condicionado de forma consciente<\/strong><\/p>\n<p style=\"text-align: justify;\">Ligue o Condicionador de ar com anteced\u00eancia &#8211; Ao contr\u00e1rio do que se pensa, \u00e9 mais econ\u00f4mico ligar o aparelho, em temperatura mais baixa, antes de entrar no c\u00f4modo. Dessa forma, haver\u00e1 a troca de calor at\u00e9 que a temperatura seja estabelecida sem que voc\u00ea precise utilizar a pot\u00eancia m\u00e1xima. Quando o ambiente estiver refrigerado, diminua a temperatura do aparelho.<\/p>\n<p style=\"text-align: justify;\">Utilize o aparelho somente quando houver necessidade &#8211; Cuidado, pois o consumo do Condicionador de ar \u00e9 elevado. Limite sua utiliza\u00e7\u00e3o \u00e0s depend\u00eancias em uso e apenas quando estiver muito calor. E desligue o aparelho ao sair do ambiente. Escolha um modelo eficiente: um Condicionador de ar 10.000 BTU, ligado 35 horas por m\u00eas, consome 49 mil Wh (R$ 27), enquanto o mesmo modelo, com selo Procel, tem consumo de 35 mil Wh (R$ 19)no mesmo per\u00edodo.<\/p>\n<p style=\"text-align: justify;\">Feche portas e janelas antes de ligar o condicionador de ar &#8211; Para que o aparelho funcione com efici\u00eancia, o ambiente deve estar todo vedado, evitando a entrada do calor externo.<\/p>\n<p style=\"text-align: justify;\">N\u00e3o mantenha condicionador de ar e ventilador ligados ao mesmo tempo &#8211; Escolha apenas um aparelho para refrescar o ambiente, avaliando a melhor op\u00e7\u00e3o para o c\u00f4modo. O uso dos dois equipamentos aumenta o gasto em energia.<\/p>\n<p style=\"text-align: justify;\"><strong>Diminua o tempo de banho<\/strong><\/p>\n<p style=\"text-align: justify;\">Limite o tempo de banho &#8211; O chuveiro \u00e9 um dos aparelhos residenciais que mais consomem energia. Portanto, use-o da forma mais racional poss\u00edvel.<\/p>\n<p style=\"text-align: justify;\">Evite atividades extras &#8211; Para otimizar o banho,nada de acumular tarefas, como fazer barba, depilar-se e at\u00e9 lavar roupas \u00edntimas sob o chuveiro. Eduque seus filhos tamb\u00e9m, orientando-os para que n\u00e3o levem brinquedos para o boxe.<\/p>\n<p style=\"text-align: justify;\">Mude a regulagem nos dias quentes &#8211; Nos dias menos frios, regule o chuveiro na posi\u00e7\u00e3o &#8220;morna&#8221; ou &#8220;ver\u00e3o&#8221;. Isso far\u00e1 voc\u00ea economizar cerca de 20% de energia el\u00e9trica. Mas, se o tempo estiver quente, procure tomar banho frio, ajustando o chuveiro &#8216;desligado&#8217;.<\/p>\n<p style=\"text-align: justify;\">Economize energia e \u00e1gua &#8211; Desligue o chuveiro no momento em que estiver se ensaboando e s\u00f3 volte a abrir a \u00e1gua na hora de se enxaguar. Al\u00e9m de economizar energia, voc\u00ea vai poupar \u00e1gua, um bem precioso, que precisa ser utilizado racionalmente.<\/p>\n<p style=\"text-align: justify;\"><strong>Outras dicas<\/strong><\/p>\n<p style=\"text-align: justify;\">Utilize o computador racionalmente &#8211; Quando der uma pausa demais de dez minutos no trabalho, coloque a m\u00e1quina no modo de economia de energia. Ou seja, mantenha acionado o programa\u00a0<em>Energy Star<\/em>, que reduz o consumo de energia do monitor e o desliga quando o equipamento n\u00e3o estiver sendo utilizado por muito tempo.<\/p>\n<p style=\"text-align: justify;\">Evite cozinhar alimentos no microondas &#8211; Use o aparelho somente quando for necess\u00e1rio aquecer alimentos. Uma boa pr\u00e1tica \u00e9 mant\u00ea-lo desligado da tomada, e s\u00f3 lig\u00e1-lo na hora de utiliz\u00e1-lo.<\/p>\n<p style=\"text-align: justify;\">Reduza o tempo de trabalho da cafeteira &#8211; Utilize o aparelho somente na prepara\u00e7\u00e3o do caf\u00e9, pois ele consome, em m\u00e9dia, 700 Wh. Para manter a temperatura adequada da bebida, substitua a cafeteira por garrafas t\u00e9rmicas.<\/p>\n<p style=\"text-align: justify;\">Recarregue seu celular de maneira correta &#8211; Siga o tempo previsto pelo fabricante do aparelho. N\u00e3o se esque\u00e7a de conferir esse tempo, retirando o carregador da tomada quando a carga estiver completa, para poupar energia e preservar o aparelho.<\/p>\n<p style=\"text-align: justify;\">Avalie o uso de secadores e pranchas de cabelo &#8211; Esses equipamentos t\u00eam gastos razo\u00e1veis de energia e, usados frequentemente, podem causar aumentos significativos em sua conta de energia.<\/p>\n<p style=\"text-align: justify;\">Cuidado com o uso constante de bombas d\u00b4\u00e1gua &#8211; Verifique se existe a real necessidade de acion\u00e1-la diariamente. \u00c9 importante frisar que a instala\u00e7\u00e3o el\u00e9trica do equipamento exige experi\u00eancia t\u00e9cnica e deve ser feita por um bombeiro hidr\u00e1ulico.<\/p>\n<\/div>\n","protected":false},"excerpt":{"rendered":"<p>Fernanda Pereira O desperd\u00edcio de energia el\u00e9trica no Brasil chega a R$ 16 bilh\u00f5es por ano, entre a produ\u00e7\u00e3o e o consumo. Boa parte desse valor foi pago por usu\u00e1rios que consumiram mais do que o necess\u00e1rio. De acordo com Andr\u00e9 Moragas, diretor de rela\u00e7\u00f5es institucionais da concession\u00e1ria Ampla, respons\u00e1vel pelo fornecimento em 62 munic\u00edpios [&hellip;]<\/p>\n","protected":false},"author":2,"featured_media":115698,"comment_status":"open","ping_status":"open","sticky":false,"template":"","format":"standard","meta":[],"categories":[78,105],"tags":[2227,2224,2225,309,2226,673],"_links":{"self":[{"href":"https:\/\/www.blogdopaulonunes.com\/v5\/index.php\/wp-json\/wp\/v2\/posts\/115697"}],"collection":[{"href":"https:\/\/www.blogdopaulonunes.com\/v5\/index.php\/wp-json\/wp\/v2\/posts"}],"about":[{"href":"https:\/\/www.blogdopaulonunes.com\/v5\/index.php\/wp-json\/wp\/v2\/types\/post"}],"author":[{"embeddable":true,"href":"https:\/\/www.blogdopaulonunes.com\/v5\/index.php\/wp-json\/wp\/v2\/users\/2"}],"replies":[{"embeddable":true,"href":"https:\/\/www.blogdopaulonunes.com\/v5\/index.php\/wp-json\/wp\/v2\/comments?post=115697"}],"version-history":[{"count":1,"href":"https:\/\/www.blogdopaulonunes.com\/v5\/index.php\/wp-json\/wp\/v2\/posts\/115697\/revisions"}],"predecessor-version":[{"id":115699,"href":"https:\/\/www.blogdopaulonunes.com\/v5\/index.php\/wp-json\/wp\/v2\/posts\/115697\/revisions\/115699"}],"wp:featuredmedia":[{"embeddable":true,"href":"https:\/\/www.blogdopaulonunes.com\/v5\/index.php\/wp-json\/wp\/v2\/media\/115698"}],"wp:attachment":[{"href":"https:\/\/www.blogdopaulonunes.com\/v5\/index.php\/wp-json\/wp\/v2\/media?parent=115697"}],"wp:term":[{"taxonomy":"category","embeddable":true,"href":"https:\/\/www.blogdopaulonunes.com\/v5\/index.php\/wp-json\/wp\/v2\/categories?post=115697"},{"taxonomy":"post_tag","embeddable":true,"href":"https:\/\/www.blogdopaulonunes.com\/v5\/index.php\/wp-json\/wp\/v2\/tags?post=115697"}],"curies":[{"name":"wp","href":"https:\/\/api.w.org\/{rel}","templated":true}]}}