{"id":115688,"date":"2023-09-04T15:06:33","date_gmt":"2023-09-04T18:06:33","guid":{"rendered":"https:\/\/www.blogdopaulonunes.com\/v5\/?p=115688"},"modified":"2023-09-04T15:06:33","modified_gmt":"2023-09-04T18:06:33","slug":"prefeito-se-empolga-em-festa-e-se-joga-na-plateia-mas-cai-no-chao-e-viraliza-nas-redes-video","status":"publish","type":"post","link":"https:\/\/www.blogdopaulonunes.com\/v5\/index.php\/2023\/09\/04\/prefeito-se-empolga-em-festa-e-se-joga-na-plateia-mas-cai-no-chao-e-viraliza-nas-redes-video\/","title":{"rendered":"Prefeito se empolga em festa e se joga na plateia, mas cai no ch\u00e3o e viraliza nas redes (v\u00eddeo)"},"content":{"rendered":"<p style=\"text-align: justify;\">Era para cair nos bra\u00e7os do povo, mas Ant\u00f4nio Maur\u00edcio Pinheiro, o prefeito de Senador Pompeu, no Cear\u00e1, acabou caindo no ch\u00e3o<\/p>\n<p style=\"text-align: justify;\">Momentos frustrados de empolga\u00e7\u00e3o viralizaram nas redes sociais. Era para cair nos bra\u00e7os do povo, mas Ant\u00f4nio Maur\u00edcio Pinheiro, o prefeito de Senador Pompeu, no Cear\u00e1, acabou caindo no ch\u00e3o. Ele comemorava, em meio a uma festa no centro da cidade na noite de domingo (3), o anivers\u00e1rio de 127 de emancipa\u00e7\u00e3o pol\u00edtica do munic\u00edpio, quando se empolgou e se jogou na plateia.<\/p>\n<blockquote class=\"twitter-tweet\" data-width=\"550\" data-dnt=\"true\">\n<p lang=\"pt\" dir=\"ltr\">Era pra ser nos bra\u00e7os do povo, mas deu errado&#8230; Ant\u00f4nio Maur\u00edcio Pinheiro, prefeito de Senador Pompeu, no Cear\u00e1, acabou indo parar no ch\u00e3o ao se empolgar durante uma comemora\u00e7\u00e3o. Ele estava no palco para celebrar o anivers\u00e1rio de 127 anos da cidade, quando decidiu se jogar na\u2026 <a href=\"https:\/\/t.co\/ZEwDGG0cRA\">pic.twitter.com\/ZEwDGG0cRA<\/a><\/p>\n<p>&mdash; Hugo Gloss (@HugoGloss) <a href=\"https:\/\/twitter.com\/HugoGloss\/status\/1698721705009525241?ref_src=twsrc%5Etfw\">September 4, 2023<\/a><\/p><\/blockquote>\n<p><script async src=\"https:\/\/platform.twitter.com\/widgets.js\" charset=\"utf-8\"><\/script><\/p>\n","protected":false},"excerpt":{"rendered":"<p>Era para cair nos bra\u00e7os do povo, mas Ant\u00f4nio Maur\u00edcio Pinheiro, o prefeito de Senador Pompeu, no Cear\u00e1, acabou caindo no ch\u00e3o Momentos frustrados de empolga\u00e7\u00e3o viralizaram nas redes sociais. Era para cair nos bra\u00e7os do povo, mas Ant\u00f4nio Maur\u00edcio Pinheiro, o prefeito de Senador Pompeu, no Cear\u00e1, acabou caindo no ch\u00e3o. Ele comemorava, em [&hellip;]<\/p>\n","protected":false},"author":2,"featured_media":115689,"comment_status":"open","ping_status":"open","sticky":false,"template":"","format":"standard","meta":[],"categories":[82,72],"tags":[2212,2213,2214,2215,1375],"_links":{"self":[{"href":"https:\/\/www.blogdopaulonunes.com\/v5\/index.php\/wp-json\/wp\/v2\/posts\/115688"}],"collection":[{"href":"https:\/\/www.blogdopaulonunes.com\/v5\/index.php\/wp-json\/wp\/v2\/posts"}],"about":[{"href":"https:\/\/www.blogdopaulonunes.com\/v5\/index.php\/wp-json\/wp\/v2\/types\/post"}],"author":[{"embeddable":true,"href":"https:\/\/www.blogdopaulonunes.com\/v5\/index.php\/wp-json\/wp\/v2\/users\/2"}],"replies":[{"embeddable":true,"href":"https:\/\/www.blogdopaulonunes.com\/v5\/index.php\/wp-json\/wp\/v2\/comments?post=115688"}],"version-history":[{"count":1,"href":"https:\/\/www.blogdopaulonunes.com\/v5\/index.php\/wp-json\/wp\/v2\/posts\/115688\/revisions"}],"predecessor-version":[{"id":115690,"href":"https:\/\/www.blogdopaulonunes.com\/v5\/index.php\/wp-json\/wp\/v2\/posts\/115688\/revisions\/115690"}],"wp:featuredmedia":[{"embeddable":true,"href":"https:\/\/www.blogdopaulonunes.com\/v5\/index.php\/wp-json\/wp\/v2\/media\/115689"}],"wp:attachment":[{"href":"https:\/\/www.blogdopaulonunes.com\/v5\/index.php\/wp-json\/wp\/v2\/media?parent=115688"}],"wp:term":[{"taxonomy":"category","embeddable":true,"href":"https:\/\/www.blogdopaulonunes.com\/v5\/index.php\/wp-json\/wp\/v2\/categories?post=115688"},{"taxonomy":"post_tag","embeddable":true,"href":"https:\/\/www.blogdopaulonunes.com\/v5\/index.php\/wp-json\/wp\/v2\/tags?post=115688"}],"curies":[{"name":"wp","href":"https:\/\/api.w.org\/{rel}","templated":true}]}}