{"id":115686,"date":"2023-09-04T14:49:48","date_gmt":"2023-09-04T17:49:48","guid":{"rendered":"https:\/\/www.blogdopaulonunes.com\/v5\/?p=115686"},"modified":"2023-09-04T14:49:48","modified_gmt":"2023-09-04T17:49:48","slug":"esse-foi-o-grande-problema-diz-cid-sobre-transporte-de-joias-em-mochila","status":"publish","type":"post","link":"https:\/\/www.blogdopaulonunes.com\/v5\/index.php\/2023\/09\/04\/esse-foi-o-grande-problema-diz-cid-sobre-transporte-de-joias-em-mochila\/","title":{"rendered":"&#8216;Esse foi o grande problema&#8217;, diz Cid sobre transporte de joias em mochila"},"content":{"rendered":"<p><span data-v-570cc172=\"\"><a class=\"solar-author-name\" href=\"https:\/\/noticias.uol.com.br\/colunas\/juliana-dal-piva\/\" data-v-570cc172=\"\">Juliana Dal Piva<\/a><\/span><\/p>\n<div class=\"solar-author-origin has-authors\" data-v-570cc172=\"\">Colunista do UOL<\/div>\n<div data-v-56b5f6a6=\"\">\n<div id=\"embed_youtubeembed_1\" class=\"solar-embed-video mb-100-xs embed-wrapper featured-embed\" data-v-56b5f6a6=\"\">\n<div class=\"NoO5PE7b\">\n<div class=\"Ox-XdXZg\">\n<div class=\"youtube-embed loaded\" data-id=\"yt-eYkk87eABuQ\" data-v-254bf6e3=\"\"><iframe loading=\"lazy\" id=\"widget2\" title=\"Mauro Cid sobre transporte de joias em mochila: 'Esse foi o grande problema'\" src=\"https:\/\/www.youtube.com\/embed\/eYkk87eABuQ?autoplay=0&amp;playsinline=1&amp;enablejsapi=1&amp;rel=0&amp;start=0&amp;origin=https%3A%2F%2Fnoticias.uol.com.br&amp;embed_config=%7B%22disableRelatedVideos%22%3Atrue%2C%22hideInfoBar%22%3Atrue%2C%22enableIma%22%3Atrue%2C%22adsConfig%22%3A%7B%22disableAds%22%3Atrue%2C%22adTagParameters%22%3A%7B%22iu%22%3A%22%2F8804%2Fuol%2Fyt%2Fnoticias%22%2C%22cust_params%22%3A%22videoplayertype%253Dyoutube%2526campaignuol%253D1%2526origin%253Dnoticias%2520uol%2520com%2520br%2520colunas%2520juliana%2520dal%2520piva%25202023%252009%252004%2520bolsonaro%2520mauro%2520cid%2520kit%2520joias%2520sauditas%2520apreensao%2520receita%2520grande%2520problema%2520htm%2526hasFocus%253Dtrue%2526bt%253D20230116_11%252C2023320_2%252C212%252C9000%2526UOLDNA%253Dc2673ea6bef44cd7b9cc257ec4ee8338%2526cdn%253Daws%2526tt_age%253Dna%2526tt_gender%253D1%2526tt_team%253Dna%2526tt_socialclass%253D2%2526tt_cluster%253D67%252C38%2526tt_subjects%253D18%252C1%252C44%2526tt_microsegments%253D79%252C73%252C90%252C81%252C94%252C11%252C85%2526tt_customaudience%253DCA11345%252CCA17408%252CCA11421%252CCA11396%252CCA11415%252CCA11757%252CCA11754%252CCA28715%252CCA28714%252CCA802%252CCA28712%252CCA28711%252CCA9881%252CCA7245%252CCA9686%252CCA16170%2526UOLID%253De7019e99-35d2-404f-a883-7042cc9fb8eb%2526ppid%253De7019e99-35d2-404f-a883-7042cc9fb8eb%2526controller_getgrapeshot%253Dtrue%2526grapeshot%253Dgv_safe%252Cgt_positive%252Cgb_safe%252Cgs_genres%252Cgt_positive_curiosity%252Cgs_fashion_jewellery%252Cgs_law%252Cgs_fashion%252Cgt_positive_surprise%2526controller_getitems%253Dtrue%2526hasMouseIn%253Dfalse%2526entity_organization%253Dreceita%2520federal%252Cchopard%252Cuniao%252Ctcu%252Cpf%252Cpolicia%2520federal%252Ctribunal%2520de%2520contas%2520da%2520uniao%2526entity_person%253Dmauro%2520cid%252Cjair%2520bolsonaro%252Cbento%2520albuquerque%252Ccid%252Cfabio%2520wajngarten%252Cwajngarten%252Cbolsonaro%252Ccoronel%252Cmarcelo%2520camara%252Ccollor%252Clula%252Cdilma%252Cosmar%2520crivelatti%2526entity_location%253Daeroporto%2520de%2520guarulhos%252Cnova%2520york%2526videoplayersize%253Dsmall%2526tags%253D35976%252C80789%252C79406%252C81560%252C28132%252C79236%252C50570%252C81070%252C81053%252C82253%252C80787%22%7D%2C%22nonPersonalizedAd%22%3Afalse%7D%7D&amp;widgetid=1\" width=\"853\" height=\"480\" frameborder=\"0\" allowfullscreen=\"allowfullscreen\" data-gtm-yt-inspected-5=\"true\" data-mce-fragment=\"1\"><\/iframe><\/div>\n<\/div>\n<\/div>\n<\/div>\n<\/div>\n<aside class=\"jupiter-read-aloud my-100\" data-v-fbba270a=\"\" data-v-56b5f6a6=\"\">\n<div class=\"top-container screen-call-to-action playback-unstarted layout-thin icon-style-none progress-linear\" aria-label=\"Player de leitura em voz alta\">\n<div class=\"player-container\">\n<div class=\"main-elements-container\">\n<div class=\"google-policy-icon\"><\/div>\n<\/div>\n<\/div>\n<\/div>\n<\/aside>\n<p class=\"bullet mt-0\" dir=\"ltr\" style=\"text-align: justify;\" data-v-391fa315=\"\">Ao comentar um tu\u00edte sobre o fato de as joias sauditas terem entrado de modo clandestino e, depois acabarem apreendidas na Receita Federal, o tenente-coronel Mauro Cid, ex-ajudante de ordens do ex-presidente\u00a0<a href=\"https:\/\/noticias.uol.com.br\/politica\/governo-bolsonaro\/\">Jair Bolsonaro<\/a>\u00a0(PL), afirmou que esse &#8220;foi o grande problema&#8221;.<\/p>\n<p class=\"bullet\" dir=\"ltr\" style=\"text-align: justify;\" data-v-391fa315=\"\">O colar de diamantes e o Kit Rose Gold foram presenteados pelo governo saudita \u00e0 Presid\u00eancia da Rep\u00fablica do Brasil, em outubro de 2021. Depois, a comitiva do ent\u00e3o ministro de Minas e Energia, Bento Albuquerque, chegou com os itens no Aeroporto de Guarulhos, em S\u00e3o Paulo. O colar de diamantes ficou retido na Receita Federal. J\u00e1 o Kit Rose Gold, com o rel\u00f3gio da marca Chopard, entrou clandestinamente em uma mochila de um assessor do ministro.<\/p>\n<p class=\"bullet\" dir=\"ltr\" data-v-391fa315=\"\">Cid escreveu a mensagem no dia 4 de mar\u00e7o deste ano em uma conversa com o advogado e ex-secret\u00e1rio de Comunica\u00e7\u00e3o, Fabio Wajngarten.<\/p>\n<p class=\"bullet mt-0\" dir=\"ltr\" style=\"text-align: justify;\" data-v-391fa315=\"\">O ex-ajudante de ordens fez men\u00e7\u00e3o ao &#8220;grande problema&#8221; do caso junto a um tu\u00edte de um perfil de humor que mencionava que caso as joias fossem um presente elas estariam uma mala diplom\u00e1tica e que constaria o registro do presente ao Estado. Ao final, a mensagem questionava o motivo de algu\u00e9m trazer &#8220;escondido na mochila&#8221;.<\/p>\n<p class=\"bullet\" style=\"text-align: justify;\" data-v-391fa315=\"\">No domingo, a coluna revelou que, ao falar das joias,\u00a0<a href=\"https:\/\/noticias.uol.com.br\/colunas\/juliana-dal-piva\/2023\/09\/03\/bolsonaro-cid-wajngarten-joias-eram-da-uniao-que-tinha-preferencia-na-venda.htm\">Cid chegou a admitir, em 5 de mar\u00e7o deste ano,\u00a0<\/a>que os itens eram de &#8220;interesse p\u00fablico, mesmo que sejam privados&#8221;. Ele ainda tirou fotos de imagens da Lei 8.394 e sublinhou o trecho em que a norma descreve que, em caso de venda, a Uni\u00e3o teria prefer\u00eancia.<\/p>\n<p class=\"bullet\" style=\"text-align: justify;\" data-v-391fa315=\"\">A men\u00e7\u00e3o de Cid ao fato de as joias serem &#8220;bens de interesse p\u00fablico&#8221; contradiz o movimento recente da defesa de Jair Bolsonaro que chegou a pedir a devolu\u00e7\u00e3o das joias ao TCU alegando que os itens pertenceriam ao ex-presidente.<\/p>\n<p class=\"bullet\" dir=\"ltr\" style=\"text-align: justify;\" data-v-391fa315=\"\">Em conversa com o advogado e ex-secret\u00e1rio de Comunica\u00e7\u00e3o F\u00e1bio Wajngarten, dois dias depois do jornal O Estado de S. Paulo revelar a entrada ilegal do colar de diamantes e da exist\u00eancia de um segundo kit de joias, o Rose Gold, Cid demonstrou nervosismo ao verificar que a imprensa descobriu o epis\u00f3dio.<\/p>\n<p class=\"bullet\" dir=\"ltr\" style=\"text-align: justify;\" data-v-391fa315=\"\">&#8220;Parece que hoje deu uma acalmada&#8221;, escreve Cid a Wajngarten no in\u00edcio da manh\u00e3 de 5 de mar\u00e7o. O advogado responde &#8220;magina&#8221; e encaminha a reportagem da Folha mostrando o recibo do kit do Rose Gold, que entrou no Brasil sem declara\u00e7\u00e3o em outubro de 2021.<\/p>\n<p class=\"bullet\" dir=\"ltr\" style=\"text-align: justify;\" data-v-391fa315=\"\">Cid l\u00ea a mensagem e diz: &#8220;caramba!!&#8221;. Na sequ\u00eancia, ele come\u00e7a a responder uma s\u00e9rie de perguntas de Wajngarten sobre o rel\u00f3gio. Cid envia uma c\u00f3pia do recibo e, \u00e0s 9:21, responde por \u00e1udio.<\/p>\n<p class=\"bullet mt-0\" dir=\"ltr\" style=\"text-align: justify;\" data-v-391fa315=\"\">&#8220;Esse segundo rel\u00f3gio \u00e9 o que t\u00e1 a\u00ed. \u00c9 o mesmo tratamento que seria dado ao primeiro. Foi entregue o rel\u00f3gio e deu entrada no acervo. A mesma coisa que foi feita no primeiro ia ser feita no segundo&#8221;, afirma Cid. O ex-ajudante de ordens n\u00e3o esclarece no \u00e1udio qual seria o primeiro rel\u00f3gio ou se est\u00e1 fazendo refer\u00eancia ao primeiro kit de joias citado nas reportagens que trata do colar de diamantes e das joias femininas.<\/p>\n<p class=\"bullet\" dir=\"ltr\" style=\"text-align: justify;\" data-v-391fa315=\"\">Mas a conversa entre os dois continua e Wajngarten questiona sobre o segundo kit: &#8220;Quem entrou com esse? O Bento?&#8221;. Cid responde apenas: &#8220;N\u00e3o sei&#8221;. Na sequ\u00eancia, o ex-ajudante de ordens, come\u00e7a a enviar uma s\u00e9rie de mensagens sobre a legisla\u00e7\u00e3o do acervo de presidentes e tratamento de presentes.<\/p>\n<p class=\"bullet\" dir=\"ltr\" style=\"text-align: justify;\" data-v-391fa315=\"\">Entre as imagens enviadas, Cid encaminha uma da Lei 8.394, de 30 de dezembro de 1991, e a foto vem com um c\u00edrculo verde no trecho &#8220;I &#8211; em caso de venda, a Uni\u00e3o ter\u00e1 direito de prefer\u00eancia&#8221;. Depois ele tenta ligar quatro vezes para Wajngarten entre 11h31 e 12h48, mas n\u00e3o \u00e9 atendido pelo advogado.<\/p>\n<p class=\"bullet\" dir=\"ltr\" style=\"text-align: justify;\" data-v-391fa315=\"\">Cid, no entanto, n\u00e3o menciona em momento algum das mensagens que o rel\u00f3gio tinha sido levado por Bolsonaro no avi\u00e3o presidencial no fim de dezembro de 2022 para os EUA e que o kit tinha sido colocado \u00e0 venda em Nova York. O ex-ajudante de ordens tamb\u00e9m n\u00e3o escreve que tinha mandado o rel\u00f3gio retornar ao pa\u00eds depois de ser orientado por outro assessor de Bolsonaro, o coronel Marcelo C\u00e2mara, sobre irregularidades na venda.<\/p>\n<h2 class=\"bullet\" style=\"text-align: justify;\" data-v-391fa315=\"\">&#8220;Interesse p\u00fablico&#8221;<\/h2>\n<p class=\"bullet\" dir=\"ltr\" style=\"text-align: justify;\" data-v-391fa315=\"\">Horas mais tarde, \u00e0s 17:12 do dia 5 de mar\u00e7o, os dois voltam a trocar mensagens e Cid diz que n\u00e3o existiria legisla\u00e7\u00e3o sobre o tema o que, para ele, permitiria que Bolsonaro ficasse com as joias.<\/p>\n<p class=\"bullet mt-0\" style=\"text-align: justify;\" data-v-391fa315=\"\">&#8220;S\u00e3o bens de interesse p\u00fablico. Pergunta para eles se os ben (sic) de Collor, FHC, Lula e Dilma pagaram algum imposto?&#8221;, escreve Cid. Wajngarten diz: &#8220;N\u00e3o \u00e9 isso&#8221;.<\/p>\n<p class=\"bullet\" dir=\"ltr\" style=\"text-align: justify;\" data-v-391fa315=\"\">O advogado ent\u00e3o questiona Cid onde est\u00e1 o rel\u00f3gio e Cid diz que estaria no &#8220;acervo do Pr&#8221;, em refer\u00eancia ao acervo de Bolsonaro. Wajngarten ent\u00e3o escreve a Cid: &#8220;N\u00e3o existe culpa ou absolvi\u00e7\u00e3o pela compara\u00e7\u00e3o simples&#8221;.<\/p>\n<p class=\"bullet\" style=\"text-align: justify;\" data-v-391fa315=\"\">No dia anterior, em 4 de mar\u00e7o, Cid chegou a dizer a Wajngarten que n\u00e3o sabia onde estava o acervo de Bolsonaro. Esta data tamb\u00e9m \u00e9 a mesma em que a PF (Pol\u00edcia Federal) acredita que o rel\u00f3gio retornou dos EUA devido a uma outra troca de mensagens entre Cid e o segundo-tenente Osmar Crivelatti. Ao saber que o kit j\u00e1 estava em m\u00e3os do antigo subordinado, Cid escreve: &#8220;ufa&#8221;.<\/p>\n<h2 class=\"bullet\" style=\"text-align: justify;\" data-v-391fa315=\"\">TCU<\/h2>\n<p class=\"bullet\" dir=\"ltr\" style=\"text-align: justify;\" data-v-391fa315=\"\">Em 2016, o Tribunal de Contas da Uni\u00e3o (TCU) estabeleceu normas mais precisas sobre a Lei 8.394 e determinou que os presentes, mesmo que entregues em evento oficial, devem ir para o da Uni\u00e3o, em vez de virarem patrim\u00f4nio particular do presidente ap\u00f3s o fim do mandato.<\/p>\n<p class=\"bullet\" dir=\"ltr\" style=\"text-align: justify;\" data-v-391fa315=\"\">Antes disso, usava-se a interpreta\u00e7\u00e3o de que o que era entregue em cerim\u00f4nia podia ficar com os mandat\u00e1rios. O presidente at\u00e9 pode usar os presentes enquanto estiver no cargo, mas, ao fim do mandato, s\u00f3 pode levar itens considerados &#8220;personal\u00edssimos&#8221; que s\u00e3o roupas, alimentos e perfumes. A PF apura um esquema de desvio de presentes dados \u00e0 Presid\u00eancia e desviados para o patrim\u00f4nio pessoal de Jair Bolsonaro.<\/p>\n<div class=\"jupiter-paragraph-fragment\" data-v-391fa315=\"\" data-v-56b5f6a6=\"\">\n<h2 class=\"bullet mt-0\" style=\"text-align: justify;\" data-v-391fa315=\"\">&#8220;O pior \u00e9 que est\u00e1 tudo documentado&#8221;<\/h2>\n<p class=\"bullet\" dir=\"ltr\" style=\"text-align: justify;\" data-v-391fa315=\"\">No s\u00e1bado,\u00a0<a href=\"https:\/\/noticias.uol.com.br\/colunas\/juliana-dal-piva\/2023\/09\/02\/mauro-cid-joias-rolex-diamantes-wajngarten-tudo-documentado.htm\">a coluna revelou outro di\u00e1logo entre os dois.<\/a>\u00a0Cid enviou, \u00e0s 19h36, do dia 3 de mar\u00e7o, a reportagem do jornal O Estado de S. Paulo que revelava que as pe\u00e7as, avaliadas em cerca de R$ 5 milh\u00f5es, foram apreendidas no aeroporto de Guarulhos, em 2021, com um assessor do ex-ministro de Minas Bento Albuquerque e que o ex-presidente tinha tentado recuperar os itens antes de viajar para os EUA, em dezembro de 2022.<\/p>\n<p class=\"bullet\" dir=\"ltr\" style=\"text-align: justify;\" data-v-391fa315=\"\">Ap\u00f3s receber a reportagem de Cid, Wajngarten escreve ao militar: &#8220;Eu nunca vi tanta gente ignorante na minha vida&#8221;. No di\u00e1logo, por\u00e9m, n\u00e3o fica claro a quem o advogado se refere.<\/p>\n<p class=\"bullet\" dir=\"ltr\" style=\"text-align: justify;\" data-v-391fa315=\"\">Cid ent\u00e3o responde a Wajngarten: &#8220;Dif\u00edcil mesmo. O pior \u00e9 que est\u00e1 tudo documentado&#8221;.<\/p>\n<p class=\"bullet\" dir=\"ltr\" style=\"text-align: justify;\" data-v-391fa315=\"\">De acordo com as mensagens, o advogado F\u00e1bio Wajngarten passou a defender a entrega das joias para o TCU a partir do dia 7 de mar\u00e7o. Ao comentar uma reportagem que mencionava que o kit estava guardado em um galp\u00e3o, Wajngarten escreve a Cid: &#8220;Acho que t\u00ednhamos de disponibilizar o bem imediatamente atrav\u00e9s do advogado&#8221;. Naquele momento, Cid manifesta apoio: &#8220;Perfeito!&#8221;. Em 9 de mar\u00e7o, Wajngarten escreve novamente a Cid: &#8220;Tem que devolver imediatamente. \u00c9 impressionante como ningu\u00e9m pensa&#8221;.<\/p>\n<\/div>\n<div class=\"solar-box-message mb-200-lg mt-200-lg mb-100-xs mt-100-xs\" data-v-9a9dd5fc=\"\" data-v-56b5f6a6=\"\">\n<div class=\"solar-box-message-main\" data-v-9a9dd5fc=\"\">\n<div class=\"solar-box-message-main-content\" data-v-9a9dd5fc=\"\">\n<div class=\"solar-box-message-main-title\" style=\"text-align: justify;\" data-v-9a9dd5fc=\"\">\n<h4 data-v-9a9dd5fc=\"\">Reportagem<\/h4>\n<\/div>\n<div class=\"solar-box-message-main-text\" data-v-9a9dd5fc=\"\">\n<p class=\"regular-text-2\" style=\"text-align: justify;\" data-v-9a9dd5fc=\"\">Texto que relata acontecimentos, baseado em fatos e dados observados ou verificados diretamente pelo jornalista ou obtidos pelo acesso a fontes jornal\u00edsticas reconhecidas e confi\u00e1veis.<\/p>\n<\/div>\n<\/div>\n<\/div>\n<\/div>\n","protected":false},"excerpt":{"rendered":"<p>Juliana Dal Piva Colunista do UOL Ao comentar um tu\u00edte sobre o fato de as joias sauditas terem entrado de modo clandestino e, depois acabarem apreendidas na Receita Federal, o tenente-coronel Mauro Cid, ex-ajudante de ordens do ex-presidente\u00a0Jair Bolsonaro\u00a0(PL), afirmou que esse &#8220;foi o grande problema&#8221;. O colar de diamantes e o Kit Rose Gold [&hellip;]<\/p>\n","protected":false},"author":2,"featured_media":115591,"comment_status":"open","ping_status":"open","sticky":false,"template":"","format":"standard","meta":[],"categories":[113,105],"tags":[151,1066,342,2210,2211],"_links":{"self":[{"href":"https:\/\/www.blogdopaulonunes.com\/v5\/index.php\/wp-json\/wp\/v2\/posts\/115686"}],"collection":[{"href":"https:\/\/www.blogdopaulonunes.com\/v5\/index.php\/wp-json\/wp\/v2\/posts"}],"about":[{"href":"https:\/\/www.blogdopaulonunes.com\/v5\/index.php\/wp-json\/wp\/v2\/types\/post"}],"author":[{"embeddable":true,"href":"https:\/\/www.blogdopaulonunes.com\/v5\/index.php\/wp-json\/wp\/v2\/users\/2"}],"replies":[{"embeddable":true,"href":"https:\/\/www.blogdopaulonunes.com\/v5\/index.php\/wp-json\/wp\/v2\/comments?post=115686"}],"version-history":[{"count":1,"href":"https:\/\/www.blogdopaulonunes.com\/v5\/index.php\/wp-json\/wp\/v2\/posts\/115686\/revisions"}],"predecessor-version":[{"id":115687,"href":"https:\/\/www.blogdopaulonunes.com\/v5\/index.php\/wp-json\/wp\/v2\/posts\/115686\/revisions\/115687"}],"wp:featuredmedia":[{"embeddable":true,"href":"https:\/\/www.blogdopaulonunes.com\/v5\/index.php\/wp-json\/wp\/v2\/media\/115591"}],"wp:attachment":[{"href":"https:\/\/www.blogdopaulonunes.com\/v5\/index.php\/wp-json\/wp\/v2\/media?parent=115686"}],"wp:term":[{"taxonomy":"category","embeddable":true,"href":"https:\/\/www.blogdopaulonunes.com\/v5\/index.php\/wp-json\/wp\/v2\/categories?post=115686"},{"taxonomy":"post_tag","embeddable":true,"href":"https:\/\/www.blogdopaulonunes.com\/v5\/index.php\/wp-json\/wp\/v2\/tags?post=115686"}],"curies":[{"name":"wp","href":"https:\/\/api.w.org\/{rel}","templated":true}]}}