{"id":115680,"date":"2023-09-04T14:14:22","date_gmt":"2023-09-04T17:14:22","guid":{"rendered":"https:\/\/www.blogdopaulonunes.com\/v5\/?p=115680"},"modified":"2023-09-04T14:14:22","modified_gmt":"2023-09-04T17:14:22","slug":"autor-do-artigo-ser-rico-nao-e-pecado-foi-denunciado-no-esquema-pc-farias","status":"publish","type":"post","link":"https:\/\/www.blogdopaulonunes.com\/v5\/index.php\/2023\/09\/04\/autor-do-artigo-ser-rico-nao-e-pecado-foi-denunciado-no-esquema-pc-farias\/","title":{"rendered":"Autor do artigo \u201cSer rico n\u00e3o \u00e9 pecado\u201d foi denunciado no Esquema PC Farias"},"content":{"rendered":"<p class=\"p1\" style=\"text-align: justify;\">O artigo \u201cSer rico n\u00e3o \u00e9 pecado\u201d,\u00a0<a href=\"https:\/\/www1.folha.uol.com.br\/opiniao\/2023\/09\/ser-rico-nao-e-pecado.shtml\">publicado na Folha de S.Paulo<\/a>, causou pol\u00eamica pela quantidade de asneiras para defender o indefens\u00e1vel num pa\u00eds de desigualdade obscena.<\/p>\n<p class=\"p1\" style=\"text-align: justify;\">O autor, Jo\u00e3o Carlos Camargo, critica a\u00a0<span class=\"s1\">medida provis\u00f3ria do governo Lula que prev\u00ea a taxa\u00e7\u00e3o dos chamados \u201cfundos exclusivos\u201d<\/span>\u00a0e o projeto de lei, enviado ao Congresso, que cria uma tributa\u00e7\u00e3o anual sobre\u00a0<span class=\"s1\">rendimentos de aplica\u00e7\u00f5es em offshores<\/span>.<\/p>\n<p style=\"text-align: justify;\">Segundo Camargo, essa experi\u00eancia foi mal-sucedida na Europa. \u00c9 mentira. A It\u00e1lia instituiu uma taxa\u00e7\u00e3o sobre a riqueza financeira de cidad\u00e3os no exterior, a B\u00e9lgica introduziu um imposto sobre o patrim\u00f4nio financeiro dos cidad\u00e3os com fortunas a partir de 500 mil euros (R$ 3,2 milh\u00f5es), a Holanda criou o Imposto sobre Ganho Presumido de Capital, e por a\u00ed afora.<\/p>\n<p class=\"p1\" style=\"text-align: justify;\">Na verdade, a MP cria um \u201ccome-cotas\u201d sobre os fundos exclusivos e off-shore, como funciona com os demais fundos de investimentos. Acaba com um privil\u00e9gio absurdo. Camargo e companhia ser\u00e3o tratados pela Receita Federal como qualquer cidad\u00e3o brasileiro, sem nenhuma benesse s\u00f3 por serem milion\u00e1rios.<\/p>\n<p class=\"p1\" style=\"text-align: justify;\">\u201cO brasileiro que construiu seu patrim\u00f4nio deve ser admirado como o protagonista de uma jornada de sucesso. Ele n\u00e3o apenas representa um exemplo de realiza\u00e7\u00e3o, como contribui, muito concretamente, para o desenvolvimento nacional\u201d, escreve ele.<\/p>\n<p class=\"p1\" style=\"text-align: justify;\">A \u201cjornada de sucesso\u201d de Camargo \u00e9 emblem\u00e1tica. Camargo \u00e9 presidente do conselho da Esfera Brasil, empresa que promove encontros entre empres\u00e1rios e pol\u00edticos \u2014 leia-se lobby \u2013, em geral na sua casa. \u00c9 s\u00f3cio da CNN, do grupo 89 Investimentos e dono das r\u00e1dios 89 FM, Alpha e Nativa.<\/p>\n<p class=\"p1\" style=\"text-align: justify;\">Seu pai, Jos\u00e9 Camargo, foi deputado federal e empres\u00e1rio de comunica\u00e7\u00e3o e o sogro era o ex-ministro da Fazenda e ex-presidente do BNDES (Banco Nacional de Desenvolvimento Econ\u00f4mico e Social) Dilson Funaro.<\/p>\n<p class=\"p1\" style=\"text-align: justify;\">Jo\u00e3o fez parte da equipe da ex-ministra da Fazenda Z\u00e9lia Cardoso de Mello, como assessor especial. E a\u00ed a porca torce do rabo.Foi denunciado por participa\u00e7\u00e3o no \u201cEsquema PC\u201d.<\/p>\n<p class=\"p1\" style=\"text-align: justify;\">As investiga\u00e7\u00f5es come\u00e7aram com a localiza\u00e7\u00e3o de cheques \u201cfantasmas\u201d, sacados de contas-correntes abertas com nomes falsos, mas operadas por pessoas ligadas a Paulo C\u00e9sar Farias, o operador de Fernando Collor de Mello morto num motel de Alagos com a amante.<\/p>\n<p class=\"p1\" style=\"text-align: justify;\">Conforme a den\u00fancia, os gastos de hospedagem de Z\u00e9lia e de toda a equipe econ\u00f4mica na Academia de T\u00eanis, em Bras\u00edlia, foram pagos por PC Farias. Em contrapartida, Z\u00e9lia estaria envolvida, segundo o MPF, na concess\u00e3o de reajuste de tarifas de transportes rodovi\u00e1rios, favorecendo a RODONAL.<\/p>\n<p class=\"p1\" style=\"text-align: justify;\">Camargo relatou \u00e0 Justi\u00e7a que os dep\u00f3sitos eram feitos em sua conta corrente quando pedia \u00e0 ex-ministra recursos para pagar despesas de interesse dela.<\/p>\n<p class=\"p1\" style=\"text-align: justify;\">Ele foi autuado pela Receita Federal por omiss\u00e3o de rendimentos, pois n\u00e3o apresentou provas documentais de que o montante era utilizado por Z\u00e9lia.<\/p>\n","protected":false},"excerpt":{"rendered":"<p>O artigo \u201cSer rico n\u00e3o \u00e9 pecado\u201d,\u00a0publicado na Folha de S.Paulo, causou pol\u00eamica pela quantidade de asneiras para defender o indefens\u00e1vel num pa\u00eds de desigualdade obscena. O autor, Jo\u00e3o Carlos Camargo, critica a\u00a0medida provis\u00f3ria do governo Lula que prev\u00ea a taxa\u00e7\u00e3o dos chamados \u201cfundos exclusivos\u201d\u00a0e o projeto de lei, enviado ao Congresso, que cria uma [&hellip;]<\/p>\n","protected":false},"author":2,"featured_media":115681,"comment_status":"open","ping_status":"open","sticky":false,"template":"","format":"standard","meta":[],"categories":[1,105],"tags":[2206,211,2202,2199,2204,2203,2201,2205,2198,2200],"_links":{"self":[{"href":"https:\/\/www.blogdopaulonunes.com\/v5\/index.php\/wp-json\/wp\/v2\/posts\/115680"}],"collection":[{"href":"https:\/\/www.blogdopaulonunes.com\/v5\/index.php\/wp-json\/wp\/v2\/posts"}],"about":[{"href":"https:\/\/www.blogdopaulonunes.com\/v5\/index.php\/wp-json\/wp\/v2\/types\/post"}],"author":[{"embeddable":true,"href":"https:\/\/www.blogdopaulonunes.com\/v5\/index.php\/wp-json\/wp\/v2\/users\/2"}],"replies":[{"embeddable":true,"href":"https:\/\/www.blogdopaulonunes.com\/v5\/index.php\/wp-json\/wp\/v2\/comments?post=115680"}],"version-history":[{"count":1,"href":"https:\/\/www.blogdopaulonunes.com\/v5\/index.php\/wp-json\/wp\/v2\/posts\/115680\/revisions"}],"predecessor-version":[{"id":115682,"href":"https:\/\/www.blogdopaulonunes.com\/v5\/index.php\/wp-json\/wp\/v2\/posts\/115680\/revisions\/115682"}],"wp:featuredmedia":[{"embeddable":true,"href":"https:\/\/www.blogdopaulonunes.com\/v5\/index.php\/wp-json\/wp\/v2\/media\/115681"}],"wp:attachment":[{"href":"https:\/\/www.blogdopaulonunes.com\/v5\/index.php\/wp-json\/wp\/v2\/media?parent=115680"}],"wp:term":[{"taxonomy":"category","embeddable":true,"href":"https:\/\/www.blogdopaulonunes.com\/v5\/index.php\/wp-json\/wp\/v2\/categories?post=115680"},{"taxonomy":"post_tag","embeddable":true,"href":"https:\/\/www.blogdopaulonunes.com\/v5\/index.php\/wp-json\/wp\/v2\/tags?post=115680"}],"curies":[{"name":"wp","href":"https:\/\/api.w.org\/{rel}","templated":true}]}}