{"id":115404,"date":"2023-08-23T11:44:21","date_gmt":"2023-08-23T14:44:21","guid":{"rendered":"https:\/\/www.blogdopaulonunes.com\/v5\/?p=115404"},"modified":"2023-08-23T11:44:21","modified_gmt":"2023-08-23T14:44:21","slug":"pesquisa-60-dos-brasileiros-aprovam-o-desempenho-pessoal-de-lula","status":"publish","type":"post","link":"https:\/\/www.blogdopaulonunes.com\/v5\/index.php\/2023\/08\/23\/pesquisa-60-dos-brasileiros-aprovam-o-desempenho-pessoal-de-lula\/","title":{"rendered":"Pesquisa: 60% dos brasileiros aprovam o desempenho pessoal de Lula"},"content":{"rendered":"<p style=\"text-align: justify;\">Para a maioria (53,9%), governo Lula \u00e9 melhor do que o anterior. Na economia, 35% afirmam que a situa\u00e7\u00e3o melhorou, e metade dos entrevistados est\u00e1 otimista<\/p>\n<p style=\"text-align: justify;\">S\u00e3o Paulo \u2013 Pesquisa do Instituto Opini\u00e3o encomendada pelo\u00a0<a href=\"https:\/\/congressoemfoco.uol.com.br\/area\/governo\/para-maioria-dos-brasileiros-governo-lula-e-melhor-que-o-de-bolsonaro\/#:~:text=Pesquisa%20do%20Instituto%20Opini%C3%A3o%20encomendada,%2C9%25%2C%20%C3%A9%20igual\" target=\"_blank\" rel=\"noreferrer noopener\">Congresso em Foco<\/a>, divulgada nesta segunda-feira (21), revela que 59,7% dos brasileiros aprovam o trabalho pessoal do presidente Luiz In\u00e1cio Lula da Silva (PT). Os que desaprovam somam 34,1%, enquanto 6,3% que n\u00e3o sabem ou n\u00e3o responderam.<\/p>\n<p style=\"text-align: justify;\">At\u00e9 mesmo entre eleitores do ex-presidente\u00a0<a href=\"https:\/\/www.redebrasilatual.com.br\/politica\/bolsonaro-sera-preso-especialistas-analisam-possibilidade-de-prisao\/\" target=\"_blank\" rel=\"noreferrer noopener\">Jair Bolsonaro<\/a>, 22% aprovam o desempenho pessoal de Lula, mas a maioria ainda desaprova (70%), enquanto 8% n\u00e3o responderam. Entre os pr\u00f3prios eleitores, o atual presidente registra 94% de aprova\u00e7\u00e3o, contra apenas 3% que desaprovam.<\/p>\n<p style=\"text-align: justify;\">No geral, a avalia\u00e7\u00e3o pessoal do presidente \u00e9 maior no Nordeste \u2013 77% de aprova\u00e7\u00e3o, contra 25,2% que desaprovam. O pior cen\u00e1rio \u00e9 na regi\u00e3o sul, onde 50% aprovam, contra 40,7% que desaprovam.<\/p>\n<p style=\"text-align: justify;\">Em rela\u00e7\u00e3o \u00e0 avalia\u00e7\u00e3o do governo, 15,6% avaliam como \u201c\u00f3timo\u201d, enquanto outros 26,8% avaliam como \u201cbom\u201d. Al\u00e9m disso, 25,6% classificam como \u201cregular\u201d. A avalia\u00e7\u00e3o negativa soma 27,2% \u2013 \u201cruim\u201d, com 8%, e \u201cp\u00e9ssimo\u201d, 19,2%.<\/p>\n<h2 class=\"wp-block-heading\" style=\"text-align: justify;\">Lula x Bolsonaro<\/h2>\n<p style=\"text-align: justify;\">A pesquisa tamb\u00e9m revelou que 53,9% dos brasileiros consideram que o governo Lula \u00e9 melhor que o de Bolsonaro. Por outro lado, 30% consideram que a atual gest\u00e3o \u00e9 pior. Para 9,9%, \u00e9 igual. Al\u00e9m disso, os eleitores tamb\u00e9m foram perguntados sobre eventual arrependimento do voto nas \u00faltimas elei\u00e7\u00f5es. Como resultado, 94% dos que votaram em Lula dizem que n\u00e3o se arrependem. Em rela\u00e7\u00e3o a Bolsonaro, 76% manteriam o voto, mas 7% dizem que anulariam, enquanto 4% escolheriam outro candidato.<\/p>\n<h3 class=\"wp-block-heading\">Otimismo na economia<\/h3>\n<p style=\"text-align: justify;\">O\u00a0<a href=\"https:\/\/www.redebrasilatual.com.br\/economia\/mais-uma-agencia-de-risco-eleva-a-nota-do-brasil-com-o-governo-lula\/\" target=\"_blank\" rel=\"noreferrer noopener\">desempenho da economia<\/a>\u00a0\u00e9 um dos fatores que explicam a prefer\u00eancia do eleitorado por Lula. Desse modo, 35,3% dos entrevistados afirmaram que sua vida econ\u00f4mica e da sua casa \u201cmelhorou\u201d nos \u00faltimos sete meses. Para 33,9%, a situa\u00e7\u00e3o permanece igual. Por outro lado, 26.9% afirmam que \u201cpiorou\u201d.<\/p>\n<p style=\"text-align: justify;\">O otimismo do eleitorado \u00e9 ainda maior. Isso porque a metade dos brasileiros entrevistados (50,2%) afirmaram que a situa\u00e7\u00e3o econ\u00f4mica do pa\u00eds \u201cvai melhorar\u201d. Para 19,9%, vai permanecer \u201cigual\u201d, enquanto outros 22,5% acham que a economia \u201cvai piorar\u201d.<\/p>\n<p style=\"text-align: justify;\">O levantamento ouviu 2 mil eleitores entre 16 e 19 de agosto em todo o pa\u00eds. A margem de erro \u00e9 de dois pontos percentuais para mais ou para menos e o intervalo de confian\u00e7a \u00e9 de 95%.<\/p>\n","protected":false},"excerpt":{"rendered":"<p>Para a maioria (53,9%), governo Lula \u00e9 melhor do que o anterior. Na economia, 35% afirmam que a situa\u00e7\u00e3o melhorou, e metade dos entrevistados est\u00e1 otimista S\u00e3o Paulo \u2013 Pesquisa do Instituto Opini\u00e3o encomendada pelo\u00a0Congresso em Foco, divulgada nesta segunda-feira (21), revela que 59,7% dos brasileiros aprovam o trabalho pessoal do presidente Luiz In\u00e1cio Lula [&hellip;]<\/p>\n","protected":false},"author":2,"featured_media":115405,"comment_status":"open","ping_status":"open","sticky":false,"template":"","format":"standard","meta":[],"categories":[130,105],"tags":[2014,1298,2013,138,1707,1873],"_links":{"self":[{"href":"https:\/\/www.blogdopaulonunes.com\/v5\/index.php\/wp-json\/wp\/v2\/posts\/115404"}],"collection":[{"href":"https:\/\/www.blogdopaulonunes.com\/v5\/index.php\/wp-json\/wp\/v2\/posts"}],"about":[{"href":"https:\/\/www.blogdopaulonunes.com\/v5\/index.php\/wp-json\/wp\/v2\/types\/post"}],"author":[{"embeddable":true,"href":"https:\/\/www.blogdopaulonunes.com\/v5\/index.php\/wp-json\/wp\/v2\/users\/2"}],"replies":[{"embeddable":true,"href":"https:\/\/www.blogdopaulonunes.com\/v5\/index.php\/wp-json\/wp\/v2\/comments?post=115404"}],"version-history":[{"count":1,"href":"https:\/\/www.blogdopaulonunes.com\/v5\/index.php\/wp-json\/wp\/v2\/posts\/115404\/revisions"}],"predecessor-version":[{"id":115406,"href":"https:\/\/www.blogdopaulonunes.com\/v5\/index.php\/wp-json\/wp\/v2\/posts\/115404\/revisions\/115406"}],"wp:featuredmedia":[{"embeddable":true,"href":"https:\/\/www.blogdopaulonunes.com\/v5\/index.php\/wp-json\/wp\/v2\/media\/115405"}],"wp:attachment":[{"href":"https:\/\/www.blogdopaulonunes.com\/v5\/index.php\/wp-json\/wp\/v2\/media?parent=115404"}],"wp:term":[{"taxonomy":"category","embeddable":true,"href":"https:\/\/www.blogdopaulonunes.com\/v5\/index.php\/wp-json\/wp\/v2\/categories?post=115404"},{"taxonomy":"post_tag","embeddable":true,"href":"https:\/\/www.blogdopaulonunes.com\/v5\/index.php\/wp-json\/wp\/v2\/tags?post=115404"}],"curies":[{"name":"wp","href":"https:\/\/api.w.org\/{rel}","templated":true}]}}