{"id":115401,"date":"2023-08-23T11:33:48","date_gmt":"2023-08-23T14:33:48","guid":{"rendered":"https:\/\/www.blogdopaulonunes.com\/v5\/?p=115401"},"modified":"2023-08-23T11:33:48","modified_gmt":"2023-08-23T14:33:48","slug":"voos-diretos-vitoria-da-conquista-salvador","status":"publish","type":"post","link":"https:\/\/www.blogdopaulonunes.com\/v5\/index.php\/2023\/08\/23\/voos-diretos-vitoria-da-conquista-salvador\/","title":{"rendered":"Voos diretos Vit\u00f3ria da Conquista &#8211; Salvador"},"content":{"rendered":"<p>&nbsp;<\/p>\n<p style=\"text-align: justify;\">Ontem \u00e0 tarde tivemos uma reuni\u00e3o com o Deputado Estadual Fabr\u00edcio Falc\u00e3o e Mauricio Bacellar, Secret\u00e1rio de Turismo do Estado da Bahia, tratando do voo direto ligando Conquista \u00e0 Capital Baiana.<br \/>\nUma reuni\u00e3o extremamente proveitosa e com excelentes expectativas, segundo o secret\u00e1rio, nos pr\u00f3ximos dias ser\u00e1 anunciada a continuidade dos voos diretos ligando as duas cidades.<br \/>\nO secret\u00e1rio aproveitou para ressaltar a import\u00e2ncia de Vit\u00f3ria da Conquista como portal da Chapada Diamantina, inclusive com as a\u00e7\u00f5es que o Governo da Bahia tem implementado para o fortalecimento do Turismo na regi\u00e3o sudoeste.<br \/>\nEsperamos portanto, que em breve teremos boas not\u00edcias.<\/p>\n<p style=\"text-align: justify;\">JOS\u00c9 MARIA CAIRES<\/p>\n","protected":false},"excerpt":{"rendered":"<p>&nbsp; Ontem \u00e0 tarde tivemos uma reuni\u00e3o com o Deputado Estadual Fabr\u00edcio Falc\u00e3o e Mauricio Bacellar, Secret\u00e1rio de Turismo do Estado da Bahia, tratando do voo direto ligando Conquista \u00e0 Capital Baiana. Uma reuni\u00e3o extremamente proveitosa e com excelentes expectativas, segundo o secret\u00e1rio, nos pr\u00f3ximos dias ser\u00e1 anunciada a continuidade dos voos diretos ligando as [&hellip;]<\/p>\n","protected":false},"author":2,"featured_media":115402,"comment_status":"open","ping_status":"open","sticky":false,"template":"","format":"standard","meta":[],"categories":[104,105],"tags":[382,150,2012],"_links":{"self":[{"href":"https:\/\/www.blogdopaulonunes.com\/v5\/index.php\/wp-json\/wp\/v2\/posts\/115401"}],"collection":[{"href":"https:\/\/www.blogdopaulonunes.com\/v5\/index.php\/wp-json\/wp\/v2\/posts"}],"about":[{"href":"https:\/\/www.blogdopaulonunes.com\/v5\/index.php\/wp-json\/wp\/v2\/types\/post"}],"author":[{"embeddable":true,"href":"https:\/\/www.blogdopaulonunes.com\/v5\/index.php\/wp-json\/wp\/v2\/users\/2"}],"replies":[{"embeddable":true,"href":"https:\/\/www.blogdopaulonunes.com\/v5\/index.php\/wp-json\/wp\/v2\/comments?post=115401"}],"version-history":[{"count":1,"href":"https:\/\/www.blogdopaulonunes.com\/v5\/index.php\/wp-json\/wp\/v2\/posts\/115401\/revisions"}],"predecessor-version":[{"id":115403,"href":"https:\/\/www.blogdopaulonunes.com\/v5\/index.php\/wp-json\/wp\/v2\/posts\/115401\/revisions\/115403"}],"wp:featuredmedia":[{"embeddable":true,"href":"https:\/\/www.blogdopaulonunes.com\/v5\/index.php\/wp-json\/wp\/v2\/media\/115402"}],"wp:attachment":[{"href":"https:\/\/www.blogdopaulonunes.com\/v5\/index.php\/wp-json\/wp\/v2\/media?parent=115401"}],"wp:term":[{"taxonomy":"category","embeddable":true,"href":"https:\/\/www.blogdopaulonunes.com\/v5\/index.php\/wp-json\/wp\/v2\/categories?post=115401"},{"taxonomy":"post_tag","embeddable":true,"href":"https:\/\/www.blogdopaulonunes.com\/v5\/index.php\/wp-json\/wp\/v2\/tags?post=115401"}],"curies":[{"name":"wp","href":"https:\/\/api.w.org\/{rel}","templated":true}]}}