{"id":115399,"date":"2023-08-23T10:46:35","date_gmt":"2023-08-23T13:46:35","guid":{"rendered":"https:\/\/www.blogdopaulonunes.com\/v5\/?p=115399"},"modified":"2023-08-23T10:46:35","modified_gmt":"2023-08-23T13:46:35","slug":"mandei-qual-o-problema-diz-bolsonaro-sobre-mensagem-a-empresario-com-ataques-ao-stf","status":"publish","type":"post","link":"https:\/\/www.blogdopaulonunes.com\/v5\/index.php\/2023\/08\/23\/mandei-qual-o-problema-diz-bolsonaro-sobre-mensagem-a-empresario-com-ataques-ao-stf\/","title":{"rendered":"\u201cMandei, qual o problema?\u201d, diz Bolsonaro sobre mensagem a empres\u00e1rio com ataques ao STF"},"content":{"rendered":"<h5 class=\"Text__TextBase-sc-1d75gww-0 krYrZY noticiaCabecalho__subtitulo\" style=\"text-align: justify;\">No texto enviado a empres\u00e1rio, Bolsonaro insinuava fraude nas elei\u00e7\u00f5es e fazia cr\u00edticas direta ao ministro Lu\u00eds Roberto Barroso<\/h5>\n<p style=\"text-align: justify;\">O ex-presidente Jair Bolsonaro (PL) confirmou nesta quarta-feira (23\/8) que\u00a0<a href=\"https:\/\/www.metropoles.com\/colunas\/guilherme-amado\/exclusivo-empresarios-enviaram-mensagens-assinadas-por-bolsonaro-com-ataques-ao-stf-e-fake-news\" target=\"_blank\" rel=\"noopener\">enviou uma mensagem com ataques ao Supremo Tribunal Federal (STF) e ao Tribunal Superior Eleitoral (TSE)<\/a>\u00a0a um empres\u00e1rio. No texto, Bolsonaro insinuava fraude nas elei\u00e7\u00f5es e fazia cr\u00edticas direta ao ministro Lu\u00eds Roberto Barroso.<\/p>\n<p style=\"text-align: justify;\" data-gtm-vis-recent-on-screen-104869357_94=\"95760\" data-gtm-vis-first-on-screen-104869357_94=\"95761\" data-gtm-vis-total-visible-time-104869357_94=\"100\" data-gtm-vis-has-fired-104869357_94=\"1\">\u201cEu mandei para o Meyer, qual o problema? O [ministro Lu\u00eds Roberto] Barroso tinha falado no exterior [sobre a derrota da proposta do voto impresso na C\u00e2mara, em 2021], eu sempre fui um defensor do voto impresso\u201d, disse o ex-presidente \u00e0\u00a0<a href=\"https:\/\/www1.folha.uol.com.br\/poder\/2023\/08\/mandei-qual-o-problema-diz-bolsonaro-sobre-mensagem-contra-o-stf.shtml\" rel=\"noopener\"><em>Folha de S. Paulo<\/em><\/a>, durante viagem de avi\u00e3o entre Bras\u00edlia e S\u00e3o Paulo,\u00a0<a href=\"https:\/\/www.metropoles.com\/brasil\/bolsonaro-e-internado-em-hospital-de-sao-paulo\" target=\"_blank\" rel=\"noopener\">onde foi internado para exames de rotina ap\u00f3s o atentado com faca em 2018<\/a>.<\/p>\n<p><a href=\"https:\/\/www.metropoles.com\/colunas\/guilherme-amado\/exclusivo-empresarios-enviaram-mensagens-assinadas-por-bolsonaro-com-ataques-ao-stf-e-fake-news\" target=\"_blank\" rel=\"noopener\">Exclusivo. Empres\u00e1rios enviaram mensagens assinadas por Bolsonaro com ataques ao STF e fake news<\/a><\/p>\n<p style=\"text-align: justify;\">A mensagem em quest\u00e3o foi enviada por Bolsonaro ao empres\u00e1rio Meyer Nigri, e foi alvo de investiga\u00e7\u00e3o da Pol\u00edcia Federal. O ex-presidente foi intimado pela PF para depor no \u00e2mbito desta apura\u00e7\u00e3o.<\/p>\n<div class=\"m-news-list-content m-related-news\">\n<h5>Mais sobre o assunto<\/h5>\n<ul class=\"columns is-multiline\">\n<li class=\"column is-half-tablet is-full\">\n<article class=\"m-feed m-feed-small \">\n<div class=\"m-box-text\">\n<h6 class=\"m-title\"><\/h6>\n<\/div>\n<\/article>\n<\/li>\n<li class=\"column is-half-tablet is-full\">\n<article class=\"m-feed m-feed-small \">\n<div class=\"m-box-text\">\n<h6 class=\"m-title\"><a href=\"https:\/\/www.metropoles.com\/brasil\/bolsonaro-foi-internado-para-exames-por-causa-de-sequelas-do-atentado\">\u201cExames decorrem do atentado contra sua vida\u201d, diz assessor sobre interna\u00e7\u00e3o de Bolsonaro<\/a><\/h6>\n<\/div>\n<\/article>\n<\/li>\n<li class=\"column is-half-tablet is-full\">\n<article class=\"m-feed m-feed-small \">\n<div class=\"m-box-text\">\n<h6 class=\"m-title\"><a href=\"https:\/\/www.metropoles.com\/colunas\/grande-angular\/antes-de-internacao-bolsonaro-pegou-aviao-de-brasilia-a-sp-video\">Em avi\u00e3o, deputado brinca com Bolsonaro ap\u00f3s harmoniza\u00e7\u00e3o: \u201cFicou mais jovem\u201d<\/a><\/h6>\n<\/div>\n<\/article>\n<\/li>\n<li class=\"column is-half-tablet is-full\">\n<article class=\"m-feed m-feed-small \">\n<div class=\"m-box-text\">\n<h6 class=\"m-title\"><a href=\"https:\/\/www.metropoles.com\/brasil\/bolsonaro-e-internado-em-hospital-de-sao-paulo\">Bolsonaro \u00e9 internado em hospital de S\u00e3o Paulo<\/a><\/h6>\n<\/div>\n<\/article>\n<\/li>\n<\/ul>\n<\/div>\n<p style=\"text-align: justify;\">No texto, encaminhado por Bolsonaro, ele diz que \u201cBarroso faz peregrina\u00e7\u00e3o no exterior sobre o atual processo eleitoral brasileiro, como sendo algo seguro e confi\u00e1vel\u201d<\/p>\n<p style=\"text-align: justify;\">\u201cO pior, mente sobre o que se tentou aprovar em 2021: o veto impresso ao lado da urna eletr\u00f4nica, quando ele se reuniu com lideran\u00e7as partid\u00e1rias e o Voto Impresso foi derrotado. Isso chama-se INTERFERENCIA\u201d.<\/p>\n<p style=\"text-align: justify;\">\u201cTodo esse desservi\u00e7o \u00e0 Democracia dos 3 ministros do TSE\u00a0<a href=\"https:\/\/www1.folha.uol.com.br\/folha-topicos\/stf\/\" rel=\"noopener\">STF<\/a>\u00a0faz somente aumentar a desconfian\u00e7a de fraudes preparadas por ocasi\u00e3o das\u00a0<a href=\"https:\/\/www1.folha.uol.com.br\/folha-topicos\/eleicoes\/\" rel=\"noopener\">elei\u00e7\u00f5es<\/a>. O Datafolha infla os n\u00fameros de Lula para dar respaldo ao TSE por ocasi\u00e3o do an\u00fancio do resultado eleitoral REPASSE AO M\u00c1XIMO\u201d, informa a mensagem.<\/p>\n<p>&nbsp;<\/p>\n","protected":false},"excerpt":{"rendered":"<p>No texto enviado a empres\u00e1rio, Bolsonaro insinuava fraude nas elei\u00e7\u00f5es e fazia cr\u00edticas direta ao ministro Lu\u00eds Roberto Barroso O ex-presidente Jair Bolsonaro (PL) confirmou nesta quarta-feira (23\/8) que\u00a0enviou uma mensagem com ataques ao Supremo Tribunal Federal (STF) e ao Tribunal Superior Eleitoral (TSE)\u00a0a um empres\u00e1rio. No texto, Bolsonaro insinuava fraude nas elei\u00e7\u00f5es e fazia [&hellip;]<\/p>\n","protected":false},"author":2,"featured_media":113736,"comment_status":"open","ping_status":"open","sticky":false,"template":"","format":"standard","meta":[],"categories":[127,105],"tags":[151,2011,2010,480],"_links":{"self":[{"href":"https:\/\/www.blogdopaulonunes.com\/v5\/index.php\/wp-json\/wp\/v2\/posts\/115399"}],"collection":[{"href":"https:\/\/www.blogdopaulonunes.com\/v5\/index.php\/wp-json\/wp\/v2\/posts"}],"about":[{"href":"https:\/\/www.blogdopaulonunes.com\/v5\/index.php\/wp-json\/wp\/v2\/types\/post"}],"author":[{"embeddable":true,"href":"https:\/\/www.blogdopaulonunes.com\/v5\/index.php\/wp-json\/wp\/v2\/users\/2"}],"replies":[{"embeddable":true,"href":"https:\/\/www.blogdopaulonunes.com\/v5\/index.php\/wp-json\/wp\/v2\/comments?post=115399"}],"version-history":[{"count":1,"href":"https:\/\/www.blogdopaulonunes.com\/v5\/index.php\/wp-json\/wp\/v2\/posts\/115399\/revisions"}],"predecessor-version":[{"id":115400,"href":"https:\/\/www.blogdopaulonunes.com\/v5\/index.php\/wp-json\/wp\/v2\/posts\/115399\/revisions\/115400"}],"wp:featuredmedia":[{"embeddable":true,"href":"https:\/\/www.blogdopaulonunes.com\/v5\/index.php\/wp-json\/wp\/v2\/media\/113736"}],"wp:attachment":[{"href":"https:\/\/www.blogdopaulonunes.com\/v5\/index.php\/wp-json\/wp\/v2\/media?parent=115399"}],"wp:term":[{"taxonomy":"category","embeddable":true,"href":"https:\/\/www.blogdopaulonunes.com\/v5\/index.php\/wp-json\/wp\/v2\/categories?post=115399"},{"taxonomy":"post_tag","embeddable":true,"href":"https:\/\/www.blogdopaulonunes.com\/v5\/index.php\/wp-json\/wp\/v2\/tags?post=115399"}],"curies":[{"name":"wp","href":"https:\/\/api.w.org\/{rel}","templated":true}]}}