{"id":115263,"date":"2023-08-12T15:00:24","date_gmt":"2023-08-12T18:00:24","guid":{"rendered":"https:\/\/www.blogdopaulonunes.com\/v5\/?p=115263"},"modified":"2023-08-12T15:00:24","modified_gmt":"2023-08-12T18:00:24","slug":"escandalo-das-joias-veja-os-principais-pontos-da-investigacao-que-envolve-bolsonaro","status":"publish","type":"post","link":"https:\/\/www.blogdopaulonunes.com\/v5\/index.php\/2023\/08\/12\/escandalo-das-joias-veja-os-principais-pontos-da-investigacao-que-envolve-bolsonaro\/","title":{"rendered":"Esc\u00e2ndalo das joias: veja os principais pontos da investiga\u00e7\u00e3o que envolve Bolsonaro"},"content":{"rendered":"<div class=\"\">\n<div id=\"taboola-mid-article-reco-reel\" class=\"trc_related_container trc_spotlight_widget trc_elastic trc_elastic_rec-reel-2n5-a\" data-placement-name=\"Mid Article Reco Reel\">\n<div class=\"trc_rbox_container tbl-reco-reel story-widget tbl-reco-reel-text-under-slide-in story-widget-text-under-slide-in tbl-reco-reel-desktop tbl-story-desktop\"><\/div>\n<\/div>\n<\/div>\n<h5 class=\"Text__TextBase-sc-1d75gww-0 ehvfEw noticiaCabecalho__subtitulo\" style=\"text-align: justify;\">Investiga\u00e7\u00e3o recai diretamente sobre Bolsonaro, uma vez que a Pol\u00edcia Federal aponta a participa\u00e7\u00e3o do ex-presidente no esc\u00e2ndalo<\/h5>\n<p style=\"text-align: justify;\" data-gtm-vis-recent-on-screen-104869357_94=\"40570\" data-gtm-vis-first-on-screen-104869357_94=\"40570\" data-gtm-vis-total-visible-time-104869357_94=\"100\" data-gtm-vis-has-fired-104869357_94=\"1\">Mais uma opera\u00e7\u00e3o da Pol\u00edcia Federal (PF) atingiu nomes pr\u00f3ximos ao ex-presidente\u00a0<a href=\"https:\/\/www.metropoles.com\/tag\/jair-bolsonaro\">Jair Bolsonaro<\/a>\u00a0(PL). Por determina\u00e7\u00e3o do ministro do\u00a0<a href=\"https:\/\/www.metropoles.com\/tag\/stf\">Supremo Tribunal Federal (STF)<\/a>\u00a0Alexandre de Moraes, nessa sexta-feira (11\/8), a PF\u00a0<a href=\"https:\/\/www.metropoles.com\/brasil\/pf-ve-indicios-de-que-bolsonaro-agiu-em-conluio-e-determinou-desvio-de-joias\">cumpriu mandados de busca e apreens\u00e3o relacionados a um esquema de venda de bens entregues por autoridades estrangeiras ao ex-presidente<\/a>.<\/p>\n<p style=\"text-align: justify;\" data-gtm-vis-recent-on-screen-104869357_94=\"40570\" data-gtm-vis-first-on-screen-104869357_94=\"40570\" data-gtm-vis-total-visible-time-104869357_94=\"100\" data-gtm-vis-has-fired-104869357_94=\"1\">A investiga\u00e7\u00e3o recai diretamente sobre Bolsonaro, uma vez que a Pol\u00edcia Federal considerou que o valor arrecadado com a venda dos itens teria a finalidade de ser incorporado ao patrim\u00f4nio do ex-presidente.<\/p>\n<p style=\"text-align: justify;\">Os investigadores da\u00a0<a href=\"https:\/\/www.metropoles.com\/tag\/policia-federal\">Pol\u00edcia Federal<\/a>\u00a0deram o nome \u00e0 opera\u00e7\u00e3o de \u201cLucas 12:2\u201d. O t\u00edtulo faz refer\u00eancia ao seguinte trecho b\u00edblico: \u201cN\u00e3o h\u00e1 nada escondido que n\u00e3o venha a ser descoberto, ou oculto que n\u00e3o venha a ser conhecido\u201d.<\/p>\n<p>Em poucos pontos, entenda a investiga\u00e7\u00e3o:<\/p>\n<h4>Quem foram os alvos e qual o papel de cada um?<\/h4>\n<p style=\"text-align: justify;\">Na opera\u00e7\u00e3o dessa sexta-feira (11\/8), a PF cumpriu mandados de busca e apreens\u00e3o contra o pai do ex-ajudante de ordens Mauro Cid, o ex-advogado da fam\u00edlia do ex-presidente e um assessor de Bolsonaro.<\/p>\n<p style=\"text-align: justify;\"><a href=\"https:\/\/www.metropoles.com\/colunas\/rodrigo-rangel\/o-papel-do-pai-de-cid-general-da-reserva-do-exercito-no-rolo-das-joias\">Mauro Cesar Lourena Cid<\/a>, pai do tenente-coronel e ex-ajudante de ordens Mauro Cesar Cid, ocupou cargo no escrit\u00f3rio da Apex (Ag\u00eancia Brasileira de Promo\u00e7\u00e3o de Exporta\u00e7\u00f5es e Investimentos) em Miami. Segundo a PF, ele teria negociado a venda dos itens nos Estados Unidos.<\/p>\n<p style=\"text-align: justify;\"><a href=\"https:\/\/www.metropoles.com\/tag\/frederick-wassef\">Frederick Wassef, por sua vez, advogado da fam\u00edlia Bolsonaro<\/a>, entrou em a\u00e7\u00e3o ap\u00f3s o caso do desvio de um kit contendo um rel\u00f3gio da marca Rolex. O advogado chegou a ir aos Estados Unidos recuperar o item, que foi entregue a Cid.<\/p>\n<figure id=\"attachment_115265\" aria-describedby=\"caption-attachment-115265\" style=\"width: 320px\" class=\"wp-caption alignnone\"><img loading=\"lazy\" class=\"wp-image-115265 size-full\" src=\"https:\/\/www.blogdopaulonunes.com\/v5\/wp-content\/uploads\/2023\/08\/Wassefnaro9.png\" alt=\"\" width=\"320\" height=\"212\" \/><figcaption id=\"caption-attachment-115265\" class=\"wp-caption-text\">Advogado Frederic Wassef<\/figcaption><\/figure>\n<p>J\u00e1 o tenente do Ex\u00e9rcito Osmar Crivelatti, assessor de Bolsonaro, teria atuado tanto nas negocia\u00e7\u00f5es dos conjuntos quanto para recuperar os itens.<\/p>\n<figure id=\"attachment_115264\" aria-describedby=\"caption-attachment-115264\" style=\"width: 232px\" class=\"wp-caption alignnone\"><img loading=\"lazy\" class=\"wp-image-115264 size-full\" src=\"https:\/\/www.blogdopaulonunes.com\/v5\/wp-content\/uploads\/2023\/08\/General-Cid9.png\" alt=\"\" width=\"232\" height=\"162\" \/><figcaption id=\"caption-attachment-115264\" class=\"wp-caption-text\">General Mauro Lorena CID, pai do coronel Cid<\/figcaption><\/figure>\n<h4>De quem partiu a determina\u00e7\u00e3o?<\/h4>\n<p>A determina\u00e7\u00e3o de busca e apreens\u00e3o partiu do ministro Alexandre de Moraes. O despacho judicial se baseou em informa\u00e7\u00f5es colhidas pela PF no \u00e2mbito do\u00a0<a href=\"https:\/\/www.metropoles.com\/brasil\/stf-prorroga-inquerito-sobre-milicias-digitais-pela-setima-vez\">Inqu\u00e9rito 4.874<\/a>, que investiga a exist\u00eancia de mil\u00edcia digital contra o Estado Democr\u00e1tico de Direito.<\/p>\n<p style=\"text-align: justify;\">A investiga\u00e7\u00e3o, que ocorre desde julho de 2021, por\u00e9m, se ampliou. Em maio de 2022, Moraes determinou que as averigua\u00e7\u00f5es sobre a atua\u00e7\u00e3o de mil\u00edcias digitais e acerca dos ataques do presidente Bolsonaro \u00e0s urnas eletr\u00f4nicas caminhassem em conjunto.<\/p>\n<p style=\"text-align: justify;\">Os investigadores afirmam ter identificado uma organiza\u00e7\u00e3o criminosa que atuava em cinco eixos, sendo um deles o uso da estrutura do Estado para obten\u00e7\u00e3o de vantagens. Nesse sentido, foi constatado o desvio de bens de alto valor patrimonial entregues por autoridades estrangeiras.<\/p>\n<p style=\"text-align: justify;\">Em outro ramo do inqu\u00e9rito, que apura a inser\u00e7\u00e3o de dados falsos de vacina\u00e7\u00e3o contra a\u00a0<a href=\"https:\/\/www.metropoles.com\/tag\/covid-19\" target=\"_blank\" rel=\"noopener\">Covid-19<\/a>\u00a0nos sistemas do Minist\u00e9rio da Sa\u00fade, Cid foi preso em 3 de maio no \u00e2mbito da Opera\u00e7\u00e3o Venire.<\/p>\n<h4>Quais itens est\u00e3o no foco?<\/h4>\n<p style=\"text-align: justify;\">A decis\u00e3o de Moraes descreve a tentativa de venda de quatro conjuntos. Um deles \u00e9 composto por esculturas de barco e palmeira, entregues a Bolsonaro na cidade de Manama, no Reino do Bahrein, em novembro de 2021.<\/p>\n<p style=\"text-align: justify;\">Segundo a decis\u00e3o, Cid e o pai, em conjunto com os assessores\u00a0<a href=\"https:\/\/www.metropoles.com\/colunas\/igor-gadelha\/militar-alvo-da-pf-e-seguranca-de-bolsonaro-e-ganha-rs-25-mil\">Crivelatti<\/a>\u00a0e Marcelo C\u00e2mara, remeteram o conjunto a lojas nos Estados Unidos. A venda do material, no entanto, n\u00e3o se concretizou somente em raz\u00e3o do baixo valor das esculturas.<\/p>\n<p>A pol\u00edcia considera que h\u00e1 ind\u00edcios de que as esculturas possam ter sido desviadas do patrim\u00f4nio p\u00fablico, sem sequer terem sido submetidas ao Gabinete Adjunto de Documenta\u00e7\u00e3o Hist\u00f3rica (GADH).<\/p>\n<p style=\"text-align: justify;\">Outro conjunto negociado \u00e9 um kit masculino da marca Chopard, que inclui caneta, anel, abotoadura, ros\u00e1rio \u00e1rabe e um rel\u00f3gio. O material foi recebido pelo ent\u00e3o ministro de Minas e Energia,\u00a0<a href=\"https:\/\/www.metropoles.com\/brasil\/relatorio-de-viagem-de-bento-albuquerque-a-arabia-nao-menciona-joias\">Bento Albuquerque, ap\u00f3s viagem \u00e0 Ar\u00e1bia Saudita<\/a>, em outubro de 2021, como revelou reportagem do Estado de S. Paulo.<\/p>\n<p style=\"text-align: justify;\">No fim de 2022, o item foi levado aos EUA no avi\u00e3o da Presid\u00eancia e colocado \u00e0 venda em leil\u00e3o, em 8 de fevereiro de 2023, mas acabou n\u00e3o sendo arrematado. Ap\u00f3s o caso ser revelado, os objetos foram recuperados em Nova Iorque e entregues ao Tribunal de Contas da Uni\u00e3o (TCU).<\/p>\n<p style=\"text-align: justify;\">H\u00e1 um terceiro item, um kit de joias, que inclui anel, abotoaduras, ros\u00e1rio isl\u00e2mico e rel\u00f3gio da marca Rolex. O material foi dado ao ex-presidente em visita oficial \u00e0 Ar\u00e1bia Saudita, em outubro de 2019, e vendido em junho de 2022, nos Estados Unidos.<\/p>\n<p style=\"text-align: justify;\">Diante da repercuss\u00e3o do caso, em mar\u00e7o de 2023, Wassef buscou apenas o rel\u00f3gio nos EUA e o entregou a Cid. Por fim, ele o encaminhou a Crivelatti. O restante das joias foi recuperado por Cid em 27 de mar\u00e7o, quando viajou a Miami, nos Estados Unidos. Somente em abril de 2023, o kit foi entregue \u00e0 Caixa Econ\u00f4mica Federal.<\/p>\n<p style=\"text-align: justify;\">Na decis\u00e3o ainda consta um rel\u00f3gio Patek Philippe, vendido com o Rolex. A PF aponta que o item foi presente para Bolsonaro, em novembro de 2021, dado por autoridades do Bahrein.<\/p>\n<p style=\"text-align: justify;\">A corpora\u00e7\u00e3o, no entanto, destaca que o bem sequer foi submetido \u00e0 GADH e \u201cteria sido desviado, de forma direta, ao patrim\u00f4nio do ex-presidente\u201d. At\u00e9 o momento, n\u00e3o h\u00e1 ind\u00edcios de que tenha sido recuperado.<\/p>\n<h4 style=\"text-align: justify;\">Como as joias chegaram aos EUA?<\/h4>\n<p style=\"text-align: justify;\">De acordo com relat\u00f3rio da pol\u00edcia que embasou a determina\u00e7\u00e3o de Moraes, a maior parte dos materiais foram levados aos Estados Unidos em dezembro de 2022, quando\u00a0<a href=\"https:\/\/www.metropoles.com\/brasil\/politica-brasil\/bolsonaro-embarca-para-os-eua-onde-passara-por-periodo-sabatico\">Bolsonaro viajou com comitiva dias antes de terminar o mandato<\/a>.<\/p>\n<p style=\"text-align: justify;\">Em 30 de dezembro, Bolsonaro e sua equipe de assessores deixaram o Pal\u00e1cio do Planalto em carros descaracterizados e embarcaram no Airbus 319 da For\u00e7a A\u00e9rea Brasileira (FAB). O destino era Orlando, no estado da Fl\u00f3rida, nos Estados Unidos.<\/p>\n<p style=\"text-align: justify;\">Segundo trecho da decis\u00e3o, por\u00e9m, um dos conjuntos foi levado aos EUA ainda em junho de 2022, quando Bolsonaro viajou ao pa\u00eds para participar da C\u00fapula das Am\u00e9ricas. Nesse kit estaria o Rolex, vendido e depois recuperado por Wassef.<\/p>\n<h4>Quais s\u00e3o as hip\u00f3teses da PF?<\/h4>\n<p style=\"text-align: justify;\">A PF aponta que as mensagens trocadas entre os ex-assessores mostram haver \u201cum esquema de peculato para desviar o acervo privado do ex-Presidente da Rep\u00fablica Jair Bolsonaro, os presentes de alto valor recebidos de autoridades estrangeiras, para posterior venda e enriquecimento il\u00edcito do ex-Presidente\u201d.<\/p>\n<p style=\"text-align: justify;\">A PF formulou duas hip\u00f3teses criminais pelas informa\u00e7\u00f5es compiladas, no per\u00edodo compreendido entre 2019 at\u00e9 o dia 31 de dezembro de 2022, em Bras\u00edlia e outros locais.<\/p>\n<p style=\"text-align: justify;\">Uma delas \u00e9 que Bolsonaro, os ajudantes de ordens, Mauro Cid e Osmar Crivelatti, os assessores Marcelo C\u00e2mara e Marcelo da Silva Vieira, e outras pessoas n\u00e3o identificadas, \u201cuniram-se, com unidade de des\u00edgnios, com o objetivo de desviar, em proveito do ex-presidente Jair Bolsonaro, presentes (ao menos tr\u00eas conjuntos de alto valor patrimonial) por ele recebidos em raz\u00e3o de seu cargo, ou por autoridades brasileiras em seu nome, entregues por autoridades estrangeiras.<\/p>\n<p style=\"text-align: justify;\">A segunda hip\u00f3tese investigada \u00e9 que Bolsonaro, Cid, o pai dele, Marcelo C\u00e2mara e Crivelatti venderam os presentes, mantiveram os \u201crecursos acautelados e sob responsabilidade do general da reserva Mauro Cesar Lourena Cid e, posteriormente, [foram] transferidos, em dinheiro em esp\u00e9cie, para a posse de Jair Bolsonaro\u201d.<\/p>\n","protected":false},"excerpt":{"rendered":"<p>Investiga\u00e7\u00e3o recai diretamente sobre Bolsonaro, uma vez que a Pol\u00edcia Federal aponta a participa\u00e7\u00e3o do ex-presidente no esc\u00e2ndalo Mais uma opera\u00e7\u00e3o da Pol\u00edcia Federal (PF) atingiu nomes pr\u00f3ximos ao ex-presidente\u00a0Jair Bolsonaro\u00a0(PL). Por determina\u00e7\u00e3o do ministro do\u00a0Supremo Tribunal Federal (STF)\u00a0Alexandre de Moraes, nessa sexta-feira (11\/8), a PF\u00a0cumpriu mandados de busca e apreens\u00e3o relacionados a um esquema [&hellip;]<\/p>\n","protected":false},"author":2,"featured_media":115266,"comment_status":"open","ping_status":"open","sticky":false,"template":"","format":"standard","meta":[],"categories":[75,72],"tags":[],"_links":{"self":[{"href":"https:\/\/www.blogdopaulonunes.com\/v5\/index.php\/wp-json\/wp\/v2\/posts\/115263"}],"collection":[{"href":"https:\/\/www.blogdopaulonunes.com\/v5\/index.php\/wp-json\/wp\/v2\/posts"}],"about":[{"href":"https:\/\/www.blogdopaulonunes.com\/v5\/index.php\/wp-json\/wp\/v2\/types\/post"}],"author":[{"embeddable":true,"href":"https:\/\/www.blogdopaulonunes.com\/v5\/index.php\/wp-json\/wp\/v2\/users\/2"}],"replies":[{"embeddable":true,"href":"https:\/\/www.blogdopaulonunes.com\/v5\/index.php\/wp-json\/wp\/v2\/comments?post=115263"}],"version-history":[{"count":1,"href":"https:\/\/www.blogdopaulonunes.com\/v5\/index.php\/wp-json\/wp\/v2\/posts\/115263\/revisions"}],"predecessor-version":[{"id":115267,"href":"https:\/\/www.blogdopaulonunes.com\/v5\/index.php\/wp-json\/wp\/v2\/posts\/115263\/revisions\/115267"}],"wp:featuredmedia":[{"embeddable":true,"href":"https:\/\/www.blogdopaulonunes.com\/v5\/index.php\/wp-json\/wp\/v2\/media\/115266"}],"wp:attachment":[{"href":"https:\/\/www.blogdopaulonunes.com\/v5\/index.php\/wp-json\/wp\/v2\/media?parent=115263"}],"wp:term":[{"taxonomy":"category","embeddable":true,"href":"https:\/\/www.blogdopaulonunes.com\/v5\/index.php\/wp-json\/wp\/v2\/categories?post=115263"},{"taxonomy":"post_tag","embeddable":true,"href":"https:\/\/www.blogdopaulonunes.com\/v5\/index.php\/wp-json\/wp\/v2\/tags?post=115263"}],"curies":[{"name":"wp","href":"https:\/\/api.w.org\/{rel}","templated":true}]}}