{"id":115125,"date":"2023-08-03T16:52:23","date_gmt":"2023-08-03T19:52:23","guid":{"rendered":"https:\/\/www.blogdopaulonunes.com\/v5\/?p=115125"},"modified":"2023-08-03T16:52:23","modified_gmt":"2023-08-03T19:52:23","slug":"comunicado-da-embasa-3","status":"publish","type":"post","link":"https:\/\/www.blogdopaulonunes.com\/v5\/index.php\/2023\/08\/03\/comunicado-da-embasa-3\/","title":{"rendered":"Comunicado da Embasa"},"content":{"rendered":"<p style=\"text-align: justify;\"><span style=\"color: #ff0000;\"><strong><em>Servi\u00e7o de manuten\u00e7\u00e3o interrompe abastecimento em bairros e localidades rurais de Conquista e em Belo Campo<\/em><\/strong><\/span><\/p>\n<p style=\"font-weight: 400; text-align: justify;\">A Empresa Baiana de \u00c1guas e Saneamento (Embasa) informa que equipes est\u00e3o trabalhando, nesta quinta (03), em manuten\u00e7\u00e3o na adutora de \u00e1gua tratada que atende a regi\u00e3o listada abaixo. O servi\u00e7o est\u00e1 previsto para ser conclu\u00eddo at\u00e9 o final da tarde, quando o abastecimento ser\u00e1 restabelecido de forma gradativa em at\u00e9 48 horas na regi\u00e3o afetada.<\/p>\n<p style=\"text-align: justify;\">Os moradores dos bairros e localidades listadas devem utilizar a \u00e1gua armazenada de forma criteriosa, evitando usos que possam ser adiados e desperd\u00edcios at\u00e9 que o abastecimento esteja normalizado.<\/p>\n<p style=\"text-align: justify;\"><strong>Bairros e localidades rurais afetadas<\/strong>: Conveima 2,\u00a0Campinhos, Jardim Sudoeste, Jardim Copacabana, Jardim Val\u00e9ria, Santa Tereza, Sim\u00e3o, Parque da Flores, Lagoa Azul, Residencial Ac\u00e1cias, Henriqueta Prates, Parque Florestal, Parque das Palmeiras, Vivenda das \u00c1rvores, Vivenda das Espat\u00f3deas, Recanto das \u00c1guas, Laje Grande, Dantil\u00e2ndia, Mandacaru, Batuque, P\u00e9 de Galinha, Lagoa de Jos\u00e9 Lu\u00eds, Campos Vivant, Igu\u00e1, Veredinha e a cidade de Belo Campo<\/p>\n","protected":false},"excerpt":{"rendered":"<p>Servi\u00e7o de manuten\u00e7\u00e3o interrompe abastecimento em bairros e localidades rurais de Conquista e em Belo Campo A Empresa Baiana de \u00c1guas e Saneamento (Embasa) informa que equipes est\u00e3o trabalhando, nesta quinta (03), em manuten\u00e7\u00e3o na adutora de \u00e1gua tratada que atende a regi\u00e3o listada abaixo. O servi\u00e7o est\u00e1 previsto para ser conclu\u00eddo at\u00e9 o final [&hellip;]<\/p>\n","protected":false},"author":2,"featured_media":108900,"comment_status":"open","ping_status":"open","sticky":false,"template":"","format":"standard","meta":[],"categories":[104,105],"tags":[1842,1843,147,1841],"_links":{"self":[{"href":"https:\/\/www.blogdopaulonunes.com\/v5\/index.php\/wp-json\/wp\/v2\/posts\/115125"}],"collection":[{"href":"https:\/\/www.blogdopaulonunes.com\/v5\/index.php\/wp-json\/wp\/v2\/posts"}],"about":[{"href":"https:\/\/www.blogdopaulonunes.com\/v5\/index.php\/wp-json\/wp\/v2\/types\/post"}],"author":[{"embeddable":true,"href":"https:\/\/www.blogdopaulonunes.com\/v5\/index.php\/wp-json\/wp\/v2\/users\/2"}],"replies":[{"embeddable":true,"href":"https:\/\/www.blogdopaulonunes.com\/v5\/index.php\/wp-json\/wp\/v2\/comments?post=115125"}],"version-history":[{"count":1,"href":"https:\/\/www.blogdopaulonunes.com\/v5\/index.php\/wp-json\/wp\/v2\/posts\/115125\/revisions"}],"predecessor-version":[{"id":115126,"href":"https:\/\/www.blogdopaulonunes.com\/v5\/index.php\/wp-json\/wp\/v2\/posts\/115125\/revisions\/115126"}],"wp:featuredmedia":[{"embeddable":true,"href":"https:\/\/www.blogdopaulonunes.com\/v5\/index.php\/wp-json\/wp\/v2\/media\/108900"}],"wp:attachment":[{"href":"https:\/\/www.blogdopaulonunes.com\/v5\/index.php\/wp-json\/wp\/v2\/media?parent=115125"}],"wp:term":[{"taxonomy":"category","embeddable":true,"href":"https:\/\/www.blogdopaulonunes.com\/v5\/index.php\/wp-json\/wp\/v2\/categories?post=115125"},{"taxonomy":"post_tag","embeddable":true,"href":"https:\/\/www.blogdopaulonunes.com\/v5\/index.php\/wp-json\/wp\/v2\/tags?post=115125"}],"curies":[{"name":"wp","href":"https:\/\/api.w.org\/{rel}","templated":true}]}}